{"id":15602,"date":"2007-11-30T08:43:36","date_gmt":"2007-11-30T10:43:36","guid":{"rendered":"https:\/\/www.mpal.mp.br\/?p=15602"},"modified":"2022-08-12T08:44:21","modified_gmt":"2022-08-12T11:44:21","slug":"mp-analisa-denuncia-de-veto-a-criacao-de-animais-nos-apartamentos-do-par","status":"publish","type":"post","link":"https:\/\/www.mpal.mp.br\/?p=15602","title":{"rendered":"MP analisa den\u00fancia de veto \u00e0 cria\u00e7\u00e3o de animais nos apartamentos do PAR"},"content":{"rendered":"<p style=\"text-align: justify;\"><span style=\"font-size: 14pt;\">A Promotoria do Meio Ambiente do Minist\u00e9rio P\u00fablico Estadual realizou hoje audi\u00eancia, na sede da Procuradoria-Geral da Justi\u00e7a, para discutir den\u00fancia de proibi\u00e7\u00e3o da presen\u00e7a de animais dom\u00e9sticos nos condom\u00ednios do Programa de Arrendamento Residencial (PAR). A den\u00fancia foi feita pelo N\u00facleo de Prote\u00e7\u00e3o Ambiental Francisco de Assis (Neafa), com base em reclama\u00e7\u00e3o de moradores do PAR.<\/span><\/p>\n<p style=\"text-align: justify;\"><span style=\"font-size: 14pt;\">A audi\u00eancia foi presidida pela promotora de Justi\u00e7a, Dalva Ten\u00f3rio, coordenadora do N\u00facleo de Meio Ambiente, e contou com a participa\u00e7\u00e3o do promotor de Justi\u00e7a, Alberto Fonseca. Participaram tamb\u00e9m da audi\u00eancia a empres\u00e1ria K\u00e1tia Aline Pinheiro Fontes, propriet\u00e1ria da imobili\u00e1ria Fontes Im\u00f3veis, Jos\u00e9 Alexandre de Macedo Santos, representando a GILIE &#8211; setor da Caixa Econ\u00f4mica Federal respons\u00e1vel pelo PAR.<\/span><\/p>\n<p style=\"text-align: justify;\"><span style=\"font-size: 14pt;\">Ao iniciar a audi\u00eancia, K\u00e1tia Fontes disse que \u00e9 respons\u00e1vel pela administra\u00e7\u00e3o de 25 empreendimentos do PAR em Macei\u00f3 e que n\u00e3o procede a den\u00fancia de proibi\u00e7\u00e3o da posse de animais. \u201cEsta \u00e9 uma decis\u00e3o dos cond\u00f4minos, que em assembl\u00e9ia decidem pela cria\u00e7\u00e3o ou n\u00e3o de animais\u201d, explicou a empres\u00e1ria.<\/span><\/p>\n<p style=\"text-align: justify;\"><span style=\"font-size: 14pt;\">Durante a audi\u00eancia, K\u00e1tia Fontes entregou aos promotores de Justi\u00e7a v\u00e1rios documentos (Ata da Conven\u00e7\u00e3o de Condom\u00ednio do Residencial Ouro Preto, Regimento Interno do PAR) e decis\u00f5es em audi\u00eancia de instru\u00e7\u00e3o a respeito da autoriza\u00e7\u00e3o da cria\u00e7\u00e3o de animais no interior dos apartamentos, para que fossem analisados e acostados aos autos.<\/span><\/p>\n<p style=\"text-align: justify;\"><span style=\"font-size: 14pt;\">Segundo ela, essa documenta\u00e7\u00e3o comprova que nem a administra\u00e7\u00e3o do condom\u00ednio, nem a Caixa Econ\u00f4mica est\u00e3o influindo na decis\u00e3o de moradores. \u201cQuando h\u00e1 uma demanda judicial decidindo pela cria\u00e7\u00e3o de animais, a administra\u00e7\u00e3o n\u00e3o se envolve e faz cumprir a determina\u00e7\u00e3o judicial\u201d, destacou a administradora.<\/span><\/p>\n<p style=\"text-align: justify;\"><span style=\"font-size: 14pt;\">O representante da Caixa, Jos\u00e9 Alexandre, tamb\u00e9m negou a acusa\u00e7\u00e3o feita pelo Neafa. Segundo ele, a decis\u00e3o de permitir ou n\u00e3o a cria\u00e7\u00e3o de aminais dom\u00e9sticos nos apartamentos do PAR fica a cargo dos cond\u00f4minos. \u201cNo caso do PAR, a administra\u00e7\u00e3o \u00e9 feita por uma empresa contratada pela Caixa, por meio de licita\u00e7\u00e3o p\u00fablica\u201d, acrescentou.<\/span><\/p>\n<p style=\"text-align: justify;\"><span style=\"font-size: 14pt;\">Nesse sentido, Jos\u00e9 Alexandre destacou que sempre orienta \u00e0s administradoras a respeitar as decis\u00f5es de assembl\u00e9ia dos arrendat\u00e1rios. Al\u00e9m disso, o representante da Caixa se comprometeu a entregar \u00e0 Promotoria do Meio Ambiente, no prazo de 10 dias, as atas das assembl\u00e9ias deliberando sobre a cria\u00e7\u00e3o de animais.<\/span><\/p>\n<p style=\"text-align: justify;\"><span style=\"font-size: 14pt;\">A promotora de Justi\u00e7a Dalva Ten\u00f3rio disse que quando receber essa documenta\u00e7\u00e3o vai analisar a quest\u00e3o e verificar quais as medidas que poder\u00e3o ser tomadas. Al\u00e9m disso, a promotora de Justi\u00e7a disse que se precisar vai ouvir outras pessoas sobre a den\u00fancia.<\/span><\/p>\n<p style=\"text-align: justify;\"><span style=\"font-size: 14pt;\">De acordo com o promotor de Justi\u00e7a Alberto Fonseca, o MP vai observar se de fato pode ser convencionado a proibi\u00e7\u00e3o da cria\u00e7\u00e3o de animais, ainda que seja feita por meio de uma guarda respons\u00e1vel. Para ele, mesmo que a proibi\u00e7\u00e3o n\u00e3o esteja respaldada nas atas dos condom\u00ednios, a restri\u00e7\u00e3o \u00e0 cria\u00e7\u00e3o de animais pode estar acontecendo na base da press\u00e3o, por parte dos s\u00edndicos ou das administradoras. Por isso, segundo ele, o MP vai continuar atento ao caso.<\/span><\/p>\n<p style=\"text-align: justify;\">\n","protected":false},"excerpt":{"rendered":"<p> [&hellip;]<\/p>\n","protected":false},"author":5,"featured_media":15603,"comment_status":"open","ping_status":"open","sticky":false,"template":"","format":"standard","meta":{"om_disable_all_campaigns":false,"_monsterinsights_skip_tracking":false,"_monsterinsights_sitenote_active":false,"_monsterinsights_sitenote_note":"","_monsterinsights_sitenote_category":0,"_uf_show_specific_survey":0,"_uf_disable_surveys":false,"footnotes":""},"categories":[2],"tags":[],"class_list":["post-15602","post","type-post","status-publish","format-standard","has-post-thumbnail","hentry","category-not_mpal"],"aioseo_notices":[],"_links":{"self":[{"href":"https:\/\/www.mpal.mp.br\/index.php?rest_route=\/wp\/v2\/posts\/15602","targetHints":{"allow":["GET"]}}],"collection":[{"href":"https:\/\/www.mpal.mp.br\/index.php?rest_route=\/wp\/v2\/posts"}],"about":[{"href":"https:\/\/www.mpal.mp.br\/index.php?rest_route=\/wp\/v2\/types\/post"}],"author":[{"embeddable":true,"href":"https:\/\/www.mpal.mp.br\/index.php?rest_route=\/wp\/v2\/users\/5"}],"replies":[{"embeddable":true,"href":"https:\/\/www.mpal.mp.br\/index.php?rest_route=%2Fwp%2Fv2%2Fcomments&post=15602"}],"version-history":[{"count":1,"href":"https:\/\/www.mpal.mp.br\/index.php?rest_route=\/wp\/v2\/posts\/15602\/revisions"}],"predecessor-version":[{"id":15604,"href":"https:\/\/www.mpal.mp.br\/index.php?rest_route=\/wp\/v2\/posts\/15602\/revisions\/15604"}],"wp:featuredmedia":[{"embeddable":true,"href":"https:\/\/www.mpal.mp.br\/index.php?rest_route=\/wp\/v2\/media\/15603"}],"wp:attachment":[{"href":"https:\/\/www.mpal.mp.br\/index.php?rest_route=%2Fwp%2Fv2%2Fmedia&parent=15602"}],"wp:term":[{"taxonomy":"category","embeddable":true,"href":"https:\/\/www.mpal.mp.br\/index.php?rest_route=%2Fwp%2Fv2%2Fcategories&post=15602"},{"taxonomy":"post_tag","embeddable":true,"href":"https:\/\/www.mpal.mp.br\/index.php?rest_route=%2Fwp%2Fv2%2Ftags&post=15602"}],"curies":[{"name":"wp","href":"https:\/\/api.w.org\/{rel}","templated":true}]}}