{"id":15569,"date":"2012-07-18T08:32:06","date_gmt":"2012-07-18T11:32:06","guid":{"rendered":"https:\/\/www.mpal.mp.br\/?p=15569"},"modified":"2022-08-12T08:33:05","modified_gmt":"2022-08-12T11:33:05","slug":"mpe-integra-plano-para-conservar-ave-ameacada-de-extincao-em-alagoas","status":"publish","type":"post","link":"https:\/\/www.mpal.mp.br\/?p=15569","title":{"rendered":"MPE integra plano para conservar ave amea\u00e7ada de extin\u00e7\u00e3o em Alagoas"},"content":{"rendered":"<p class=\"western\" style=\"text-align: justify;\" align=\"JUSTIFY\"><span style=\"font-size: 14pt;\">O Minist\u00e9rio P\u00fablico Estadual e o Instituto de Preserva\u00e7\u00e3o da Mata Atl\u00e2ntica (IPMA) firmaram parceria para desenvolver o Plano de A\u00e7\u00e3o Nacional para a Conserva\u00e7\u00e3o do Mutum-de-Alagoas no estado. Sob a coordena\u00e7\u00e3o do Instituto Chico Mendes de Conserva\u00e7\u00e3o da Biodiversidade (ICMBio), e com os promotores Alberto Fonseca e Humberto Pimentel como especialistas convidados, o projeto deve restituir o p\u00e1ssaro em seu habitat at\u00e9 2015.<\/span><\/p>\n<p class=\"western\" style=\"text-align: justify;\" align=\"JUSTIFY\"><span style=\"font-size: 14pt;\">Os objetivos do plano s\u00e3o assegurar permanentemente a manuten\u00e7\u00e3o das popula\u00e7\u00f5es em cativeiro do Mutum-de-Alagoas (<em>Pauxi mitu<\/em>); promover o aumento tanto do efetivo populacional quanto do n\u00famero de popula\u00e7\u00f5es; al\u00e9m de propiciar a reintrodu\u00e7\u00e3o da esp\u00e9cie nos remanescentes florestais dentro da sua prov\u00e1vel \u00e1rea de distribui\u00e7\u00e3o original. Caber\u00e1 ao MPE desenvolver uma fiscaliza\u00e7\u00e3o preventiva e integrada para manuten\u00e7\u00e3o da seguran\u00e7a do animal no estado.<\/span><\/p>\n<p class=\"western\" style=\"text-align: justify;\" align=\"JUSTIFY\"><span style=\"font-size: 14pt;\">Segundo o presidente do IPMA, Fernando Pinto, o\u00a0<em>Pauxi mitu<\/em>\u00a0\u00e9 a ave mais rara do Brasil. No entanto, por ser uma esp\u00e9cie de grande porte, a maior amea\u00e7a para o animal ainda \u00e9 a ca\u00e7a. \u201cQuando a ave for solta, ser\u00e3o necess\u00e1rias a\u00e7\u00f5es educacionais e coercitivas para preserv\u00e1-la. Nesse sentido, a participa\u00e7\u00e3o do MPE se torna ainda mais importante porque \u00e9 uma institui\u00e7\u00e3o que imp\u00f5e respeito. Al\u00e9m disso, pela ramifica\u00e7\u00e3o do \u00f3rg\u00e3o em todo o estado, o projeto contar\u00e1 com o apoio de cada promotoria municipal\u201d, explica Pinto.<\/span><\/p>\n<p class=\"western\" style=\"text-align: justify;\" align=\"JUSTIFY\"><span style=\"font-size: 14pt;\">O MPE desenvolver\u00e1 trabalhos de conscientiza\u00e7\u00e3o da comunidade residente no entorno das Reservas Particulares do Patrim\u00f4nio Natural onde ser\u00e3o reintroduzidas as aves. O Minist\u00e9rio P\u00fablico combater\u00e1 tamb\u00e9m a supress\u00e3o ilegal de vegeta\u00e7\u00e3o e o tr\u00e1fico de animais silvestres na \u00e1rea de reintrodu\u00e7\u00e3o do mutum.<\/span><\/p>\n<p class=\"western\" style=\"text-align: justify;\" align=\"JUSTIFY\"><span style=\"font-size: 14pt;\">O promotor Alberto Fonseca afirma que, ao participar do plano, o MPE d\u00e1 uma contribui\u00e7\u00e3o efetiva para a recupera\u00e7\u00e3o da biodiversidade em Alagoas. \u201cVamos colaborar com o projeto a partir da fiscaliza\u00e7\u00e3o permanente para combater a ca\u00e7a e o desmatamento nas poss\u00edveis \u00e1reas de preserva\u00e7\u00e3o do mutum em Alagoas\u201d, informa Fonseca, que integra o N\u00facleo de Defesa do Meio Ambiente do Minist\u00e9rio P\u00fablico.<\/span><\/p>\n<p class=\"western\" style=\"text-align: justify;\" align=\"JUSTIFY\"><span style=\"font-size: 14pt;\"><strong>Mutum-de-Alagoas<\/strong><\/span><\/p>\n<p class=\"western\" style=\"text-align: justify;\" align=\"JUSTIFY\"><span style=\"font-size: 14pt;\">O\u00a0<em>Pauxi mitu<\/em>\u00a0\u00e9 uma esp\u00e9cie extinta da regi\u00e3o da Mata Atl\u00e2ntica conhecida como Centro Pernambuco de Endemismo. A esp\u00e9cie sobrevive em cativeiro gra\u00e7as aos esfor\u00e7os de mantenedores e pesquisadores, todos envolvidos com a conserva\u00e7\u00e3o. A popula\u00e7\u00e3o total cativa \u00e9 de 121 indiv\u00edduos, divididos em dois criadouros no estado de Minas Gerais.<\/span><\/p>\n<p class=\"western\" style=\"text-align: justify;\" align=\"JUSTIFY\"><span style=\"font-size: 14pt;\">As matas, onde a esp\u00e9cie ocorria originalmente, encontram-se degradadas, havendo poucos remanescentes com mais de 500 hectares, os quais tamb\u00e9m n\u00e3o se encontram em boas condi\u00e7\u00f5es de prote\u00e7\u00e3o. A esp\u00e9cie permaneceu, por mais de 300 anos, como uma das aves mais raras e enigm\u00e1ticas do planeta.<\/span><\/p>\n<p class=\"western\" style=\"text-align: justify;\" align=\"JUSTIFY\"><span style=\"font-size: 14pt;\">O mutum passou despercebido pelos ornit\u00f3logos e quase desapereceu. Muito pouco se sabe sobre sua distribui\u00e7\u00e3o e os registros fidedignos prov\u00eam apenas do estado de Alagoas, embora seja prov\u00e1vel que possa ter ocorrido tamb\u00e9m em Pernambuco. De acordo com registros hist\u00f3ricos, a \u00e1rea original de incid\u00eancia do mutum em Alagoas engloba seis munic\u00edpios do Pilar, S\u00e3o Miguel dos Campos, Jequi\u00e1 da Praia, Roteiro, Barra de S\u00e3o Miguel e Marechal Deodoro.<\/span><\/p>\n","protected":false},"excerpt":{"rendered":"<p> [&hellip;]<\/p>\n","protected":false},"author":5,"featured_media":15570,"comment_status":"open","ping_status":"open","sticky":false,"template":"","format":"standard","meta":{"om_disable_all_campaigns":false,"_monsterinsights_skip_tracking":false,"_monsterinsights_sitenote_active":false,"_monsterinsights_sitenote_note":"","_monsterinsights_sitenote_category":0,"_uf_show_specific_survey":0,"_uf_disable_surveys":false,"footnotes":""},"categories":[2],"tags":[],"class_list":["post-15569","post","type-post","status-publish","format-standard","has-post-thumbnail","hentry","category-not_mpal"],"aioseo_notices":[],"_links":{"self":[{"href":"https:\/\/www.mpal.mp.br\/index.php?rest_route=\/wp\/v2\/posts\/15569","targetHints":{"allow":["GET"]}}],"collection":[{"href":"https:\/\/www.mpal.mp.br\/index.php?rest_route=\/wp\/v2\/posts"}],"about":[{"href":"https:\/\/www.mpal.mp.br\/index.php?rest_route=\/wp\/v2\/types\/post"}],"author":[{"embeddable":true,"href":"https:\/\/www.mpal.mp.br\/index.php?rest_route=\/wp\/v2\/users\/5"}],"replies":[{"embeddable":true,"href":"https:\/\/www.mpal.mp.br\/index.php?rest_route=%2Fwp%2Fv2%2Fcomments&post=15569"}],"version-history":[{"count":1,"href":"https:\/\/www.mpal.mp.br\/index.php?rest_route=\/wp\/v2\/posts\/15569\/revisions"}],"predecessor-version":[{"id":15572,"href":"https:\/\/www.mpal.mp.br\/index.php?rest_route=\/wp\/v2\/posts\/15569\/revisions\/15572"}],"wp:featuredmedia":[{"embeddable":true,"href":"https:\/\/www.mpal.mp.br\/index.php?rest_route=\/wp\/v2\/media\/15570"}],"wp:attachment":[{"href":"https:\/\/www.mpal.mp.br\/index.php?rest_route=%2Fwp%2Fv2%2Fmedia&parent=15569"}],"wp:term":[{"taxonomy":"category","embeddable":true,"href":"https:\/\/www.mpal.mp.br\/index.php?rest_route=%2Fwp%2Fv2%2Fcategories&post=15569"},{"taxonomy":"post_tag","embeddable":true,"href":"https:\/\/www.mpal.mp.br\/index.php?rest_route=%2Fwp%2Fv2%2Ftags&post=15569"}],"curies":[{"name":"wp","href":"https:\/\/api.w.org\/{rel}","templated":true}]}}