{"id":15473,"date":"2013-04-17T10:44:30","date_gmt":"2013-04-17T13:44:30","guid":{"rendered":"https:\/\/www.mpal.mp.br\/?p=15473"},"modified":"2022-08-10T10:45:08","modified_gmt":"2022-08-10T13:45:08","slug":"mpe-e-sempma-estabelecem-prazo-para-supermercado-se-adequar-a-legislacao-ambiental","status":"publish","type":"post","link":"https:\/\/www.mpal.mp.br\/?p=15473","title":{"rendered":"MPE e SEMPMA estabelecem prazo para supermercado se adequar \u00e0 legisla\u00e7\u00e3o ambiental"},"content":{"rendered":"<p class=\"western\" style=\"text-align: justify;\" align=\"JUSTIFY\"><span style=\"font-size: 14pt;\">Em audi\u00eancia p\u00fablica realizada na manh\u00e3 desta quarta-feira (16), o Minist\u00e9rio P\u00fablico Estadual (MPE), por meio da Promotoria de Justi\u00e7a Coletiva Especializada de Defesa do Meio Ambiente, firmou um Termo de Compromisso de Ajustamento de Conduta (TAC) para que o novo estabelecimento do supermercado Unicompra localizado na Ponta Verde se adeque \u00e0s exig\u00eancias legais. O MPE e a Secretaria Municipal de Prote\u00e7\u00e3o ao Meio Ambiente (SEMPMA) concordaram em suspender a interdi\u00e7\u00e3o do empreendimento pelo prazo de quinze dias, at\u00e9 que as autoridades tenham acesso a um relat\u00f3rio t\u00e9cnico acerca dos impactos ambientais na regi\u00e3o.<\/span><\/p>\n<p class=\"western\" style=\"text-align: justify;\" align=\"JUSTIFY\"><span style=\"font-size: 14pt;\">A SEMPA ir\u00e1 presidir uma nova audi\u00eancia p\u00fablica que ser\u00e1 realizada no dia 23 de abril, \u00e0s 19h, em local a ser definido. Para realiza\u00e7\u00e3o da audi\u00eancia, que discutir\u00e1 com moradores do bairro aspectos ambientais e urban\u00edsticos de funcionamento do supermercado, o Unicompra dever\u00e1 adotar provid\u00eancias para alugar um audit\u00f3rio e promover a divulga\u00e7\u00e3o do encontro atrav\u00e9s de ve\u00edculos de comunica\u00e7\u00e3o. Caber\u00e1 \u00e0 Secretaria e \u00e0 empresa convocar os \u00f3rg\u00e3os da administra\u00e7\u00e3o p\u00fablica interessados na audi\u00eancia.<\/span><\/p>\n<p class=\"western\" style=\"text-align: justify;\" align=\"JUSTIFY\"><span style=\"font-size: 14pt;\">De acordo com o promotor Alberto Fonseca, o Minist\u00e9rio P\u00fablico defendeu que o Unicompra discuta com os moradores da regi\u00e3o sobre altera\u00e7\u00f5es e implementa\u00e7\u00f5es que dever\u00e3o ser realizados para o funcionamento do supermercado. \u201cRecebemos de representantes de condom\u00ednios pr\u00f3ximos ao empreendimento a reclama\u00e7\u00e3o relativa \u00e0 obstru\u00e7\u00e3o de via p\u00fablica em momentos de descarga de mercadorias, da retirada de lixo e mesmo da polui\u00e7\u00e3o sonora provocada pelo supermercado\u201d, disse o promotor.<\/span><\/p>\n<p class=\"western\" style=\"text-align: justify;\" align=\"JUSTIFY\"><span style=\"font-size: 14pt;\">O Unicompra se comprometeu em se reunir com os moradores no dia 20 de abril, \u00e0s 9h, na sede do empreendimento. As defini\u00e7\u00f5es do di\u00e1logo entre as partes dever\u00e3o ser apresentadas ao MPE e \u00e0 SEMPMA no dia da audi\u00eancia p\u00fablica. Caso a empresa descumpra as obriga\u00e7\u00f5es estabelecidas no TAC, receber\u00e1 uma multa di\u00e1ria de R$ 20 mil. O supermercado ter\u00e1 de pagar ao Fundo Municipal de Prote\u00e7\u00e3o Ambiental, a t\u00edtulo de compensa\u00e7\u00e3o aos impactos ambientais provocados pela instaura\u00e7\u00e3o do empreendimento na regi\u00e3o.<\/span><\/p>\n<p class=\"western\" style=\"text-align: justify;\" align=\"JUSTIFY\"><span style=\"font-size: 14pt;\"><strong>Interdi\u00e7\u00e3o<\/strong><\/span><\/p>\n<p class=\"western\" style=\"text-align: justify;\" align=\"JUSTIFY\"><span style=\"font-size: 14pt;\">O Minist\u00e9rio P\u00fablico recomendou \u00e0 SEMPMA a interdi\u00e7\u00e3o do Unicompra devido a falta da licen\u00e7a de opera\u00e7\u00e3o, que deve ser expedida pelo \u00f3rg\u00e3o do governo estadual ap\u00f3s realiza\u00e7\u00e3o de audi\u00eancia p\u00fablica junto \u00e0 Promotoria de Justi\u00e7a Coletiva Especializada de Defesa do Meio Ambiente. H\u00e1 tamb\u00e9m a necessidade da conclus\u00e3o de um relat\u00f3rio que leve em conta os questionamentos ambientais e urban\u00edsticos da levantados na audi\u00eancia, de modo a garantir o ju\u00edzo de viabilidade ambiental pela Secretaria. S\u00f3 ent\u00e3o a SEMPMA poder\u00e1 conceder autoriza\u00e7\u00e3o ambiental para o funcionamento do supermercado.<\/span><\/p>\n<p style=\"text-align: justify;\">\n","protected":false},"excerpt":{"rendered":"<p> [&hellip;]<\/p>\n","protected":false},"author":5,"featured_media":8970,"comment_status":"open","ping_status":"open","sticky":false,"template":"","format":"standard","meta":{"om_disable_all_campaigns":false,"_monsterinsights_skip_tracking":false,"_monsterinsights_sitenote_active":false,"_monsterinsights_sitenote_note":"","_monsterinsights_sitenote_category":0,"_uf_show_specific_survey":0,"_uf_disable_surveys":false,"footnotes":""},"categories":[2],"tags":[],"class_list":["post-15473","post","type-post","status-publish","format-standard","has-post-thumbnail","hentry","category-not_mpal"],"aioseo_notices":[],"_links":{"self":[{"href":"https:\/\/www.mpal.mp.br\/index.php?rest_route=\/wp\/v2\/posts\/15473","targetHints":{"allow":["GET"]}}],"collection":[{"href":"https:\/\/www.mpal.mp.br\/index.php?rest_route=\/wp\/v2\/posts"}],"about":[{"href":"https:\/\/www.mpal.mp.br\/index.php?rest_route=\/wp\/v2\/types\/post"}],"author":[{"embeddable":true,"href":"https:\/\/www.mpal.mp.br\/index.php?rest_route=\/wp\/v2\/users\/5"}],"replies":[{"embeddable":true,"href":"https:\/\/www.mpal.mp.br\/index.php?rest_route=%2Fwp%2Fv2%2Fcomments&post=15473"}],"version-history":[{"count":1,"href":"https:\/\/www.mpal.mp.br\/index.php?rest_route=\/wp\/v2\/posts\/15473\/revisions"}],"predecessor-version":[{"id":15474,"href":"https:\/\/www.mpal.mp.br\/index.php?rest_route=\/wp\/v2\/posts\/15473\/revisions\/15474"}],"wp:featuredmedia":[{"embeddable":true,"href":"https:\/\/www.mpal.mp.br\/index.php?rest_route=\/wp\/v2\/media\/8970"}],"wp:attachment":[{"href":"https:\/\/www.mpal.mp.br\/index.php?rest_route=%2Fwp%2Fv2%2Fmedia&parent=15473"}],"wp:term":[{"taxonomy":"category","embeddable":true,"href":"https:\/\/www.mpal.mp.br\/index.php?rest_route=%2Fwp%2Fv2%2Fcategories&post=15473"},{"taxonomy":"post_tag","embeddable":true,"href":"https:\/\/www.mpal.mp.br\/index.php?rest_route=%2Fwp%2Fv2%2Ftags&post=15473"}],"curies":[{"name":"wp","href":"https:\/\/api.w.org\/{rel}","templated":true}]}}