{"id":15471,"date":"2013-04-23T10:42:53","date_gmt":"2013-04-23T13:42:53","guid":{"rendered":"https:\/\/www.mpal.mp.br\/?p=15471"},"modified":"2022-08-10T10:44:24","modified_gmt":"2022-08-10T13:44:24","slug":"mpe-pede-vistoria-do-ima-e-da-sempma-em-area-de-extracao-da-brisa-verde","status":"publish","type":"post","link":"https:\/\/www.mpal.mp.br\/?p=15471","title":{"rendered":"MPE pede vistoria do IMA e da SEMPMA em \u00e1rea de extra\u00e7\u00e3o da Brisa Verde"},"content":{"rendered":"<p style=\"text-align: justify;\"><span style=\"font-size: 14pt;\">O Minist\u00e9rio P\u00fablico Estadual, por meio da 4\u00aa Promotoria de Justi\u00e7a da Capital, realizou nesta ter\u00e7a-feira (22) uma audi\u00eancia com representantes da empresa Brisa Verde Terraplanagem para debater o embargo da extra\u00e7\u00e3o de barro no distrito de Pescaria, no Litoral Norte. O Instituto do Meio Ambiente (IMA) e a Secretaria Municipal de Prote\u00e7\u00e3o ao Meio Ambiente (SEMPMA) participaram da reuni\u00e3o.<\/span><\/p>\n<p style=\"text-align: justify;\"><span style=\"font-size: 14pt;\">O promotor de Justi\u00e7a Alberto Fonseca requisitou ao IMA que informe, no prazo de 48h, se a Brisa Verde est\u00e1 cumprindo o embargo efetuado no in\u00edcio de abril, ap\u00f3s um oper\u00e1rio morrer soterrado enquanto trabalhava para a empresa. O MPE tamb\u00e9m requisitou uma fiscaliza\u00e7\u00e3o conjunta, a ser realizada pelo IMA e pela SEMPMA, no dia 30 de abril, para saber se a explora\u00e7\u00e3o de min\u00e9rio est\u00e1 de acordo com a legisla\u00e7\u00e3o ambiental vigente e se h\u00e1 agress\u00f5es ao meio ambiente.<\/span><\/p>\n<p style=\"text-align: justify;\"><span style=\"font-size: 14pt;\">\u201cQueremos saber se o respons\u00e1vel pelo empreendimento obteve autoriza\u00e7\u00e3o necess\u00e1ria dos \u00f3rg\u00e3os administrativos competentes de maneira a permitir e tornar legitima a sua interven\u00e7\u00e3o. Em caso positivo, tomaremos nota se houve abuso ou desvio na utiliza\u00e7\u00e3o da autoriza\u00e7\u00e3o. Por fim, os t\u00e9cnicos do IMA e da SEMPMA nos informar\u00e3o sobre a possibilidade de repara\u00e7\u00e3o do dano, ou seja, a restaura\u00e7\u00e3o da situa\u00e7\u00e3o primitiva, de modo total ou parcial\u201d, explicou o promotor.<\/span><\/p>\n<p style=\"text-align: justify;\"><span style=\"font-size: 14pt;\">O Minist\u00e9rio P\u00fablico realizar\u00e1 uma nova audi\u00eancia com os representantes da Brisa Verde e do poder publico no dia 7 de maio, \u00e0s 10h, na sede da Procuradoria Geral de Justi\u00e7a, no bairro do Po\u00e7o.<\/span><\/p>\n","protected":false},"excerpt":{"rendered":"<p> [&hellip;]<\/p>\n","protected":false},"author":5,"featured_media":2857,"comment_status":"open","ping_status":"open","sticky":false,"template":"","format":"standard","meta":{"om_disable_all_campaigns":false,"_monsterinsights_skip_tracking":false,"_monsterinsights_sitenote_active":false,"_monsterinsights_sitenote_note":"","_monsterinsights_sitenote_category":0,"_uf_show_specific_survey":0,"_uf_disable_surveys":false,"footnotes":""},"categories":[2],"tags":[],"class_list":["post-15471","post","type-post","status-publish","format-standard","has-post-thumbnail","hentry","category-not_mpal"],"aioseo_notices":[],"_links":{"self":[{"href":"https:\/\/www.mpal.mp.br\/index.php?rest_route=\/wp\/v2\/posts\/15471","targetHints":{"allow":["GET"]}}],"collection":[{"href":"https:\/\/www.mpal.mp.br\/index.php?rest_route=\/wp\/v2\/posts"}],"about":[{"href":"https:\/\/www.mpal.mp.br\/index.php?rest_route=\/wp\/v2\/types\/post"}],"author":[{"embeddable":true,"href":"https:\/\/www.mpal.mp.br\/index.php?rest_route=\/wp\/v2\/users\/5"}],"replies":[{"embeddable":true,"href":"https:\/\/www.mpal.mp.br\/index.php?rest_route=%2Fwp%2Fv2%2Fcomments&post=15471"}],"version-history":[{"count":1,"href":"https:\/\/www.mpal.mp.br\/index.php?rest_route=\/wp\/v2\/posts\/15471\/revisions"}],"predecessor-version":[{"id":15472,"href":"https:\/\/www.mpal.mp.br\/index.php?rest_route=\/wp\/v2\/posts\/15471\/revisions\/15472"}],"wp:featuredmedia":[{"embeddable":true,"href":"https:\/\/www.mpal.mp.br\/index.php?rest_route=\/wp\/v2\/media\/2857"}],"wp:attachment":[{"href":"https:\/\/www.mpal.mp.br\/index.php?rest_route=%2Fwp%2Fv2%2Fmedia&parent=15471"}],"wp:term":[{"taxonomy":"category","embeddable":true,"href":"https:\/\/www.mpal.mp.br\/index.php?rest_route=%2Fwp%2Fv2%2Fcategories&post=15471"},{"taxonomy":"post_tag","embeddable":true,"href":"https:\/\/www.mpal.mp.br\/index.php?rest_route=%2Fwp%2Fv2%2Ftags&post=15471"}],"curies":[{"name":"wp","href":"https:\/\/api.w.org\/{rel}","templated":true}]}}