{"id":15467,"date":"2013-05-03T10:40:52","date_gmt":"2013-05-03T13:40:52","guid":{"rendered":"https:\/\/www.mpal.mp.br\/?p=15467"},"modified":"2022-08-10T10:41:37","modified_gmt":"2022-08-10T13:41:37","slug":"eletrobras-al-se-compromete-com-mpe-a-realizar-limpeza-de-terreno","status":"publish","type":"post","link":"https:\/\/www.mpal.mp.br\/?p=15467","title":{"rendered":"Eletrobras\/AL se compromete com MPE a realizar limpeza de terreno"},"content":{"rendered":"<p style=\"text-align: justify;\" align=\"JUSTIFY\"><span style=\"font-size: 14pt;\">A Eletrobras Distribui\u00e7\u00e3o Alagoas se comprometeu, nesta sexta-feira (3), com o Minist\u00e9rio P\u00fablico Estadual (MPE), a realizar limpeza do terreno localizado na Rua Campos Teixeira, no bairro da Ponta Verde, que foi alvo de reclama\u00e7\u00f5es de moradores por gerar ac\u00famulo de lixo e entulho. No dia 13 de maio, ser\u00e1 realizada uma nova audi\u00eancia para a distribuidora assinar um Termo de Ajustamento de Conduta (TAC) que acorda a manuten\u00e7\u00e3o peri\u00f3dica do im\u00f3vel.<\/span><\/p>\n<p style=\"text-align: justify;\" align=\"JUSTIFY\"><span style=\"font-size: 14pt;\">Al\u00e9m da limpeza, a distribuidora ir\u00e1 concertar o muro do terreno e adquirir novos port\u00f5es para evitar o acesso ao interior do im\u00f3vel. Segundo a Eletrobras\/AL, o terreno \u00e9 alvo da pr\u00f3pria popula\u00e7\u00e3o do bairro, que danifica e polui o im\u00f3vel. Em abril, a Promotoria de Justi\u00e7a de Defesa do Meio Ambiente da Capital instaurou um inqu\u00e9rito civil p\u00fablico contra a distribuidora devido aos riscos que o im\u00f3vel abandonado gera \u00e0 popula\u00e7\u00e3o.<\/span><\/p>\n<p style=\"text-align: justify;\" align=\"JUSTIFY\"><span style=\"font-size: 14pt;\">Na audi\u00eancia, O promotor de Justi\u00e7a Alberto Fonseca cobrou uma maior fiscaliza\u00e7\u00e3o da empresa sobre o terreno. \u201cA Eletrobras\/AL deve se comprometer a manter o terreno capinado e em perfeito estado de limpeza, bem como mant\u00ea-lo murado e exercer fiscaliza\u00e7\u00e3o diuturna, evitando que o terreno se torne um dep\u00f3sito irregular de lixo \u00e0 c\u00e9u aberto\u201d, disse o promotor.<\/span><\/p>\n<p style=\"text-align: justify;\" align=\"JUSTIFY\"><span style=\"font-size: 14pt;\">Participaram da reuni\u00e3o a Superintend\u00eancia de Limpeza Urbana de Macei\u00f3 (SLUM), Superintend\u00eancia Municipal de Controle do Conv\u00edvio Urbano (SMCCU) e a Secretaria Municipal de Prote\u00e7\u00e3o ao Meio Ambiente(SEMPMA) .<\/span><\/p>\n","protected":false},"excerpt":{"rendered":"<p> [&hellip;]<\/p>\n","protected":false},"author":5,"featured_media":15149,"comment_status":"open","ping_status":"open","sticky":false,"template":"","format":"standard","meta":{"om_disable_all_campaigns":false,"_monsterinsights_skip_tracking":false,"_monsterinsights_sitenote_active":false,"_monsterinsights_sitenote_note":"","_monsterinsights_sitenote_category":0,"_uf_show_specific_survey":0,"_uf_disable_surveys":false,"footnotes":""},"categories":[2],"tags":[],"class_list":["post-15467","post","type-post","status-publish","format-standard","has-post-thumbnail","hentry","category-not_mpal"],"aioseo_notices":[],"_links":{"self":[{"href":"https:\/\/www.mpal.mp.br\/index.php?rest_route=\/wp\/v2\/posts\/15467","targetHints":{"allow":["GET"]}}],"collection":[{"href":"https:\/\/www.mpal.mp.br\/index.php?rest_route=\/wp\/v2\/posts"}],"about":[{"href":"https:\/\/www.mpal.mp.br\/index.php?rest_route=\/wp\/v2\/types\/post"}],"author":[{"embeddable":true,"href":"https:\/\/www.mpal.mp.br\/index.php?rest_route=\/wp\/v2\/users\/5"}],"replies":[{"embeddable":true,"href":"https:\/\/www.mpal.mp.br\/index.php?rest_route=%2Fwp%2Fv2%2Fcomments&post=15467"}],"version-history":[{"count":1,"href":"https:\/\/www.mpal.mp.br\/index.php?rest_route=\/wp\/v2\/posts\/15467\/revisions"}],"predecessor-version":[{"id":15468,"href":"https:\/\/www.mpal.mp.br\/index.php?rest_route=\/wp\/v2\/posts\/15467\/revisions\/15468"}],"wp:featuredmedia":[{"embeddable":true,"href":"https:\/\/www.mpal.mp.br\/index.php?rest_route=\/wp\/v2\/media\/15149"}],"wp:attachment":[{"href":"https:\/\/www.mpal.mp.br\/index.php?rest_route=%2Fwp%2Fv2%2Fmedia&parent=15467"}],"wp:term":[{"taxonomy":"category","embeddable":true,"href":"https:\/\/www.mpal.mp.br\/index.php?rest_route=%2Fwp%2Fv2%2Fcategories&post=15467"},{"taxonomy":"post_tag","embeddable":true,"href":"https:\/\/www.mpal.mp.br\/index.php?rest_route=%2Fwp%2Fv2%2Ftags&post=15467"}],"curies":[{"name":"wp","href":"https:\/\/api.w.org\/{rel}","templated":true}]}}