{"id":15453,"date":"2018-06-01T10:30:34","date_gmt":"2018-06-01T13:30:34","guid":{"rendered":"https:\/\/www.mpal.mp.br\/?p=15453"},"modified":"2024-08-06T13:50:29","modified_gmt":"2024-08-06T16:50:29","slug":"ministerio-publico-de-alagoas-empossa-15-novos-promotores-de-justica-membros-atuarao-em-todas-as-regioes-do-estado","status":"publish","type":"post","link":"https:\/\/www.mpal.mp.br\/?p=15453","title":{"rendered":"Minist\u00e9rio P\u00fablico de Alagoas empossa 15 novos promotores de justi\u00e7a; membros atuar\u00e3o em todas as regi\u00f5es do estado"},"content":{"rendered":"<p style=\"text-align: justify;\"><span style=\"font-size: 14pt;\">\u201cPrometo bem cumprir as fun\u00e7\u00f5es do cargo de promotor de justi\u00e7a titular, servindo honestamente ao Minist\u00e9rio P\u00fablico do Estado de Alagoas, observando lealmente a Constitui\u00e7\u00e3o da Rep\u00fablica e as leis em vigor\u201d. Foi sob esse juramento que os 15 novos promotores de justi\u00e7a tomaram posse em seus cargos, nesta sexta-feira (1), numa solenidade que ocorreu no pr\u00e9dio do Centro de Apoio Operacional \u00e0s Promotorias de Justi\u00e7a (Caop). Os rec\u00e9m-empossados ter\u00e3o assento em promotorias espalhadas por todas as regi\u00f5es do estado, o que permitir\u00e1 que, pela 1\u00aa vez na hist\u00f3ria da institui\u00e7\u00e3o, haja a presen\u00e7a de um membro do \u00f3rg\u00e3o ministerial em cada cidade alagoana. A cerim\u00f4nia festiva ocorrer\u00e1 no pr\u00f3ximo dia 22.<\/span><\/p>\n<p style=\"text-align: justify;\"><span style=\"font-size: 14pt;\">Foi o Col\u00e9gio de Procuradores de Justi\u00e7a que deu posse aos novos promotores que, a partir do dia 22 deste m\u00eas, v\u00e3o trabalhar em 15 cidades espalhadas por todo o estado. Por ordem de classifica\u00e7\u00e3o, foram empossados Ary Lages Filho, Thiago Riff Narciso, Marcus Vinicius Batista Rodrigues Junior, Ricardo de Souza Lib\u00f3rio, Ariadne Dantas Meneses, Leonardo Novaes Bastos, Lucas Mascarenhas de Cerqueira Menezes, Isaac de Medeiros Santos, Kleytionne Pereira Sousa, Lucas Schitini de Souza, Alex Almeida Silva, Paulo Victor Sousa Zacarias, S\u00e9rgio Ricardo Vieira Leite, D\u00eanis Guimar\u00e3es de Oliveira e Jheise de F\u00e1tima Lima da Gama. Eles v\u00e3o assumir, respectivamente, as promotorias de justi\u00e7a de Passo de Camaragibe, Pia\u00e7abu\u00e7u, Batalha, Traipu, Mata Grande,\u00a0Matriz de Camaragibe, Feira Grande, Olho d\u2019\u00c1gua das Flores, Anadia, Limoeiro de Anadia, Piranhas, Marechal Deodoro, Palmeira dos \u00cdndios, Santana do Ipanema e Uni\u00e3o dos Palmares.<\/span><\/p>\n<p style=\"text-align: justify;\"><span style=\"font-size: 14pt;\">Todos eles receberam as boas-vindas do procurador-geral de justi\u00e7a, Alfredo Gaspar de Mendon\u00e7a Neto, que chamou aten\u00e7\u00e3o para o fato de que, com a chegada dos 15 novos promotores, o Minist\u00e9rio P\u00fablico de Alagoas alcan\u00e7a o n\u00famero de 180 membros, ocupando, a partir de agora, todas as promotorias existentes nos 102 munic\u00edpios. \u201cDepois de 30 anos, o Minist\u00e9rio P\u00fablico tem o seu quadro de membros totalmente preenchido, o que trar\u00e1 resultados extraordin\u00e1rios para a popula\u00e7\u00e3o, pois cada novo nomeado agir\u00e1 com dedica\u00e7\u00e3o para ser agente de transforma\u00e7\u00e3o social. Quero que todos voc\u00ea se sintam integrantes dessa fam\u00edlia que \u00e9 o MP de Alagoas. Tenham muito sucesso nessa jornada que ora come\u00e7a e que Deus os conduza sempre no caminho da promo\u00e7\u00e3o da justi\u00e7a por onde passarem\u201d, declarou o chefe do MPE\/AL.<\/span><\/p>\n<p style=\"text-align: justify;\"><span style=\"font-size: 14pt;\">Quero aproveitar este momento tamb\u00e9m para externar minha gratid\u00e3o ao Col\u00e9gio de Procuradores de Justi\u00e7a, \u00e0 Associa\u00e7\u00e3o do Minist\u00e9rio P\u00fablico e aos procuradores de justi\u00e7a M\u00e1rcio Roberto Ten\u00f3rio de Albuquerque e S\u00e9rgio Juc\u00e1, que me ajudam a administrar a Procuradoria-Geral de Justi\u00e7a. Fa\u00e7o, ainda, um agradecimento ao governador por disponibilizar os meios \u00e0 suplementa\u00e7\u00e3o do or\u00e7amento do Minist\u00e9rio P\u00fablico, o que nos permitiu a nomea\u00e7\u00e3o dos 15 aprovados, ao presidente da Assembleia Legislativa por se empenhar pessoalmente na aprova\u00e7\u00e3o da mat\u00e9ria, e ao presidente do Tribunal de Justi\u00e7a e ao desembargador Domingos Neto pelo esfor\u00e7o em superar os obst\u00e1culos advindos de \u00faltima hora\u201d, acrescentou Alfredo Gaspar.<\/span><\/p>\n<p style=\"text-align: justify;\"><span style=\"font-size: 14pt;\"><strong>A recep\u00e7\u00e3o do Col\u00e9gio e da Ampal aos novos membros<\/strong><\/span><\/p>\n<p style=\"text-align: justify;\"><span style=\"font-size: 14pt;\">O subprocurador-geral administrativo-institucional, M\u00e1rcio Roberto Ten\u00f3rio de Albuquerque, tamb\u00e9m recepcionou os novos membros. \u201c\u00c9 um orgulho para n\u00f3s estarmos recebendo todos voc\u00eas, que chegam \u00e0 institui\u00e7\u00e3o com o ideal de ajudar a melhorar a vida das pessoas da nossa terra. Sei que partir\u00e3o para suas promotorias com o desejo de levar cidadania \u00e0 popula\u00e7\u00e3o. Quero dizer tamb\u00e9m que tenho muito orgulho de fazer parte dessa gest\u00e3o que lutou tanto para realizar esse sonho coletivo. \u00c9 uma administra\u00e7\u00e3o que tem o marco da pr\u00f3-atividade e que persevera naquilo que acredita\u201d, disse ele.<\/span><\/p>\n<p style=\"text-align: justify;\"><span style=\"font-size: 14pt;\">O procurador de justi\u00e7a M\u00e1rcio Ten\u00f3rio foi seguido em seu discurso pelo subprocurador-geral judicial, S\u00e9rgio Juc\u00e1, \u201cO 1\u00b0 de junho de 2018 ser\u00e1, tanto para voc\u00eas quanto para n\u00f3s, um dia inesquec\u00edvel, que jamais se apartar\u00e1 da hist\u00f3ria do MP alagoano. Foi uma verdadeira odisseia prover novos cargos de promotor em face de um or\u00e7amento t\u00e3o apertado, por isso, esta data \u00e9 para celebrarmos com muito entusiasmo. Encerro minha fala dizendo que ser promotor de justi\u00e7a \u00e9 uma miss\u00e3o que nos enobrece e, especialmente por este motivo, desejo que se juntem a n\u00f3s com o objetivo de perseguir a distribui\u00e7\u00e3o da justi\u00e7a em Alagoas\u201d, afirmou.<\/span><\/p>\n<p style=\"text-align: justify;\"><span style=\"font-size: 14pt;\">O corregedor-geral do MPE\/AL, Lean Ara\u00fajo, tamb\u00e9m fez uso da palavra. \u201cVoc\u00eas chegam a Alagoas na fase em que o nosso Minist\u00e9rio P\u00fablico, devido ao comprometimento das suas gest\u00f5es sucessivas, ocupa o patamar de institui\u00e7\u00e3o com maior transpar\u00eancia e responsabilidade fiscal. Estamos dano exemplo de como administrar com sucesso e efici\u00eancia, e a posse de cada um aqui \u00e9 uma prova concreta disso. Que todos possam trabalhar para melhorar a realidade de Alagoas em todas as \u00e1reas, a exemplo de sa\u00fade, educa\u00e7\u00e3o e meio ambiente\u201d, explicou o procurador.<\/span><\/p>\n<p style=\"text-align: justify;\"><span style=\"font-size: 14pt;\">O ouvidor-geral do Minist\u00e9rio P\u00fablico, Valter Acioly, justificou a aus\u00eancia da procuradora de justi\u00e7a Denise Guimar\u00e3es, m\u00e3e do empossado Denis Guimar\u00e3es. \u201cEla n\u00e3o est\u00e1 aqui por um motivo pessoal importante, mas a aus\u00eancia \u00e9 apenas f\u00edsica. Em cora\u00e7\u00e3o e pensamento, sua presen\u00e7a est\u00e1 entre n\u00f3s. E como integrante deste Col\u00e9gio, desejo-lhes sorte di\u00e1ria e uma carreira promissora e de sucesso\u201d, declarou ele.<\/span><\/p>\n<p style=\"text-align: justify;\"><span style=\"font-size: 14pt;\">\u201cEu me lembro com clareza que faz 43 anos que me submeti as provas para ingressar nessa institui\u00e7\u00e3o que tanto me orgulha. \u00c0quela \u00e9poca, o Minist\u00e9rio P\u00fablico era mais conhecido pela sua atua\u00e7\u00e3o na \u00e1rea penal. Com o advento da Constitui\u00e7\u00e3o de 1988, ressurgiu um outro MP, que chegou com a miss\u00e3o de defender interesses difusos e coletivos, de proteger a sociedade. Saibam que voc\u00eas ser\u00e3o cobrados para assegurar esses direitos, mas tenho certeza que a atua\u00e7\u00e3o firme de cada vai atender aos anseios da sociedade. Sejam corteses, mas sem perder a firmeza. Recebam a todos, por\u00e9m n\u00e3o adotem ideologias. N\u00e3o sejam vaidosos, nem tampouco subservientes. E n\u00e3o se apressem em seus atos, entretanto, cuidado com a lentid\u00e3o. Mantenham-se sempre atualizados e, acima e tudo, com um olhar humano \u00e0s pessoas\u201d, discursou o procurador de justi\u00e7a Geraldo Magela.<\/span><\/p>\n<p style=\"text-align: justify;\"><span style=\"font-size: 14pt;\">\u201cVoc\u00eas est\u00e3o aqui porque os des\u00edgnios de Deus s\u00e3o impenetr\u00e1veis. A demora da nomea\u00e7\u00e3o foi para que valorizassem mais essa nova miss\u00e3o. Ser promotor de justi\u00e7a \u00e9 n\u00e3o ter medo de agir e os senhores ser\u00e3o o elo que est\u00e1vamos precisando para completar a nossa institui\u00e7\u00e3o\u201d, afirmou o procurador de justi\u00e7a\u00a0Dilmar Camerino.<\/span><\/p>\n<p style=\"text-align: justify;\"><span style=\"font-size: 14pt;\">E a Associa\u00e7\u00e3o do Minist\u00e9rio P\u00fablico de Alagas (Ampal) tamb\u00e9m prestigiou a posse dos novos membros. \u201cEu pude acompanhar de perto a batalha que se deu at\u00e9 a chegada deste dia. Por isso, tenho certeza que voc\u00eas n\u00e3o est\u00e3o aqui por acaso. Espero que retribuam esses esfor\u00e7os por meio do desejo de ajudar e de lutar em favor de uma sociedade muitas vezes injusti\u00e7ada, fragilizada. Alagoas precisa de voc\u00eas. A Ampal os recebe de bra\u00e7os abertos e deseja a cada um o m\u00e1ximo sucesso\u201d, afirmou Fl\u00e1vio Gomes da Costa, presidente da entidade.<\/span><\/p>\n<p style=\"text-align: justify;\"><span style=\"font-size: 14pt;\">E os novos promotores foram representados por Ary Lages Filho. \u201cTemos total ci\u00eancia da responsabilidade do cargo. Sabemos o quanto a sociedade espera de uma institui\u00e7\u00e3o como o Minist\u00e9rio P\u00fablico e asseguramos que todos n\u00f3s vamos nos esfor\u00e7ar ao m\u00e1ximo para elevar cada vez mais o nome da institui\u00e7\u00e3o\u201d, garantiu o titular da Promotoria de Justi\u00e7a de Passo de Camaragibe.<\/span><\/p>\n<p style=\"text-align: justify;\"><span style=\"font-size: 14pt;\">Os procuradores de justi\u00e7a Ant\u00f4nio Arecippo de Barros Neto, Luiz Barbosa e Jos\u00e9 Auto Monteiro Guimar\u00e3es (aposentado) e os promotores Jos\u00e9 Ant\u00f4nio Malta Marques &#8211; coordenador do Caop -, Humberto Pimentel Carna\u00faba, Luiz Vasconcelos, Wesley Fernandes e Ary de Medeiros Lages (aposentado) tamb\u00e9m participaram da posse solene, al\u00e9m de todos os diretores da \u00e1rea meio do MPE\/AL. Mas essa n\u00e3o \u00e9 a \u00fanica cerim\u00f4nia de posse. A festiva, com as presen\u00e7as de autoridades e familiares e amigos dos novos promotores est\u00e1 marcada para o pr\u00f3ximo dia 22, no Centro de Conven\u00e7\u00f5es de Macei\u00f3.<\/span><\/p>\n","protected":false},"excerpt":{"rendered":"<p> [&hellip;]<\/p>\n","protected":false},"author":4,"featured_media":15454,"comment_status":"closed","ping_status":"closed","sticky":false,"template":"","format":"standard","meta":{"om_disable_all_campaigns":false,"_monsterinsights_skip_tracking":false,"_monsterinsights_sitenote_active":false,"_monsterinsights_sitenote_note":"","_monsterinsights_sitenote_category":0,"_uf_show_specific_survey":0,"_uf_disable_surveys":false,"footnotes":""},"categories":[18,2],"tags":[],"class_list":["post-15453","post","type-post","status-publish","format-standard","has-post-thumbnail","hentry","category-not_concursos","category-not_mpal"],"aioseo_notices":[],"_links":{"self":[{"href":"https:\/\/www.mpal.mp.br\/index.php?rest_route=\/wp\/v2\/posts\/15453","targetHints":{"allow":["GET"]}}],"collection":[{"href":"https:\/\/www.mpal.mp.br\/index.php?rest_route=\/wp\/v2\/posts"}],"about":[{"href":"https:\/\/www.mpal.mp.br\/index.php?rest_route=\/wp\/v2\/types\/post"}],"author":[{"embeddable":true,"href":"https:\/\/www.mpal.mp.br\/index.php?rest_route=\/wp\/v2\/users\/4"}],"replies":[{"embeddable":true,"href":"https:\/\/www.mpal.mp.br\/index.php?rest_route=%2Fwp%2Fv2%2Fcomments&post=15453"}],"version-history":[{"count":1,"href":"https:\/\/www.mpal.mp.br\/index.php?rest_route=\/wp\/v2\/posts\/15453\/revisions"}],"predecessor-version":[{"id":15455,"href":"https:\/\/www.mpal.mp.br\/index.php?rest_route=\/wp\/v2\/posts\/15453\/revisions\/15455"}],"wp:featuredmedia":[{"embeddable":true,"href":"https:\/\/www.mpal.mp.br\/index.php?rest_route=\/wp\/v2\/media\/15454"}],"wp:attachment":[{"href":"https:\/\/www.mpal.mp.br\/index.php?rest_route=%2Fwp%2Fv2%2Fmedia&parent=15453"}],"wp:term":[{"taxonomy":"category","embeddable":true,"href":"https:\/\/www.mpal.mp.br\/index.php?rest_route=%2Fwp%2Fv2%2Fcategories&post=15453"},{"taxonomy":"post_tag","embeddable":true,"href":"https:\/\/www.mpal.mp.br\/index.php?rest_route=%2Fwp%2Fv2%2Ftags&post=15453"}],"curies":[{"name":"wp","href":"https:\/\/api.w.org\/{rel}","templated":true}]}}