{"id":15446,"date":"2013-06-21T10:08:06","date_gmt":"2013-06-21T13:08:06","guid":{"rendered":"https:\/\/www.mpal.mp.br\/?p=15446"},"modified":"2022-08-10T10:09:15","modified_gmt":"2022-08-10T13:09:15","slug":"promotoria-de-defesa-do-meio-ambiente-define-medidas-de-controle-de-zoonoses","status":"publish","type":"post","link":"https:\/\/www.mpal.mp.br\/?p=15446","title":{"rendered":"Promotoria de Defesa do Meio Ambiente define medidas de controle de zoonoses"},"content":{"rendered":"<p style=\"text-align: justify;\"><span style=\"font-size: 14pt;\">O Minist\u00e9rio P\u00fablico do Estado de Alagoas, por meio da Promotoria de Defesa do Meio Ambiente da Capital, reuniu na manh\u00e3 desta ter\u00e7a-feira (20) o Centro de Controle de Zoonoses (CCZ) e a Comiss\u00e3o de Meio Ambiente e Bem Estar da OAB\/AL e Secretaria Municipal de Sa\u00fade para definir medidas de prote\u00e7\u00e3o aos animais e combate \u00e0 prolifera\u00e7\u00e3o de zoonoses. O Termo de Ajustamento de Conduta que garante as medidas das entidades de prote\u00e7\u00e3o ao animal ser\u00e1 assinado no dia 5 de agosto, \u00e0s 12h, na sede do CCZ de Macei\u00f3, na Cidade Universit\u00e1ria.<\/span><\/p>\n<p style=\"text-align: justify;\"><span style=\"font-size: 14pt;\">O promotor Alberto Fonseca e o secret\u00e1rio Jo\u00e3o Marcelo Lyra comandaram a reuni\u00e3o que determinou o fim das mortes de animais sadios, permitindo apenas a eutan\u00e1sia nos casos autorizados pelo Conselho Federal de Medicina Veterin\u00e1ria. As entidades se comprometeram a construir um canil, gatil e baias em local acess\u00edvel \u00e0 popula\u00e7\u00e3o para abrigar animais sadios destinados \u00e0 ado\u00e7\u00e3o. Os animais devem ser mantidos em boas condi\u00e7\u00f5es de sa\u00fade e higiene. Antes de formalizar a ado\u00e7\u00e3o, ser\u00e1 necess\u00e1rio garantir ao animal a esteriliza\u00e7\u00e3o, a vacina\u00e7\u00e3o contra a raiva, a identifica\u00e7\u00e3o e o registro do animal, mediante inser\u00e7\u00e3o subcut\u00e2nea de microchips<\/span><\/p>\n<p style=\"text-align: justify;\"><span style=\"font-size: 14pt;\">Caber\u00e1 \u00e0s autoridades respons\u00e1veis promover o controle de natalidade da popula\u00e7\u00e3o felina e canina do Munic\u00edpio de Macei\u00f3, conforme informe t\u00e9cnico da Organiza\u00e7\u00e3o Mundial de Sa\u00fade (OMS), com Centro Cir\u00fargico implantado e adequado a atender a demanda de cirurgias de esteriliza\u00e7\u00e3o no CCZ ou no canil gatil a ser criado, considerado servi\u00e7o essencial de preven\u00e7\u00e3o \u00e0 sa\u00fade p\u00fablica.<\/span><\/p>\n<p style=\"text-align: justify;\"><span style=\"font-size: 14pt;\">As entidades ter\u00e3o ainda de manter de forma permanente e adequada, instrumentos, equipamentos e instala\u00e7\u00f5es necess\u00e1rios \u00e0s cirurgias e aos demais servi\u00e7os rde atendimento aos animais e controle de zoonoses, bem como os estoques de vacinas, medicamentos, inclusive anest\u00e9sicos, e materiais necess\u00e1rios \u00e0s suas atividades.<\/span><\/p>\n<p style=\"text-align: justify;\"><span style=\"font-size: 14pt;\"><strong>Conscientiza\u00e7\u00e3o<\/strong><\/span><\/p>\n<p style=\"text-align: justify;\"><span style=\"font-size: 14pt;\">A Secretaria Municipal de Sa\u00fade dever\u00e1 inserir no Programa de Educa\u00e7\u00e3o Continuada a conscientiza\u00e7\u00e3o da popula\u00e7\u00e3o sobre o tema da guarda respons\u00e1vel de animais dom\u00e9sticos, podendo para tanto celebrar parcerias com entidades de prote\u00e7\u00e3o animal e outras organiza\u00e7\u00f5es governamentais e n\u00e3o-governamentais. O objetivo \u00e9 facilitar a divulga\u00e7\u00e3o do tema da guarda nas escolas p\u00fablicas e privadas, unidades de sa\u00fade e veterin\u00e1rios.<\/span><\/p>\n<p style=\"text-align: justify;\"><span style=\"font-size: 14pt;\">O material educativo conter\u00e1 orienta\u00e7\u00f5es sobre a responsabilidade do propriet\u00e1rio em rela\u00e7\u00e3o aos animais, a import\u00e2ncia da vacina\u00e7\u00e3o e vermifuga\u00e7\u00e3o, zoonoses, cuidados e formas de lidar com o animal, problemas decorrentes do n\u00famero de animais dom\u00e9sticos e import\u00e2ncia do controle da natalidade via esteriliza\u00e7\u00e3o.<\/span><\/p>\n<p style=\"text-align: justify;\"><span style=\"font-size: 14pt;\">Sempre que for poss\u00edvel identifica\u00e7\u00e3o do(s) autor(es) de maus-tratos que cheguem ao CCZ, dever\u00e1 realizar a devida comunica\u00e7\u00e3o \u00e0 autoridade policial competente, fornecendo a qualifica\u00e7\u00e3o do autor do fato e endere\u00e7o, para que possam ser adotadas as medidas criminais cab\u00edveis. O Centro de Controle de Zoonose somente ter\u00e1 permiss\u00e3o de liberar animais para pesquisas ou estudos mediante a devida comprova\u00e7\u00e3o da aprova\u00e7\u00e3o pela Comiss\u00e3o de \u00c9tica de Utiliza\u00e7\u00e3o de Animais competente.<\/span><\/p>\n","protected":false},"excerpt":{"rendered":"<p> [&hellip;]<\/p>\n","protected":false},"author":5,"featured_media":15149,"comment_status":"open","ping_status":"open","sticky":false,"template":"","format":"standard","meta":{"om_disable_all_campaigns":false,"_monsterinsights_skip_tracking":false,"_monsterinsights_sitenote_active":false,"_monsterinsights_sitenote_note":"","_monsterinsights_sitenote_category":0,"_uf_show_specific_survey":0,"_uf_disable_surveys":false,"footnotes":""},"categories":[2],"tags":[],"class_list":["post-15446","post","type-post","status-publish","format-standard","has-post-thumbnail","hentry","category-not_mpal"],"aioseo_notices":[],"_links":{"self":[{"href":"https:\/\/www.mpal.mp.br\/index.php?rest_route=\/wp\/v2\/posts\/15446","targetHints":{"allow":["GET"]}}],"collection":[{"href":"https:\/\/www.mpal.mp.br\/index.php?rest_route=\/wp\/v2\/posts"}],"about":[{"href":"https:\/\/www.mpal.mp.br\/index.php?rest_route=\/wp\/v2\/types\/post"}],"author":[{"embeddable":true,"href":"https:\/\/www.mpal.mp.br\/index.php?rest_route=\/wp\/v2\/users\/5"}],"replies":[{"embeddable":true,"href":"https:\/\/www.mpal.mp.br\/index.php?rest_route=%2Fwp%2Fv2%2Fcomments&post=15446"}],"version-history":[{"count":1,"href":"https:\/\/www.mpal.mp.br\/index.php?rest_route=\/wp\/v2\/posts\/15446\/revisions"}],"predecessor-version":[{"id":15447,"href":"https:\/\/www.mpal.mp.br\/index.php?rest_route=\/wp\/v2\/posts\/15446\/revisions\/15447"}],"wp:featuredmedia":[{"embeddable":true,"href":"https:\/\/www.mpal.mp.br\/index.php?rest_route=\/wp\/v2\/media\/15149"}],"wp:attachment":[{"href":"https:\/\/www.mpal.mp.br\/index.php?rest_route=%2Fwp%2Fv2%2Fmedia&parent=15446"}],"wp:term":[{"taxonomy":"category","embeddable":true,"href":"https:\/\/www.mpal.mp.br\/index.php?rest_route=%2Fwp%2Fv2%2Fcategories&post=15446"},{"taxonomy":"post_tag","embeddable":true,"href":"https:\/\/www.mpal.mp.br\/index.php?rest_route=%2Fwp%2Fv2%2Ftags&post=15446"}],"curies":[{"name":"wp","href":"https:\/\/api.w.org\/{rel}","templated":true}]}}