{"id":15434,"date":"2013-06-21T09:53:21","date_gmt":"2013-06-21T12:53:21","guid":{"rendered":"https:\/\/www.mpal.mp.br\/?p=15434"},"modified":"2022-08-10T09:54:22","modified_gmt":"2022-08-10T12:54:22","slug":"mp-al-facilita-criacao-de-codigo-ambiental-em-sao-luis-do-quitunde","status":"publish","type":"post","link":"https:\/\/www.mpal.mp.br\/?p=15434","title":{"rendered":"MP\/AL facilita cria\u00e7\u00e3o de c\u00f3digo ambiental em S\u00e3o Lu\u00eds do Quitunde"},"content":{"rendered":"<p style=\"text-align: justify;\"><span style=\"font-size: 14pt;\">A instrumentaliza\u00e7\u00e3o da gest\u00e3o ambiental no Munic\u00edpio de S\u00e3o Lu\u00eds do Quitunde foi tema do encontro realizado na manh\u00e3 desta sexta-feira (21) na sede do Minist\u00e9rio P\u00fablico do Estado de Alagoas (MP\/AL). A Promotoria de Justi\u00e7a do Munic\u00edpio, em parceria com o N\u00facleo de Defesa do Meio Ambiente, convocou a Prefeitura e a Mesa Diretora da C\u00e2mara de Vereadores para definir a cria\u00e7\u00e3o do C\u00f3digo Municipal do Meio Ambiente, que dever\u00e1 ser lan\u00e7ado ainda em julho. Tamb\u00e9m estiveram presentes a Vigil\u00e2ncia Sanit\u00e1ria, a Pol\u00edcia Militar, a Secretaria Municipal do Meio Ambiente e o Instituto de Preserva\u00e7\u00e3o da Mata Atl\u00e2ntica (IPMA).<\/span><\/p>\n<p style=\"text-align: justify;\"><span style=\"font-size: 14pt;\">O novo c\u00f3digo regulamentar\u00e1 a atua\u00e7\u00e3o da Secretaria Municipal do Meio Ambiente nas atividades de prote\u00e7\u00e3o ambiental, que hoje se encontra dependente de a\u00e7\u00f5es do Instituto do Meio Ambiente (IMA) e da Secretaria Estadual do Meio Ambiente e dos Recursos H\u00eddricos (SEMARH). O lan\u00e7amento da legisla\u00e7\u00e3o ambiental ocorrer\u00e1 junto com o in\u00edcio do programa Alagoas Menos Dois Graus, idealizado pelo Minist\u00e9rio P\u00fablico e IPMA, que realizar\u00e1 o plantio de mil mudas de vegeta\u00e7\u00e3o local no munic\u00edpio.<\/span><\/p>\n<p style=\"text-align: justify;\"><span style=\"font-size: 14pt;\">De acordo com o promotor Jorge Bezerra, o encontro foi provocado com o objetivo de \u201ccoibir a\u00e7\u00f5es de desrespeito ao meio ambiente, a exemplo da polui\u00e7\u00e3o sonora, constru\u00e7\u00e3o de pocilgas e resid\u00eancias em \u00e1reas de mangues e p\u00e9ssimas condi\u00e7\u00f5es de higiene nos matadouros p\u00fablicos\u201d. No que toca \u00e0 polui\u00e7\u00e3o sonora, a Secretaria Municipal de Meio Ambiente ir\u00e1 regulamentar o uso da quadra poliesportiva da cidade e adquirir um decibel\u00edmetro para que a Pol\u00edcia Militar possa intensificar a a\u00e7\u00e3o ostensiva contra o volume de som que estiver superior \u00e0s normas da ABNT. Em rela\u00e7\u00e3o as pocilgas, elas passar\u00e3o a ser constru\u00eddas fora do per\u00edmetro urbano.<\/span><\/p>\n<p style=\"text-align: justify;\"><span style=\"font-size: 14pt;\">A C\u00e2mara de Vereadores e a Prefeitura de S\u00e3o Lu\u00eds do Quitunde se comprometeram a agilizar a vota\u00e7\u00e3o e san\u00e7\u00e3o do novo c\u00f3digo, respectivamente. \u201cNosso munic\u00edpio tem a maior reserva de Mata Atl\u00e2ntica do estado e, por isso, merece uma pol\u00edtica ambiental que garanta a preserva\u00e7\u00e3o da vegeta\u00e7\u00e3o e do bem-estar da popula\u00e7\u00e3o. Isso tamb\u00e9m \u00e9 uma medida de sa\u00fade p\u00fablica, principalmente se considerarmos a cidade que deixaremos para as pr\u00f3ximas gera\u00e7\u00f5es\u201d, disse o chefe do Poder Executivo.<\/span><\/p>\n<p style=\"text-align: justify;\"><span style=\"font-size: 14pt;\">O promotor Alberto Fonseca comemorou a iniciativa e explicou que todas as institui\u00e7\u00f5es p\u00fablicas envolvidas na reuni\u00e3o de hoje agiram de forma pr\u00f3-ativa em benef\u00edcio da sociedade. \u201cEstamos aqui para desenvolver a melhor estrat\u00e9gia de prote\u00e7\u00e3o ao meio ambiente em S\u00e3o Lu\u00eds do Quitunde. Se os demais munic\u00edpios tivessem a mesma pr\u00e1tica, certamente ter\u00edamos um estado com mais flora, fauna e respeito \u00e0 natureza\u201d, concluiu o promotor.<\/span><\/p>\n<p style=\"text-align: justify;\"><span style=\"font-size: 14pt;\"><strong>Menos dois graus<\/strong><\/span><\/p>\n<p style=\"text-align: justify;\"><span style=\"font-size: 14pt;\">Lan\u00e7ado em 2010, projeto tem no nome uma refer\u00eancia \u00e0 meta da Organiza\u00e7\u00e3o das Na\u00e7\u00f5es Unidas (ONU) de limitar o aquecimento global. Com o aumento de dois graus Celsius, haver\u00e1 um perda de biodiversidade sem precedentes, segundo estudos da ONU. Por isso, MP\/AL e IPMA optaram pelo trocadilho para mostrar a necessidade de se cuidar do meio ambiente n\u00e3o s\u00f3 com medidas reativas ao aquecimento, como tamb\u00e9m com atitudes de preven\u00e7\u00e3o.<\/span><\/p>\n<p style=\"text-align: justify;\"><span style=\"font-size: 14pt;\">Mil mudas ser\u00e3o entregues, gratuitamente, \u00e0 Prefeitura de S\u00e3o Lu\u00eds do Quitunde a partir do preenchimento e assinatura do Termo de Ades\u00e3o e do Formul\u00e1rio de Solicita\u00e7\u00e3o das Mudas. A cada seis meses, o Munic\u00edpio dever\u00e1 enviar ao IPMA, com c\u00f3pia ao MPE, um relat\u00f3rio do plantio das \u00e1rvores e outro ap\u00f3s seis meses da arboriza\u00e7\u00e3o. O n\u00famero de mudas \u00e9 suficiente para arborizar a maior parte dos munic\u00edpios de Alagoas.<\/span><\/p>\n","protected":false},"excerpt":{"rendered":"<p> [&hellip;]<\/p>\n","protected":false},"author":5,"featured_media":15435,"comment_status":"open","ping_status":"open","sticky":false,"template":"","format":"standard","meta":{"om_disable_all_campaigns":false,"_monsterinsights_skip_tracking":false,"_monsterinsights_sitenote_active":false,"_monsterinsights_sitenote_note":"","_monsterinsights_sitenote_category":0,"_uf_show_specific_survey":0,"_uf_disable_surveys":false,"footnotes":""},"categories":[2],"tags":[],"class_list":["post-15434","post","type-post","status-publish","format-standard","has-post-thumbnail","hentry","category-not_mpal"],"aioseo_notices":[],"_links":{"self":[{"href":"https:\/\/www.mpal.mp.br\/index.php?rest_route=\/wp\/v2\/posts\/15434","targetHints":{"allow":["GET"]}}],"collection":[{"href":"https:\/\/www.mpal.mp.br\/index.php?rest_route=\/wp\/v2\/posts"}],"about":[{"href":"https:\/\/www.mpal.mp.br\/index.php?rest_route=\/wp\/v2\/types\/post"}],"author":[{"embeddable":true,"href":"https:\/\/www.mpal.mp.br\/index.php?rest_route=\/wp\/v2\/users\/5"}],"replies":[{"embeddable":true,"href":"https:\/\/www.mpal.mp.br\/index.php?rest_route=%2Fwp%2Fv2%2Fcomments&post=15434"}],"version-history":[{"count":1,"href":"https:\/\/www.mpal.mp.br\/index.php?rest_route=\/wp\/v2\/posts\/15434\/revisions"}],"predecessor-version":[{"id":15436,"href":"https:\/\/www.mpal.mp.br\/index.php?rest_route=\/wp\/v2\/posts\/15434\/revisions\/15436"}],"wp:featuredmedia":[{"embeddable":true,"href":"https:\/\/www.mpal.mp.br\/index.php?rest_route=\/wp\/v2\/media\/15435"}],"wp:attachment":[{"href":"https:\/\/www.mpal.mp.br\/index.php?rest_route=%2Fwp%2Fv2%2Fmedia&parent=15434"}],"wp:term":[{"taxonomy":"category","embeddable":true,"href":"https:\/\/www.mpal.mp.br\/index.php?rest_route=%2Fwp%2Fv2%2Fcategories&post=15434"},{"taxonomy":"post_tag","embeddable":true,"href":"https:\/\/www.mpal.mp.br\/index.php?rest_route=%2Fwp%2Fv2%2Ftags&post=15434"}],"curies":[{"name":"wp","href":"https:\/\/api.w.org\/{rel}","templated":true}]}}