{"id":15431,"date":"2013-08-06T09:52:13","date_gmt":"2013-08-06T12:52:13","guid":{"rendered":"https:\/\/www.mpal.mp.br\/?p=15431"},"modified":"2022-08-10T09:53:09","modified_gmt":"2022-08-10T12:53:09","slug":"mp-al-promove-assinatura-de-tac-para-combater-zoonoses-em-maceio","status":"publish","type":"post","link":"https:\/\/www.mpal.mp.br\/?p=15431","title":{"rendered":"MP\/AL promove assinatura de TAC para combater zoonoses em Macei\u00f3"},"content":{"rendered":"<div class=\"content-wrapper-1\">\n<div class=\"content-wrapper-2\">\n<div id=\"mainmiddle\">\n<div id=\"mainmiddle-expand\">\n<div id=\"content\">\n<div id=\"content-shift\">\n<div class=\"floatbox\">\n<div class=\"joomla \">\n<div class=\"article\">\n<div id=\"articlepxfontsize1\">\n<p style=\"text-align: justify;\" align=\"JUSTIFY\"><span style=\"font-size: 14pt;\">A Promotoria de Defesa do Meio Ambiente da Capital promoveu, na manh\u00e3 desta segunda-feira (05), a assinatura de um Termo de Ajustamento de Conduta (TAC) que define medidas de prote\u00e7\u00e3o aos animais e combate \u00e0 prolifera\u00e7\u00e3o de zoonoses em Macei\u00f3. Al\u00e9m do Minist\u00e9rio P\u00fablico Estadual, tamb\u00e9m assinaram o termo a Secretaria Municipal de Sa\u00fade, a Comiss\u00e3o de Meio Ambiente e Bem-Estar Animal da OAB e o Centro de Controle de Zoonoses (CCZ) de Macei\u00f3. A organiza\u00e7\u00e3o n\u00e3o-governamental Grupo Vida Animal e protetores independentes acompanharam a audi\u00eancia realizada na sede do CCZ, na Cidade Universit\u00e1ria.<\/span><\/p>\n<p style=\"text-align: justify;\" align=\"JUSTIFY\"><span style=\"font-size: 14pt;\">O promotor Alberto Fonseca e o secret\u00e1rio municipal de Sa\u00fade, Jo\u00e3o Marcelo Lyra, comandaram a assinatura do TAC que tem por objetivo combater a morte de animais sadios. A eutan\u00e1sia s\u00f3 ser\u00e1 autorizada nos casos previstos pelo Conselho Federal de Medicina Veterin\u00e1ria. O Munic\u00edpio se comprometeu a construir um canil, gatil e baias em local acess\u00edvel \u00e0 popula\u00e7\u00e3o para abrigar animais sadios destinados \u00e0 ado\u00e7\u00e3o.<\/span><\/p>\n<p style=\"text-align: justify;\" align=\"JUSTIFY\"><span style=\"font-size: 14pt;\">\u201cOs animais devem ser mantidos em boas condi\u00e7\u00f5es de sa\u00fade e higiene. Antes de formalizar a ado\u00e7\u00e3o, ser\u00e1 necess\u00e1rio garantir ao animal a esteriliza\u00e7\u00e3o, a vacina\u00e7\u00e3o contra a raiva, a identifica\u00e7\u00e3o e o registro do animal, mediante inser\u00e7\u00e3o subcut\u00e2nea de microchips. No Termo de Ajustamento de Conduta determinamos prazos para que estas medidas sejam cumpridas\u201d, disse o promotor Alberto Fonseca.<\/span><\/p>\n<p style=\"text-align: justify;\" align=\"JUSTIFY\"><span style=\"font-size: 14pt;\">A Secretaria Municipal de Sa\u00fade firmar\u00e1 conv\u00eanios com institui\u00e7\u00f5es de ensino e centros t\u00e9cnicos para promover o controle de natalidade da popula\u00e7\u00e3o felina e canina do Munic\u00edpio de Macei\u00f3, com centro cir\u00fargico implantado e adequado a atender a demanda de cirurgias de esteriliza\u00e7\u00e3o no CCZ ou no canil e gatil a ser criado, considerado servi\u00e7o essencial de preven\u00e7\u00e3o \u00e0 sa\u00fade p\u00fablica.<\/span><\/p>\n<p style=\"text-align: justify;\" align=\"JUSTIFY\"><span style=\"font-size: 14pt;\">As entidades ter\u00e3o ainda de manter, de forma permanente e adequada, os instrumentos, equipamentos e instala\u00e7\u00f5es necess\u00e1rios \u00e0s cirurgias e aos demais servi\u00e7os de atendimento aos animais e controle de zoonoses. O mesmo procedimento dever\u00e1 ser adotado para estoques de vacinas, medicamentos, inclusive anest\u00e9sicos, e materiais necess\u00e1rios \u00e0s suas atividades.<\/span><\/p>\n<p style=\"text-align: justify;\" align=\"JUSTIFY\"><span style=\"font-size: 14pt;\"><strong>Conscientiza\u00e7\u00e3o<\/strong><\/span><\/p>\n<p style=\"text-align: justify;\" align=\"JUSTIFY\"><span style=\"font-size: 14pt;\">A Secretaria Municipal de Sa\u00fade vai inserir no Programa de Educa\u00e7\u00e3o Continuada a conscientiza\u00e7\u00e3o da popula\u00e7\u00e3o sobre o tema da guarda respons\u00e1vel de animais dom\u00e9sticos, podendo para tanto celebrar parcerias com entidades de prote\u00e7\u00e3o animal e outras organiza\u00e7\u00f5es governamentais e n\u00e3o-governamentais. O objetivo \u00e9 facilitar a divulga\u00e7\u00e3o do tema da guarda nas escolas p\u00fablicas e privadas, unidades de sa\u00fade e veterin\u00e1rios.<\/span><\/p>\n<p style=\"text-align: justify;\" align=\"JUSTIFY\"><span style=\"font-size: 14pt;\">O material educativo conter\u00e1 orienta\u00e7\u00f5es sobre a responsabilidade do propriet\u00e1rio em rela\u00e7\u00e3o aos animais, a import\u00e2ncia da vacina\u00e7\u00e3o e vermifuga\u00e7\u00e3o, zoonoses, cuidados e formas de lidar com o animal, problemas decorrentes do n\u00famero de animais dom\u00e9sticos e import\u00e2ncia do controle da natalidade via esteriliza\u00e7\u00e3o.<\/span><\/p>\n<p style=\"text-align: justify;\" align=\"JUSTIFY\"><span style=\"font-size: 14pt;\">Sempre que for poss\u00edvel a identifica\u00e7\u00e3o do autor de maus-tratos,o CCZ dever\u00e1 realizar a devida comunica\u00e7\u00e3o \u00e0 autoridade policial competente, fornecendo a qualifica\u00e7\u00e3o e endere\u00e7o do respons\u00e1vel pela viol\u00eancia para que a Justi\u00e7a possa adotar as medidas criminais cab\u00edveis. O Centro de Controle de Zoonose somente ter\u00e1 permiss\u00e3o de liberar animais para pesquisas ou estudos mediante comprova\u00e7\u00e3o da aprova\u00e7\u00e3o pela Comiss\u00e3o de \u00c9tica de Utiliza\u00e7\u00e3o de Animais competente.<\/span><\/p>\n<\/div>\n<\/div>\n<\/div>\n<\/div>\n<\/div>\n<\/div>\n<\/div>\n<\/div>\n<\/div>\n<\/div>\n<div class=\"content-wrapper-b1\">\n<div class=\"content-wrapper-b2\" style=\"text-align: justify;\"><\/div>\n<\/div>\n","protected":false},"excerpt":{"rendered":"<p> [&hellip;]<\/p>\n","protected":false},"author":5,"featured_media":15432,"comment_status":"open","ping_status":"open","sticky":false,"template":"","format":"standard","meta":{"om_disable_all_campaigns":false,"_monsterinsights_skip_tracking":false,"_monsterinsights_sitenote_active":false,"_monsterinsights_sitenote_note":"","_monsterinsights_sitenote_category":0,"_uf_show_specific_survey":0,"_uf_disable_surveys":false,"footnotes":""},"categories":[2],"tags":[],"class_list":["post-15431","post","type-post","status-publish","format-standard","has-post-thumbnail","hentry","category-not_mpal"],"aioseo_notices":[],"_links":{"self":[{"href":"https:\/\/www.mpal.mp.br\/index.php?rest_route=\/wp\/v2\/posts\/15431","targetHints":{"allow":["GET"]}}],"collection":[{"href":"https:\/\/www.mpal.mp.br\/index.php?rest_route=\/wp\/v2\/posts"}],"about":[{"href":"https:\/\/www.mpal.mp.br\/index.php?rest_route=\/wp\/v2\/types\/post"}],"author":[{"embeddable":true,"href":"https:\/\/www.mpal.mp.br\/index.php?rest_route=\/wp\/v2\/users\/5"}],"replies":[{"embeddable":true,"href":"https:\/\/www.mpal.mp.br\/index.php?rest_route=%2Fwp%2Fv2%2Fcomments&post=15431"}],"version-history":[{"count":1,"href":"https:\/\/www.mpal.mp.br\/index.php?rest_route=\/wp\/v2\/posts\/15431\/revisions"}],"predecessor-version":[{"id":15433,"href":"https:\/\/www.mpal.mp.br\/index.php?rest_route=\/wp\/v2\/posts\/15431\/revisions\/15433"}],"wp:featuredmedia":[{"embeddable":true,"href":"https:\/\/www.mpal.mp.br\/index.php?rest_route=\/wp\/v2\/media\/15432"}],"wp:attachment":[{"href":"https:\/\/www.mpal.mp.br\/index.php?rest_route=%2Fwp%2Fv2%2Fmedia&parent=15431"}],"wp:term":[{"taxonomy":"category","embeddable":true,"href":"https:\/\/www.mpal.mp.br\/index.php?rest_route=%2Fwp%2Fv2%2Fcategories&post=15431"},{"taxonomy":"post_tag","embeddable":true,"href":"https:\/\/www.mpal.mp.br\/index.php?rest_route=%2Fwp%2Fv2%2Ftags&post=15431"}],"curies":[{"name":"wp","href":"https:\/\/api.w.org\/{rel}","templated":true}]}}