{"id":15429,"date":"2013-08-17T09:51:19","date_gmt":"2013-08-17T12:51:19","guid":{"rendered":"https:\/\/www.mpal.mp.br\/?p=15429"},"modified":"2022-08-10T09:52:01","modified_gmt":"2022-08-10T12:52:01","slug":"promotoria-do-meio-ambiente-vai-investigar-academia-acusada-de-poluicao-sonora-no-farol","status":"publish","type":"post","link":"https:\/\/www.mpal.mp.br\/?p=15429","title":{"rendered":"Promotoria do Meio Ambiente vai investigar academia acusada de polui\u00e7\u00e3o sonora no Farol"},"content":{"rendered":"<div class=\"content-wrapper-1\">\n<div class=\"content-wrapper-2\">\n<div id=\"mainmiddle\">\n<div id=\"mainmiddle-expand\">\n<div id=\"content\">\n<div id=\"content-shift\">\n<div class=\"floatbox\">\n<div class=\"joomla \">\n<div class=\"article\">\n<div id=\"articlepxfontsize1\">\n<p style=\"text-align: justify;\"><span style=\"font-size: 14pt;\">A 4\u00aa Promotoria de Justi\u00e7a da Capital instaurou inqu\u00e9rito civil p\u00fablico, nesta sexta-feira (16), para apurar a responsabilidade da academia Fisio SPA Fitness pela emiss\u00e3o de sons e ru\u00eddos acima dos limites permitidos pela Associa\u00e7\u00e3o Brasileira de Normas T\u00e9cnicas (ABNT) e pela Norma Brasileira Regulamentar- (NBR), o que caracteriza a pr\u00e1tica de polui\u00e7\u00e3o sonora. O estabelecimento que fica na Rua Alexandre Nobre, Farol, estaria perturbando o sossego e o bem estar coletivo da regi\u00e3o devido ao som alto.<\/span><\/p>\n<p style=\"text-align: justify;\"><span style=\"font-size: 14pt;\">O promotor titular do \u00f3rg\u00e3o, Alberto Fonseca, requisitou \u00e0 Secretaria Municipal de Prote\u00e7\u00e3o ao Meio Ambiente a realiza\u00e7\u00e3o de per\u00edcia para constatar dano ambiental no local. Fonseca tamb\u00e9m solicitou informa\u00e7\u00f5es sobre a adequa\u00e7\u00e3o do empreendimento \u00e0s normas urban\u00edsticas para a Secretaria Municipal de Controle e Conv\u00edvio Urbano.<\/span><\/p>\n<p style=\"text-align: justify;\"><span style=\"font-size: 14pt;\">Para propor um ajuste de conduta \u00e0s exig\u00eancias legais, haver\u00e1 uma audi\u00eancia com representantes da academia e o autor da den\u00fancia no dia 17 de setembro, \u00e0s 11h, no pr\u00e9dio-sede do Minist\u00e9rio P\u00fablico do Estado de Alagoas. As duas Secretarias Municipais dever\u00e3o estar presentes.<\/span><\/p>\n<\/div>\n<\/div>\n<\/div>\n<\/div>\n<\/div>\n<\/div>\n<\/div>\n<\/div>\n<\/div>\n<\/div>\n<div class=\"content-wrapper-b1\">\n<div class=\"content-wrapper-b2\" style=\"text-align: justify;\"><\/div>\n<\/div>\n","protected":false},"excerpt":{"rendered":"<p> [&hellip;]<\/p>\n","protected":false},"author":5,"featured_media":15149,"comment_status":"open","ping_status":"open","sticky":false,"template":"","format":"standard","meta":{"om_disable_all_campaigns":false,"_monsterinsights_skip_tracking":false,"_monsterinsights_sitenote_active":false,"_monsterinsights_sitenote_note":"","_monsterinsights_sitenote_category":0,"_uf_show_specific_survey":0,"_uf_disable_surveys":false,"footnotes":""},"categories":[2],"tags":[],"class_list":["post-15429","post","type-post","status-publish","format-standard","has-post-thumbnail","hentry","category-not_mpal"],"aioseo_notices":[],"_links":{"self":[{"href":"https:\/\/www.mpal.mp.br\/index.php?rest_route=\/wp\/v2\/posts\/15429","targetHints":{"allow":["GET"]}}],"collection":[{"href":"https:\/\/www.mpal.mp.br\/index.php?rest_route=\/wp\/v2\/posts"}],"about":[{"href":"https:\/\/www.mpal.mp.br\/index.php?rest_route=\/wp\/v2\/types\/post"}],"author":[{"embeddable":true,"href":"https:\/\/www.mpal.mp.br\/index.php?rest_route=\/wp\/v2\/users\/5"}],"replies":[{"embeddable":true,"href":"https:\/\/www.mpal.mp.br\/index.php?rest_route=%2Fwp%2Fv2%2Fcomments&post=15429"}],"version-history":[{"count":1,"href":"https:\/\/www.mpal.mp.br\/index.php?rest_route=\/wp\/v2\/posts\/15429\/revisions"}],"predecessor-version":[{"id":15430,"href":"https:\/\/www.mpal.mp.br\/index.php?rest_route=\/wp\/v2\/posts\/15429\/revisions\/15430"}],"wp:featuredmedia":[{"embeddable":true,"href":"https:\/\/www.mpal.mp.br\/index.php?rest_route=\/wp\/v2\/media\/15149"}],"wp:attachment":[{"href":"https:\/\/www.mpal.mp.br\/index.php?rest_route=%2Fwp%2Fv2%2Fmedia&parent=15429"}],"wp:term":[{"taxonomy":"category","embeddable":true,"href":"https:\/\/www.mpal.mp.br\/index.php?rest_route=%2Fwp%2Fv2%2Fcategories&post=15429"},{"taxonomy":"post_tag","embeddable":true,"href":"https:\/\/www.mpal.mp.br\/index.php?rest_route=%2Fwp%2Fv2%2Ftags&post=15429"}],"curies":[{"name":"wp","href":"https:\/\/api.w.org\/{rel}","templated":true}]}}