{"id":15424,"date":"2013-08-22T09:50:04","date_gmt":"2013-08-22T12:50:04","guid":{"rendered":"https:\/\/www.mpal.mp.br\/?p=15424"},"modified":"2022-08-10T09:51:06","modified_gmt":"2022-08-10T12:51:06","slug":"construtora-afirma-que-prefeitura-sabia-de-riscos-de-alagamento-na-avenida-pierre-chalita","status":"publish","type":"post","link":"https:\/\/www.mpal.mp.br\/?p=15424","title":{"rendered":"Construtora afirma que prefeitura sabia de riscos de alagamento na Avenida Pierre Chalita"},"content":{"rendered":"<p style=\"text-align: justify;\"><span style=\"font-size: 14pt;\">A 4\u00ba Promotoria de Justi\u00e7a da Capital e o Conselho Regional de Engenharia e Agronomia de Alagoas (Crea-AL) escutaram na manh\u00e3 desta quinta-feira (22) os representantes da FP Constru\u00e7\u00f5es LTDA sobre as falhas na constru\u00e7\u00e3o da Avenida Pierre Chalita, que liga os bairros Jacarecica e Serraria. Na oitiva, a construtora afirmou que a Prefeitura de Macei\u00f3, por meio da Secretaria Municipal de Infraestrutura, sabia dos riscos de alagamentos provocados pela execu\u00e7\u00e3o de obras particulares no entorno da avenida, ainda no per\u00edodo de constru\u00e7\u00e3o da via p\u00fablica. Tais obras particulares teriam modificado as caracter\u00edsticas do projeto original da Pierre Chalita.<\/span><\/p>\n<p style=\"text-align: justify;\"><span style=\"font-size: 14pt;\">A construtora tamb\u00e9m disse que executou a obra licitada em sua totalidade, com algumas modifica\u00e7\u00f5es poucos significativas autorizadas pela Seminfra. No entanto, deixou de realizar obras como drenagem profunda e envelopamento com concreto das valetas porque elas n\u00e3o faziam parte do servi\u00e7o licitado. At\u00e9 mesmo o canal que a construtora abriu para escoar a \u00e1gua da regi\u00e3o foi determinado posteriormente pelo Munic\u00edpio.\u201cO canal, do ponto de vista geom\u00e9trico, n\u00e3o constava no projeto, por\u00e9m os servi\u00e7os para execu\u00e7\u00e3o do mesmo [canal] sim, que s\u00e3o escava\u00e7\u00e3o, carga, transporte e compacta\u00e7\u00e3o\u201d, revelou a empresa na audi\u00eancia realizada hoje na sede do Minist\u00e9rio P\u00fablico Estadual.<\/span><\/p>\n<p style=\"text-align: justify;\"><span style=\"font-size: 14pt;\">A Procuradoria Geral do Munic\u00edpio participou da oitiva e afirmou que j\u00e1 possui uma a\u00e7\u00e3o civil p\u00fablica ambiental ajuizada contra o antigo gestor da Secretaria Municipal de Prote\u00e7\u00e3o ao Meio Ambiente de Macei\u00f3 (SEMPMA), Ivan Bergson, em virtude das falhas na constru\u00e7\u00e3o da avenida. O processo tamb\u00e9m mira as empresas FP Constru\u00e7\u00f5es LTDA e a Base Empreendimentos Imobili\u00e1rios LTDA. Segundo a Procuradoria, relat\u00f3rios da Seminfra e da SEMPMA fundamentaram a a\u00e7\u00e3o, que fora a ju\u00edzo antes da Prefeitura de Macei\u00f3 ser notificada pelo Minist\u00e9rio P\u00fablico a comparecer na audi\u00eancia.<\/span><\/p>\n<p style=\"text-align: justify;\"><span style=\"font-size: 14pt;\"><strong>Prazo de 15 dias<\/strong><\/span><\/p>\n<p style=\"text-align: justify;\"><span style=\"font-size: 14pt;\">O promotor Alberto Fonseca converteu o procedimento preparat\u00f3rio em inqu\u00e9rito civil e deu o prazo de 15 dias para que a FP Constru\u00e7\u00f5es e a Procuradoria Geral do Munic\u00edpio apresentem toda a documenta\u00e7\u00e3o relacionada \u00e0 investiga\u00e7\u00e3o desenvolvida pelo Minist\u00e9rio P\u00fablico sobre as obras da avenida Pierre Chalita.<\/span><\/p>\n<p style=\"text-align: justify;\"><span style=\"font-size: 14pt;\">De acordo com Fonseca, esta foi a \u00faltima audi\u00eancia para escutar as partes envolvidas nas obras da via p\u00fablica. \u201cAp\u00f3s o encontro de hoje, aguardaremos o laudo do Creal-AL sobre a constru\u00e7\u00e3o da avenida. Em seguida, analisaremos todas as informa\u00e7\u00f5es reunidas no processo de investiga\u00e7\u00e3o e, com a conclus\u00e3o do procedimento, caber\u00e1 ao Minist\u00e9rio P\u00fablico dar encaminhamento \u00e0s provid\u00eancias necess\u00e1rias ao caso\u201d, disse o promotor.<\/span><\/p>\n","protected":false},"excerpt":{"rendered":"<p> [&hellip;]<\/p>\n","protected":false},"author":5,"featured_media":15149,"comment_status":"open","ping_status":"open","sticky":false,"template":"","format":"standard","meta":{"om_disable_all_campaigns":false,"_monsterinsights_skip_tracking":false,"_monsterinsights_sitenote_active":false,"_monsterinsights_sitenote_note":"","_monsterinsights_sitenote_category":0,"_uf_show_specific_survey":0,"_uf_disable_surveys":false,"footnotes":""},"categories":[2],"tags":[],"class_list":["post-15424","post","type-post","status-publish","format-standard","has-post-thumbnail","hentry","category-not_mpal"],"aioseo_notices":[],"_links":{"self":[{"href":"https:\/\/www.mpal.mp.br\/index.php?rest_route=\/wp\/v2\/posts\/15424","targetHints":{"allow":["GET"]}}],"collection":[{"href":"https:\/\/www.mpal.mp.br\/index.php?rest_route=\/wp\/v2\/posts"}],"about":[{"href":"https:\/\/www.mpal.mp.br\/index.php?rest_route=\/wp\/v2\/types\/post"}],"author":[{"embeddable":true,"href":"https:\/\/www.mpal.mp.br\/index.php?rest_route=\/wp\/v2\/users\/5"}],"replies":[{"embeddable":true,"href":"https:\/\/www.mpal.mp.br\/index.php?rest_route=%2Fwp%2Fv2%2Fcomments&post=15424"}],"version-history":[{"count":1,"href":"https:\/\/www.mpal.mp.br\/index.php?rest_route=\/wp\/v2\/posts\/15424\/revisions"}],"predecessor-version":[{"id":15426,"href":"https:\/\/www.mpal.mp.br\/index.php?rest_route=\/wp\/v2\/posts\/15424\/revisions\/15426"}],"wp:featuredmedia":[{"embeddable":true,"href":"https:\/\/www.mpal.mp.br\/index.php?rest_route=\/wp\/v2\/media\/15149"}],"wp:attachment":[{"href":"https:\/\/www.mpal.mp.br\/index.php?rest_route=%2Fwp%2Fv2%2Fmedia&parent=15424"}],"wp:term":[{"taxonomy":"category","embeddable":true,"href":"https:\/\/www.mpal.mp.br\/index.php?rest_route=%2Fwp%2Fv2%2Fcategories&post=15424"},{"taxonomy":"post_tag","embeddable":true,"href":"https:\/\/www.mpal.mp.br\/index.php?rest_route=%2Fwp%2Fv2%2Ftags&post=15424"}],"curies":[{"name":"wp","href":"https:\/\/api.w.org\/{rel}","templated":true}]}}