{"id":15415,"date":"2013-08-30T09:46:17","date_gmt":"2013-08-30T12:46:17","guid":{"rendered":"https:\/\/www.mpal.mp.br\/?p=15415"},"modified":"2022-08-10T09:46:56","modified_gmt":"2022-08-10T12:46:56","slug":"mpe-al-pode-instaurar-inquerito-civil-para-investigar-mau-uso-de-substancias-quimicas-no-jaragua","status":"publish","type":"post","link":"https:\/\/www.mpal.mp.br\/?p=15415","title":{"rendered":"MPE\/AL pode instaurar inqu\u00e9rito civil para investigar mau uso de subst\u00e2ncias qu\u00edmicas no Jaragu\u00e1"},"content":{"rendered":"<p style=\"text-align: justify;\" align=\"JUSTIFY\"><span style=\"font-size: 14pt;\">O Minist\u00e9rio P\u00fablico Estadual (MPE\/AL) poder\u00e1 instaurar inqu\u00e9rito civil para apurar a responsabilidade da empresa que foi flagrada lavando ton\u00e9is possivelmente contaminados por subst\u00e2ncias qu\u00edmicas na Rua Bar\u00e3o do Jaragu\u00e1, no bairro Jaragu\u00e1. Com a lavagem dos ton\u00e9is, a \u00e1gua com tais subst\u00e2ncia pode contaminar len\u00e7\u00f3is fre\u00e1ticos e o mar, de modo a provocar danos ao meio ambiente. O flagrante se deu nesta quinta-feira (29), durante uma a\u00e7\u00e3o extraordin\u00e1ria da Fiscaliza\u00e7\u00e3o Preventiva Integrada de combate \u00e0 dengue em Macei\u00f3 (FPI Dengue).<\/span><\/p>\n<p style=\"text-align: justify;\" align=\"JUSTIFY\"><span style=\"font-size: 14pt;\">O promotor Alberto Fonseca, titular da 4\u00aa Promotoria de Justi\u00e7a da Capital, que trata do cumprimento da legisla\u00e7\u00e3o ambiental, afirmou que o procedimento do MPE\/AL pode ser realizado em virtude do mau uso de subst\u00e2ncia controlada, j\u00e1 que os qu\u00edmicos estavam sendo despejados em em via p\u00fablica sem o menor cuidado. Tamb\u00e9m \u00e9 poss\u00edvel que o Minist\u00e9rio P\u00fablico Federal (MPF\/AL) assuma a investiga\u00e7\u00e3o da contamina\u00e7\u00e3o de \u00e1guas com subst\u00e2ncias qu\u00edmicas por ser dele a compet\u00eancia de apurar danos praias e mar territorial, que s\u00e3o bens da Uni\u00e3o.<\/span><\/p>\n<p style=\"text-align: justify;\" align=\"JUSTIFY\"><span style=\"font-size: 14pt;\">\u201cVamos aguardar o relat\u00f3rio final da FPI Dengue, a ser apresentado no dia 12 de setembro, ap\u00f3s a conclus\u00e3o de todas as atividades do coletivo. Com os dados, seremos mais precisos em rela\u00e7\u00e3o \u00e0s medidas que os dois Minist\u00e9rios P\u00fablicos tomar\u00e3o referente ao caso\u201d, complementou o promotor, que, junto com a promotora Lav\u00ednia Fragoso, representou o MPE\/AL.<\/span><\/p>\n<p style=\"text-align: justify;\" align=\"JUSTIFY\"><span style=\"font-size: 14pt;\"><strong>Focos de dengue<\/strong><\/span><\/p>\n<p style=\"text-align: justify;\" align=\"JUSTIFY\"><span style=\"font-size: 14pt;\">Na opera\u00e7\u00e3o da FPI Dengue desta quinta-feira, foram confirmados mais 11 locais com focos do mosquito transmissor da dengue, Aedes Aegypti, nos bairros do Po\u00e7o, Trapiche da Barra e Jaragu\u00e1. Os trabalhos da frente seguem at\u00e9 o dia 6 de setembro. Al\u00e9m do Minist\u00e9rio P\u00fablico Estadual, participam do coletivo a Secretaria Municipal de Sa\u00fade, Vigil\u00e2ncia Epidemiol\u00f3gica da Secretaria de Estado da Sa\u00fade, Conselho Regional de Engenharia e Arquitetura (CREA\/AL), Secretaria Municipal de Prote\u00e7\u00e3o ao Meio Ambiente (Sempma), Sindicato da Ind\u00fastria da Constru\u00e7\u00e3o do Estado de Alagoas (Sinduscon), Superintend\u00eancia de Limpeza Urbana de Macei\u00f3 (Slum), Superintend\u00eancia Municipal de Controle do Conv\u00edvio Urbano (SCMMU) e o Batalh\u00e3o Ambiental de Pol\u00edcia Militar.<\/span><\/p>\n","protected":false},"excerpt":{"rendered":"<p> [&hellip;]<\/p>\n","protected":false},"author":5,"featured_media":15416,"comment_status":"open","ping_status":"open","sticky":false,"template":"","format":"standard","meta":{"om_disable_all_campaigns":false,"_monsterinsights_skip_tracking":false,"_monsterinsights_sitenote_active":false,"_monsterinsights_sitenote_note":"","_monsterinsights_sitenote_category":0,"_uf_show_specific_survey":0,"_uf_disable_surveys":false,"footnotes":""},"categories":[2],"tags":[],"class_list":["post-15415","post","type-post","status-publish","format-standard","has-post-thumbnail","hentry","category-not_mpal"],"aioseo_notices":[],"_links":{"self":[{"href":"https:\/\/www.mpal.mp.br\/index.php?rest_route=\/wp\/v2\/posts\/15415","targetHints":{"allow":["GET"]}}],"collection":[{"href":"https:\/\/www.mpal.mp.br\/index.php?rest_route=\/wp\/v2\/posts"}],"about":[{"href":"https:\/\/www.mpal.mp.br\/index.php?rest_route=\/wp\/v2\/types\/post"}],"author":[{"embeddable":true,"href":"https:\/\/www.mpal.mp.br\/index.php?rest_route=\/wp\/v2\/users\/5"}],"replies":[{"embeddable":true,"href":"https:\/\/www.mpal.mp.br\/index.php?rest_route=%2Fwp%2Fv2%2Fcomments&post=15415"}],"version-history":[{"count":1,"href":"https:\/\/www.mpal.mp.br\/index.php?rest_route=\/wp\/v2\/posts\/15415\/revisions"}],"predecessor-version":[{"id":15418,"href":"https:\/\/www.mpal.mp.br\/index.php?rest_route=\/wp\/v2\/posts\/15415\/revisions\/15418"}],"wp:featuredmedia":[{"embeddable":true,"href":"https:\/\/www.mpal.mp.br\/index.php?rest_route=\/wp\/v2\/media\/15416"}],"wp:attachment":[{"href":"https:\/\/www.mpal.mp.br\/index.php?rest_route=%2Fwp%2Fv2%2Fmedia&parent=15415"}],"wp:term":[{"taxonomy":"category","embeddable":true,"href":"https:\/\/www.mpal.mp.br\/index.php?rest_route=%2Fwp%2Fv2%2Fcategories&post=15415"},{"taxonomy":"post_tag","embeddable":true,"href":"https:\/\/www.mpal.mp.br\/index.php?rest_route=%2Fwp%2Fv2%2Ftags&post=15415"}],"curies":[{"name":"wp","href":"https:\/\/api.w.org\/{rel}","templated":true}]}}