{"id":15412,"date":"2013-09-09T09:45:10","date_gmt":"2013-09-09T12:45:10","guid":{"rendered":"https:\/\/www.mpal.mp.br\/?p=15412"},"modified":"2022-08-10T09:45:55","modified_gmt":"2022-08-10T12:45:55","slug":"promotoria-do-meio-ambiente-cobra-esclarecimentos-a-casal-a-respeito-de-esgoto-jogado-no-emissario-submarino","status":"publish","type":"post","link":"https:\/\/www.mpal.mp.br\/?p=15412","title":{"rendered":"Promotoria do Meio Ambiente cobra esclarecimentos \u00e0 Casal a respeito de esgoto jogado no emiss\u00e1rio submarino"},"content":{"rendered":"<p style=\"text-align: justify;\"><span style=\"font-size: 14pt;\">A 4\u00aa Promotoria de Justi\u00e7a da Capital recebeu, na manh\u00e3 desta segunda-feira (9), representantes da Companhia de Saneamento de Alagoas (Casal) e do Instituto do Meio Ambiente de Alagoas (IMA\/AL) para prestarem esclarecimentos sobre o lan\u00e7amento de esgoto no emiss\u00e1rio submarino, localizado no bairro do Prado, em Macei\u00f3. A Associa\u00e7\u00e3o Comunit\u00e1ria Sociedade Unida do Prado denunciou a polui\u00e7\u00e3o e alegou o mau cheiro est\u00e1 incomodando os moradores todos os dias. A audi\u00eancia foi realizada na sede da Procuradoria Geral de Justi\u00e7a.<\/span><\/p>\n<p style=\"text-align: justify;\"><span style=\"font-size: 14pt;\">Segundo o presidente da Associa\u00e7\u00e3o Comunit\u00e1ria Sociedade Unida do Prado, Dorgival Ferreira de Lima, o descarte da parte l\u00edquida do esgoto coletado por empresas limpadoras de fossas est\u00e1 sendo feito por caminh\u00f5es diretamente no emiss\u00e1rio submarino. \u201cAp\u00f3s o despejo, o motorista ainda abre a parte traseira do ve\u00edculo e lan\u00e7a a borra, parte s\u00f3lida da coleta, diretamente no solo e na vegeta\u00e7\u00e3o, o que acaba provocando um forte odor, causando mal estar aos moradores da regi\u00e3o\u201d, denunciou ele.<\/span><\/p>\n<p style=\"text-align: justify;\"><span style=\"font-size: 14pt;\">Dorgival Ferreira de Lima, tamb\u00e9m afirmou, durante a audi\u00eancia, que por dentro do terreno da Casal, onde ocorre o despejo, passa um canal de \u00e1guas fluviais e ele se encontra aberto, dando margem, inclusive, \u00e0 prolifera\u00e7\u00e3o de insetos que invadem as resid\u00eancias na comunidade.<\/span><\/p>\n<p style=\"text-align: justify;\"><span style=\"font-size: 14pt;\">\u201cObservo o lan\u00e7amento de dejetos h\u00e1 alguns anos e j\u00e1 comunicamos o fato \u00e0 Casal diversas vezes. Hoje, mais do que nunca, estamos sendo prejudicados, o mau cheiro chega a nos expulsar de casa quase que todos os dias. Confiamos que o Minist\u00e9rio P\u00fablico vai adotar as medidas cab\u00edveis e que os \u00f3rg\u00e3os respons\u00e1veis pelo despejo do esgoto no emiss\u00e1rio submarino e de dejetos no solo ser\u00e3o advertidos e, se for o caso, punidos\u201d disse o presidente da Associa\u00e7\u00e3o.<\/span><\/p>\n<p style=\"text-align: justify;\"><span style=\"font-size: 14pt;\">O advogado da Casal Walmar Paes, explicou que, no ano passado, foi realizado um disciplinamento de \u00e1rea para o descarte do esgoto transportado pelos caminh\u00f5es de limpeza. Segundo ele, a Casal fez, tamb\u00e9m em 2012, uma altera\u00e7\u00e3o na norma de recebimento de dejetos e tornou o padr\u00e3o de despejo mais restritivo, al\u00e9m de estabelecer que a borra s\u00f3 poder\u00e1 ser encaminhada, atrav\u00e9s de ca\u00e7amba, para o aterro sanit\u00e1rio.<\/span><\/p>\n<p style=\"text-align: justify;\"><span style=\"font-size: 14pt;\">Todavia, apesar de fazer algumas defesas do \u00f3rg\u00e3o, o advogado da Companhia admitiu que a Casal est\u00e1 trabalhando sem licen\u00e7a ambiental de opera\u00e7\u00e3o. \u201cEstamos em processo de licenciamento desde 2007\u201d, confessou Walmar Paes.<\/span><\/p>\n<p style=\"text-align: justify;\"><span style=\"font-size: 14pt;\">\u201cA Casal requereu um prazo de 10 dias para adotar providencias necess\u00e1rias para acabar com o mau cheiro naquela regi\u00e3o. Resolvemos conceder esse tempo e, desde j\u00e1, alertamos que as medidas precisam ser cumpridas\u201d, afirmou Alberto Fonseca, promotor do N\u00facleo de Prote\u00e7\u00e3o ao Meio Ambiente.<\/span><\/p>\n<p style=\"text-align: justify;\"><span style=\"font-size: 14pt;\">E Alberto Fonseca foi mais al\u00e9m. \u201cRequisitei ao Instituto do Meio Ambiente (IMA) a realiza\u00e7\u00e3o de per\u00edcia para constatar dano ambiental no local\u201d, informou, acrescentando que uma nova audi\u00eancia foi agendada para o dia 7 de outubro, \u00e0s 9h, na sede do Minist\u00e9rio P\u00fablico do Estado de Alagoas.<\/span><\/p>\n<p style=\"text-align: justify;\"><span style=\"font-size: 14pt;\">\u201cO IMA, atendendo a solicita\u00e7\u00e3o do Minist\u00e9rio P\u00fablico Estadual, far\u00e1 uma per\u00edcia para levantar as n\u00e3o conformidades e danos ambientais decorrente da atividade de escoamento dos caminh\u00f5es\u201d , garantiu o assistente t\u00e9cnico Ricardo Freitas. A per\u00edcia dever\u00e1 ser feita dentro de 15 dias, de acordo com prazo estipulado pelo N\u00facleo de Prote\u00e7\u00e3o ao Meio Ambiente.<\/span><\/p>\n","protected":false},"excerpt":{"rendered":"<p> [&hellip;]<\/p>\n","protected":false},"author":5,"featured_media":15413,"comment_status":"open","ping_status":"open","sticky":false,"template":"","format":"standard","meta":{"om_disable_all_campaigns":false,"_monsterinsights_skip_tracking":false,"_monsterinsights_sitenote_active":false,"_monsterinsights_sitenote_note":"","_monsterinsights_sitenote_category":0,"_uf_show_specific_survey":0,"_uf_disable_surveys":false,"footnotes":""},"categories":[2],"tags":[],"class_list":["post-15412","post","type-post","status-publish","format-standard","has-post-thumbnail","hentry","category-not_mpal"],"aioseo_notices":[],"_links":{"self":[{"href":"https:\/\/www.mpal.mp.br\/index.php?rest_route=\/wp\/v2\/posts\/15412","targetHints":{"allow":["GET"]}}],"collection":[{"href":"https:\/\/www.mpal.mp.br\/index.php?rest_route=\/wp\/v2\/posts"}],"about":[{"href":"https:\/\/www.mpal.mp.br\/index.php?rest_route=\/wp\/v2\/types\/post"}],"author":[{"embeddable":true,"href":"https:\/\/www.mpal.mp.br\/index.php?rest_route=\/wp\/v2\/users\/5"}],"replies":[{"embeddable":true,"href":"https:\/\/www.mpal.mp.br\/index.php?rest_route=%2Fwp%2Fv2%2Fcomments&post=15412"}],"version-history":[{"count":1,"href":"https:\/\/www.mpal.mp.br\/index.php?rest_route=\/wp\/v2\/posts\/15412\/revisions"}],"predecessor-version":[{"id":15414,"href":"https:\/\/www.mpal.mp.br\/index.php?rest_route=\/wp\/v2\/posts\/15412\/revisions\/15414"}],"wp:featuredmedia":[{"embeddable":true,"href":"https:\/\/www.mpal.mp.br\/index.php?rest_route=\/wp\/v2\/media\/15413"}],"wp:attachment":[{"href":"https:\/\/www.mpal.mp.br\/index.php?rest_route=%2Fwp%2Fv2%2Fmedia&parent=15412"}],"wp:term":[{"taxonomy":"category","embeddable":true,"href":"https:\/\/www.mpal.mp.br\/index.php?rest_route=%2Fwp%2Fv2%2Fcategories&post=15412"},{"taxonomy":"post_tag","embeddable":true,"href":"https:\/\/www.mpal.mp.br\/index.php?rest_route=%2Fwp%2Fv2%2Ftags&post=15412"}],"curies":[{"name":"wp","href":"https:\/\/api.w.org\/{rel}","templated":true}]}}