{"id":15408,"date":"2018-06-06T09:35:39","date_gmt":"2018-06-06T12:35:39","guid":{"rendered":"https:\/\/www.mpal.mp.br\/?p=15408"},"modified":"2023-06-12T19:07:43","modified_gmt":"2023-06-12T22:07:43","slug":"procuradoria-geral-e-corregedoria-geral-do-ministerio-publico-de-alagoas-recomendam-que-integrantes-da-instituicao-participem-de-pesquisa-para-elaboracao-do-pen-mp","status":"publish","type":"post","link":"https:\/\/www.mpal.mp.br\/?p=15408","title":{"rendered":"Procuradoria-geral e corregedoria-geral do Minist\u00e9rio P\u00fablico de Alagoas recomendam que integrantes da institui\u00e7\u00e3o participem de pesquisa para elabora\u00e7\u00e3o do PEN-MP"},"content":{"rendered":"<p style=\"text-align: justify;\" align=\"justify\"><span style=\"font-size: 14pt;\">O procurador-geral de justi\u00e7a, Alfredo Gaspar de Mendon\u00e7a Neto, e o corregedor-geral do Minist\u00e9rio P\u00fablico do Estado de Alagoas, expediram recomenda\u00e7\u00e3o conjunta para que membros, servidores e estagi\u00e1rios da institui\u00e7\u00e3o participem da elabora\u00e7\u00e3o do novo Plano Estrat\u00e9gico Nacional do Minist\u00e9rio P\u00fabico Brasileiro (PEN-MP), que ter\u00e1 vig\u00eancia entre 2020 a 2029. Para participar, basta acessar\u00a0<a href=\"http:\/\/www.cnmp.mp.br\/pen\/\">AQUI<\/a>\u00a0e responder a um breve question\u00e1rio, que estar\u00e1 dispon\u00edvel at\u00e9 o dia 8 de junho.<\/span><\/p>\n<p style=\"text-align: justify;\" align=\"justify\"><span style=\"font-size: 14pt;\">Na pesquisa, os cidad\u00e3os s\u00e3o convidados a avaliarem cada \u00e1rea de atua\u00e7\u00e3o do Minist\u00e9rio P\u00fablico com uma nota de 1 a 5, sendo 1 para menos importante e 5 para mais importante. Para responder ao question\u00e1rio, s\u00e3o necess\u00e1rios, em m\u00e9dia, entre cinco e dez minutos. No caso dos integrantes do Minist\u00e9rio P\u00fablico, membros ou servidores, as quest\u00f5es s\u00e3o mais detalhadas, elencando assuntos espec\u00edficos de cada \u00e1rea para prioriza\u00e7\u00e3o do respondente.<\/span><\/p>\n<p style=\"text-align: justify;\" align=\"justify\"><span style=\"font-size: 14pt;\">A aplica\u00e7\u00e3o do question\u00e1rio faz parte do amplo diagn\u00f3stico que est\u00e1 sendo realizado para elabora\u00e7\u00e3o do Planejamento Estrat\u00e9gico Nacional da institui\u00e7\u00e3o, que conta ainda com entrevistas presenciais, audi\u00eancias p\u00fablicas e encontros regionais parta ouvir a sociedade.<\/span><\/p>\n<p style=\"text-align: justify;\" align=\"justify\"><span style=\"font-size: 14pt;\">Na recomenda\u00e7\u00e3o, o procurador-geral de justi\u00e7a e o corregedor-geral do MPE\/AL, ressaltam que a participa\u00e7\u00e3o de membros, servidores e estagi\u00e1rios da institui\u00e7\u00e3o \u00e9 essencial no processo, tendo em vista que ser\u00e3o diagnosticadas as prioridades da atua\u00e7\u00e3o final\u00edstica e estruturante do Minist\u00e9rio P\u00fablico pelos pr\u00f3ximos dez anos.<\/span><\/p>\n","protected":false},"excerpt":{"rendered":"<p> [&hellip;]<\/p>\n","protected":false},"author":4,"featured_media":15409,"comment_status":"closed","ping_status":"closed","sticky":false,"template":"","format":"standard","meta":{"om_disable_all_campaigns":false,"_monsterinsights_skip_tracking":false,"_monsterinsights_sitenote_active":false,"_monsterinsights_sitenote_note":"","_monsterinsights_sitenote_category":0,"_uf_show_specific_survey":0,"_uf_disable_surveys":false,"footnotes":""},"categories":[48,2],"tags":[],"class_list":["post-15408","post","type-post","status-publish","format-standard","has-post-thumbnail","hentry","category-not_corregedoria","category-not_mpal"],"aioseo_notices":[],"_links":{"self":[{"href":"https:\/\/www.mpal.mp.br\/index.php?rest_route=\/wp\/v2\/posts\/15408","targetHints":{"allow":["GET"]}}],"collection":[{"href":"https:\/\/www.mpal.mp.br\/index.php?rest_route=\/wp\/v2\/posts"}],"about":[{"href":"https:\/\/www.mpal.mp.br\/index.php?rest_route=\/wp\/v2\/types\/post"}],"author":[{"embeddable":true,"href":"https:\/\/www.mpal.mp.br\/index.php?rest_route=\/wp\/v2\/users\/4"}],"replies":[{"embeddable":true,"href":"https:\/\/www.mpal.mp.br\/index.php?rest_route=%2Fwp%2Fv2%2Fcomments&post=15408"}],"version-history":[{"count":1,"href":"https:\/\/www.mpal.mp.br\/index.php?rest_route=\/wp\/v2\/posts\/15408\/revisions"}],"predecessor-version":[{"id":15410,"href":"https:\/\/www.mpal.mp.br\/index.php?rest_route=\/wp\/v2\/posts\/15408\/revisions\/15410"}],"wp:featuredmedia":[{"embeddable":true,"href":"https:\/\/www.mpal.mp.br\/index.php?rest_route=\/wp\/v2\/media\/15409"}],"wp:attachment":[{"href":"https:\/\/www.mpal.mp.br\/index.php?rest_route=%2Fwp%2Fv2%2Fmedia&parent=15408"}],"wp:term":[{"taxonomy":"category","embeddable":true,"href":"https:\/\/www.mpal.mp.br\/index.php?rest_route=%2Fwp%2Fv2%2Fcategories&post=15408"},{"taxonomy":"post_tag","embeddable":true,"href":"https:\/\/www.mpal.mp.br\/index.php?rest_route=%2Fwp%2Fv2%2Ftags&post=15408"}],"curies":[{"name":"wp","href":"https:\/\/api.w.org\/{rel}","templated":true}]}}