{"id":15395,"date":"2013-12-04T09:27:51","date_gmt":"2013-12-04T11:27:51","guid":{"rendered":"https:\/\/www.mpal.mp.br\/?p=15395"},"modified":"2022-08-10T09:29:02","modified_gmt":"2022-08-10T12:29:02","slug":"promotoria-de-defesa-do-meio-ambiente-firma-tac-para-combater-zoonoses-em-maceio-mpe-al-tambem-define-medidas-de-protecao-aos-animais","status":"publish","type":"post","link":"https:\/\/www.mpal.mp.br\/?p=15395","title":{"rendered":"Promotoria de Defesa do Meio Ambiente firma TAC para combater zoonoses em Macei\u00f3; MPE\/AL tamb\u00e9m define medidas de prote\u00e7\u00e3o aos animais"},"content":{"rendered":"<p style=\"text-align: justify;\"><span style=\"font-size: 14pt;\">A Promotoria de Defesa do Meio Ambiente da Capital publicou em Di\u00e1rio Oficial do Estado (DOE), na manh\u00e3 desta quarta-feira (04), um termo de ajustamento de conduta (TAC) que define medidas de prote\u00e7\u00e3o aos animais, combate \u00e0 prolifera\u00e7\u00e3o de zoonoses, reforma do Centro de Controle de Zoonoses (CCZ) e constru\u00e7\u00e3o e aparelhamento de canil, gatil e baias em Macei\u00f3. O Minist\u00e9rio P\u00fablico Estadual (MPE\/AL) foi \u00e1rbitro da assinatura do TAC entre a Comiss\u00e3o de Meio Ambiente, Bem-Estar Animal da OAB e a Prefeitura de Macei\u00f3.<\/span><\/p>\n<p style=\"text-align: justify;\"><span style=\"font-size: 14pt;\">O promotor Alberto Fonseca comandou a reuni\u00e3o que definiu o acordo que tem por objetivo combater a morte de animais sadios. A eutan\u00e1sia s\u00f3 ser\u00e1 autorizada nos casos previstos pelo Conselho Federal de Medicina Veterin\u00e1ria. O Munic\u00edpio se comprometeu a construir um canil, gatil e baias em local acess\u00edvel \u00e0 popula\u00e7\u00e3o para abrigar animais sadios destinados \u00e0 ado\u00e7\u00e3o. Dever\u00e1 haver ambiente com estrutura adequada para atendimento e exame cl\u00ednico, laborat\u00f3rio hematol\u00f3gico, fluidoterapia, ambulat\u00f3rio para pequenos procedimentos e recupera\u00e7\u00e3o de animais, e salas de cirurgia. A constru\u00e7\u00e3o deles deve atender aos crit\u00e9rios de bem estar animal.<\/span><\/p>\n<p style=\"text-align: justify;\"><span style=\"font-size: 14pt;\">A Secretaria Municipal de Sa\u00fade firmar\u00e1 parcerias com institui\u00e7\u00f5es de ensino e centros t\u00e9cnicos, para promover o controle de natalidade da popula\u00e7\u00e3o felina e canina do Munic\u00edpio de Macei\u00f3, com centro cir\u00fargico implantado e adequado a atender a demanda de cirurgias de esteriliza\u00e7\u00e3o no CCZ ou no canil e gatil a ser criado, considerado servi\u00e7o essencial de preven\u00e7\u00e3o \u00e0 sa\u00fade p\u00fablica.<\/span><\/p>\n<p style=\"text-align: justify;\"><span style=\"font-size: 14pt;\"><strong>Conscientiza\u00e7\u00e3o<\/strong><\/span><\/p>\n<p style=\"text-align: justify;\"><span style=\"font-size: 14pt;\">A Secretaria Municipal de Sa\u00fade vai inserir no Programa de Educa\u00e7\u00e3o Continuada a conscientiza\u00e7\u00e3o da popula\u00e7\u00e3o sobre o tema da guarda respons\u00e1vel de animais dom\u00e9sticos, podendo para tanto celebrar parcerias com entidades de prote\u00e7\u00e3o animal e outras organiza\u00e7\u00f5es governamentais e n\u00e3o-governamentais. O objetivo \u00e9 facilitar a divulga\u00e7\u00e3o do tema da guarda nas escolas p\u00fablicas e privadas, unidades de sa\u00fade e veterin\u00e1rios.<\/span><\/p>\n<p style=\"text-align: justify;\"><span style=\"font-size: 14pt;\">O material educativo deve conter orienta\u00e7\u00f5es sobre a responsabilidade do propriet\u00e1rio em rela\u00e7\u00e3o aos seus animais, a import\u00e2ncia da vacina\u00e7\u00e3o e vermifuga\u00e7\u00e3o de c\u00e3es e gatos, zoonoses, cuidados e formas de lidar com o animal, problemas decorrentes do n\u00famero de animais dom\u00e9sticos e import\u00e2ncia do controle da natalidade via da esteriliza\u00e7\u00e3o.<\/span><\/p>\n<p style=\"text-align: justify;\"><span style=\"font-size: 14pt;\">Sempre que for poss\u00edvel identifica\u00e7\u00e3o do autor de maus-tratos que cheguem ao CCZ, a institui\u00e7\u00e3o dever\u00e1 realizar a devida comunica\u00e7\u00e3o \u00e0 autoridade policial competente, fornecendo a qualifica\u00e7\u00e3o do autor do fato e endere\u00e7o, para que possam ser adotadas as medidas criminais cab\u00edveis. O Centro de Controle de Zoonose somente ter\u00e1 permiss\u00e3o de liberar animais para pesquisas ou estudos mediante comprova\u00e7\u00e3o da aprova\u00e7\u00e3o pela Comiss\u00e3o de \u00c9tica de Utiliza\u00e7\u00e3o de Animais competente.<\/span><\/p>\n<p style=\"text-align: justify;\"><span style=\"font-size: 14pt;\"><strong>Fiscaliza\u00e7\u00e3o<\/strong><\/span><\/p>\n<p style=\"text-align: justify;\"><span style=\"font-size: 14pt;\">A Secretaria Municipal de Sa\u00fade dever\u00e1 exercer a fiscaliza\u00e7\u00e3o devida em cl\u00ednicas veterin\u00e1rias, pets shops e similares para a observ\u00e2ncia da proibi\u00e7\u00e3o da exposi\u00e7\u00e3o de animais vivos em vitrinas, a qualquer t\u00edtulo, conforme art. 38, da Lei Municipal 5.318\/2003, e das demais obriga\u00e7\u00f5es legais dessas empresas.<\/span><\/p>\n","protected":false},"excerpt":{"rendered":"<p> [&hellip;]<\/p>\n","protected":false},"author":5,"featured_media":15149,"comment_status":"open","ping_status":"open","sticky":false,"template":"","format":"standard","meta":{"om_disable_all_campaigns":false,"_monsterinsights_skip_tracking":false,"_monsterinsights_sitenote_active":false,"_monsterinsights_sitenote_note":"","_monsterinsights_sitenote_category":0,"_uf_show_specific_survey":0,"_uf_disable_surveys":false,"footnotes":""},"categories":[2],"tags":[],"class_list":["post-15395","post","type-post","status-publish","format-standard","has-post-thumbnail","hentry","category-not_mpal"],"aioseo_notices":[],"_links":{"self":[{"href":"https:\/\/www.mpal.mp.br\/index.php?rest_route=\/wp\/v2\/posts\/15395","targetHints":{"allow":["GET"]}}],"collection":[{"href":"https:\/\/www.mpal.mp.br\/index.php?rest_route=\/wp\/v2\/posts"}],"about":[{"href":"https:\/\/www.mpal.mp.br\/index.php?rest_route=\/wp\/v2\/types\/post"}],"author":[{"embeddable":true,"href":"https:\/\/www.mpal.mp.br\/index.php?rest_route=\/wp\/v2\/users\/5"}],"replies":[{"embeddable":true,"href":"https:\/\/www.mpal.mp.br\/index.php?rest_route=%2Fwp%2Fv2%2Fcomments&post=15395"}],"version-history":[{"count":1,"href":"https:\/\/www.mpal.mp.br\/index.php?rest_route=\/wp\/v2\/posts\/15395\/revisions"}],"predecessor-version":[{"id":15396,"href":"https:\/\/www.mpal.mp.br\/index.php?rest_route=\/wp\/v2\/posts\/15395\/revisions\/15396"}],"wp:featuredmedia":[{"embeddable":true,"href":"https:\/\/www.mpal.mp.br\/index.php?rest_route=\/wp\/v2\/media\/15149"}],"wp:attachment":[{"href":"https:\/\/www.mpal.mp.br\/index.php?rest_route=%2Fwp%2Fv2%2Fmedia&parent=15395"}],"wp:term":[{"taxonomy":"category","embeddable":true,"href":"https:\/\/www.mpal.mp.br\/index.php?rest_route=%2Fwp%2Fv2%2Fcategories&post=15395"},{"taxonomy":"post_tag","embeddable":true,"href":"https:\/\/www.mpal.mp.br\/index.php?rest_route=%2Fwp%2Fv2%2Ftags&post=15395"}],"curies":[{"name":"wp","href":"https:\/\/api.w.org\/{rel}","templated":true}]}}