{"id":15391,"date":"2013-12-16T09:26:39","date_gmt":"2013-12-16T11:26:39","guid":{"rendered":"https:\/\/www.mpal.mp.br\/?p=15391"},"modified":"2022-08-10T09:27:26","modified_gmt":"2022-08-10T12:27:26","slug":"promotoria-de-defesa-do-meio-ambiente-investiga-lancamento-de-esgoto-clandestino-no-tabuleiro","status":"publish","type":"post","link":"https:\/\/www.mpal.mp.br\/?p=15391","title":{"rendered":"Promotoria de Defesa do Meio Ambiente investiga lan\u00e7amento de esgoto clandestino no Tabuleiro"},"content":{"rendered":"<p style=\"text-align: justify;\"><span style=\"font-size: 14pt;\">O Minist\u00e9rio P\u00fablico do Estado de Alagoas (MPE\/AL), por meio da 4\u00aa Promotoria de Justi\u00e7a da Capital \u2013 Defesa do Meio Ambiente, instaurou, nesta segunda-feira (16), um inqu\u00e9rito civil p\u00fablico para apurar o lan\u00e7amento clandestino de esgoto no bairro Tabuleiro dos Martins. O esgoto seria oriundo das resid\u00eancias enumeradas de 15 a 34, no leito da Rua Alameda, Quadra E4, Conjunto Jardim Petrop\u00f3lis II e estaria colocando em risco a sa\u00fade e o meio ambiente do local. A polui\u00e7\u00e3o tamb\u00e9m estaria provocando problemas relacionados \u00e0 qualidade de vida dos moradores.<\/span><\/p>\n<p style=\"text-align: justify;\"><span style=\"font-size: 14pt;\">De acordo com o titular da Promotoria, promotor Alberto Fonseca, \u00e9 necess\u00e1rio a Autoriza\u00e7\u00e3o Ambiental Municipal para as atividades ou empreendimentos que afetem o meio ambiente. \u201cA Constitui\u00e7\u00e3o Federal prev\u00ea a sujei\u00e7\u00e3o dos degradadores do meio ambiente, a imposi\u00e7\u00e3o de san\u00e7\u00f5es penais e administrativas, al\u00e9m da obriga\u00e7\u00e3o de reparar os danos causados\u201d, considerou Fonseca na portaria publicada no Di\u00e1rio Oficial de hoje.<\/span><\/p>\n<p style=\"text-align: justify;\"><span style=\"font-size: 14pt;\">O \u00a0MPE\/AL requisitou a per\u00edcia de constata\u00e7\u00e3o de dano ambiental \u00e0 Secretaria \u00a0Municipal de Prote\u00e7\u00e3o ao Meio Ambiente, com respostas aos quesitos a serem formulados pela 4\u00aa Promotoria de Justi\u00e7a da Capital, bem como \u00a0informa\u00e7\u00f5es acerca da adequa\u00e7\u00e3o do local \u00e0s normas urban\u00edsticas \u00e0 Superintend\u00eancia Municipal de Controle e Conv\u00edvio Urbano.<\/span><\/p>\n","protected":false},"excerpt":{"rendered":"<p> [&hellip;]<\/p>\n","protected":false},"author":5,"featured_media":15149,"comment_status":"open","ping_status":"open","sticky":false,"template":"","format":"standard","meta":{"om_disable_all_campaigns":false,"_monsterinsights_skip_tracking":false,"_monsterinsights_sitenote_active":false,"_monsterinsights_sitenote_note":"","_monsterinsights_sitenote_category":0,"_uf_show_specific_survey":0,"_uf_disable_surveys":false,"footnotes":""},"categories":[2],"tags":[],"class_list":["post-15391","post","type-post","status-publish","format-standard","has-post-thumbnail","hentry","category-not_mpal"],"aioseo_notices":[],"_links":{"self":[{"href":"https:\/\/www.mpal.mp.br\/index.php?rest_route=\/wp\/v2\/posts\/15391","targetHints":{"allow":["GET"]}}],"collection":[{"href":"https:\/\/www.mpal.mp.br\/index.php?rest_route=\/wp\/v2\/posts"}],"about":[{"href":"https:\/\/www.mpal.mp.br\/index.php?rest_route=\/wp\/v2\/types\/post"}],"author":[{"embeddable":true,"href":"https:\/\/www.mpal.mp.br\/index.php?rest_route=\/wp\/v2\/users\/5"}],"replies":[{"embeddable":true,"href":"https:\/\/www.mpal.mp.br\/index.php?rest_route=%2Fwp%2Fv2%2Fcomments&post=15391"}],"version-history":[{"count":1,"href":"https:\/\/www.mpal.mp.br\/index.php?rest_route=\/wp\/v2\/posts\/15391\/revisions"}],"predecessor-version":[{"id":15392,"href":"https:\/\/www.mpal.mp.br\/index.php?rest_route=\/wp\/v2\/posts\/15391\/revisions\/15392"}],"wp:featuredmedia":[{"embeddable":true,"href":"https:\/\/www.mpal.mp.br\/index.php?rest_route=\/wp\/v2\/media\/15149"}],"wp:attachment":[{"href":"https:\/\/www.mpal.mp.br\/index.php?rest_route=%2Fwp%2Fv2%2Fmedia&parent=15391"}],"wp:term":[{"taxonomy":"category","embeddable":true,"href":"https:\/\/www.mpal.mp.br\/index.php?rest_route=%2Fwp%2Fv2%2Fcategories&post=15391"},{"taxonomy":"post_tag","embeddable":true,"href":"https:\/\/www.mpal.mp.br\/index.php?rest_route=%2Fwp%2Fv2%2Ftags&post=15391"}],"curies":[{"name":"wp","href":"https:\/\/api.w.org\/{rel}","templated":true}]}}