{"id":15375,"date":"2014-04-04T09:19:43","date_gmt":"2014-04-04T12:19:43","guid":{"rendered":"https:\/\/www.mpal.mp.br\/?p=15375"},"modified":"2022-08-19T10:33:33","modified_gmt":"2022-08-19T13:33:33","slug":"promotoria-do-meio-ambiente-investiga-destruicao-da-mata-atlantica-no-litoral-norte-de-maceio","status":"publish","type":"post","link":"https:\/\/www.mpal.mp.br\/?p=15375","title":{"rendered":"Promotoria do Meio Ambiente investiga destrui\u00e7\u00e3o da Mata Atl\u00e2ntica no litoral norte de Macei\u00f3"},"content":{"rendered":"<p style=\"text-align: justify;\" align=\"JUSTIFY\"><span style=\"font-size: 14pt;\">A 4\u00ba Promotoria de Justi\u00e7a da Capital \u2013 Defesa do Meio Ambiente instaurou, nesta sexta-feira (04), um procedimento preparat\u00f3rio para apurar a den\u00fancia de supress\u00e3o do bioma Mata Atl\u00e2ntica pelo empreendimento Aldeia Mar, em um terreno localizado no distrito de Pescaria, litoral norte de Macei\u00f3. Segundo a Organiza\u00e7\u00e3o de Preserva\u00e7\u00e3o Ambiental (OPA!!!), autora da den\u00fancia, o desmatamento estaria acontecendo sem a regular anu\u00eancia do \u00f3rg\u00e3o ambiental estadual competente.<\/span><\/p>\n<p style=\"text-align: justify;\" align=\"JUSTIFY\"><span style=\"font-size: 14pt;\">O promotor Alberto Fonseca requisitar\u00e1 a per\u00edcia de constata\u00e7\u00e3o de dano ambiental ao Instituto do Meio Ambiente (IMA), com quesitos a serem respondidos no corpo da per\u00edcia. Tamb\u00e9m ser\u00e3o solicitadas informa\u00e7\u00f5es acerca da adequa\u00e7\u00e3o do empreendimento \u00e0s normas ambientais e urban\u00edsticas junto \u00e0 Secretaria Municipal de Prote\u00e7\u00e3o ao Meio Ambiente (SEMPMA) e a Superintend\u00eancia Municipal de Controle e Conv\u00edvio Urbano (SMCCU).<\/span><\/p>\n<p style=\"text-align: justify;\" align=\"JUSTIFY\"><span style=\"font-size: 14pt;\">\u201cA vegeta\u00e7\u00e3o afetada \u00e9 objeto de especial preserva\u00e7\u00e3o, por estar inserida no dom\u00ednio da Mata Atl\u00e2ntica, patrim\u00f4nio nacional, possuindo uma biota rica e diversificada, bem como a preocupa\u00e7\u00e3o da sociedade civil organizada com o estado de degrada\u00e7\u00e3o em que se encontra a Reserva da Biosfera da Mata Atl\u00e2ntica no Estado de Alagoas\u201d, considerou o promotor na portaria publicada do Di\u00e1rio Oficial do Estado hoje.<\/span><\/p>\n<p style=\"text-align: justify;\" align=\"JUSTIFY\"><span style=\"font-size: 14pt;\">Fonseca realizar\u00e1 uma audi\u00eancia no dia 11 de abril, a partir das 9h, na sede da Procuradoria Geral de Justi\u00e7a, no bairro do Po\u00e7o. A reuni\u00e3o deve contar com presen\u00e7a de representantes da SEMPMA, SMCCU, IMA, Batalh\u00e3o da Pol\u00edcia Ambiental, OPA!!! e a empresa investigada.<\/span><\/p>\n","protected":false},"excerpt":{"rendered":"<p> [&hellip;]<\/p>\n","protected":false},"author":5,"featured_media":15376,"comment_status":"open","ping_status":"open","sticky":false,"template":"","format":"standard","meta":{"om_disable_all_campaigns":false,"_monsterinsights_skip_tracking":false,"_monsterinsights_sitenote_active":false,"_monsterinsights_sitenote_note":"","_monsterinsights_sitenote_category":0,"_uf_show_specific_survey":0,"_uf_disable_surveys":false,"footnotes":""},"categories":[2],"tags":[],"class_list":["post-15375","post","type-post","status-publish","format-standard","has-post-thumbnail","hentry","category-not_mpal"],"aioseo_notices":[],"_links":{"self":[{"href":"https:\/\/www.mpal.mp.br\/index.php?rest_route=\/wp\/v2\/posts\/15375","targetHints":{"allow":["GET"]}}],"collection":[{"href":"https:\/\/www.mpal.mp.br\/index.php?rest_route=\/wp\/v2\/posts"}],"about":[{"href":"https:\/\/www.mpal.mp.br\/index.php?rest_route=\/wp\/v2\/types\/post"}],"author":[{"embeddable":true,"href":"https:\/\/www.mpal.mp.br\/index.php?rest_route=\/wp\/v2\/users\/5"}],"replies":[{"embeddable":true,"href":"https:\/\/www.mpal.mp.br\/index.php?rest_route=%2Fwp%2Fv2%2Fcomments&post=15375"}],"version-history":[{"count":1,"href":"https:\/\/www.mpal.mp.br\/index.php?rest_route=\/wp\/v2\/posts\/15375\/revisions"}],"predecessor-version":[{"id":15377,"href":"https:\/\/www.mpal.mp.br\/index.php?rest_route=\/wp\/v2\/posts\/15375\/revisions\/15377"}],"wp:featuredmedia":[{"embeddable":true,"href":"https:\/\/www.mpal.mp.br\/index.php?rest_route=\/wp\/v2\/media\/15376"}],"wp:attachment":[{"href":"https:\/\/www.mpal.mp.br\/index.php?rest_route=%2Fwp%2Fv2%2Fmedia&parent=15375"}],"wp:term":[{"taxonomy":"category","embeddable":true,"href":"https:\/\/www.mpal.mp.br\/index.php?rest_route=%2Fwp%2Fv2%2Fcategories&post=15375"},{"taxonomy":"post_tag","embeddable":true,"href":"https:\/\/www.mpal.mp.br\/index.php?rest_route=%2Fwp%2Fv2%2Ftags&post=15375"}],"curies":[{"name":"wp","href":"https:\/\/api.w.org\/{rel}","templated":true}]}}