{"id":15369,"date":"2014-04-15T09:13:18","date_gmt":"2014-04-15T12:13:18","guid":{"rendered":"https:\/\/www.mpal.mp.br\/?p=15369"},"modified":"2022-08-10T09:14:52","modified_gmt":"2022-08-10T12:14:52","slug":"promotoria-de-defesa-do-meio-ambiente-recomenda-suspensao-de-autorizacoes-ambientais-para-loteamento-em-pescaria","status":"publish","type":"post","link":"https:\/\/www.mpal.mp.br\/?p=15369","title":{"rendered":"Promotoria de Defesa do Meio Ambiente recomenda suspens\u00e3o de autoriza\u00e7\u00f5es ambientais para loteamento em Pescaria"},"content":{"rendered":"<p style=\"text-align: justify;\" align=\"JUSTIFY\"><span style=\"font-size: 14pt;\">O Minist\u00e9rio P\u00fablico do Estado de Alagoas (MPE\/AL), por meio da Promotoria de Justi\u00e7a Coletiva Especializada de Defesa do Meio Ambiente, recomendou \u00e0 Secretaria Municipal de Prote\u00e7\u00e3o ao Meio Ambiente (SEMPMA) a imediata suspens\u00e3o das autoriza\u00e7\u00f5es ambientais de supress\u00e3o de vegeta\u00e7\u00e3o nativa concedidas ao loteamento residencial Aldeia Mar. O empreendimento fica no distrito de Pescaria, litoral norte de Macei\u00f3. Na sexta-feira passada, a Promotoria de Justi\u00e7a realizou uma audi\u00eancia p\u00fablica para apurar a destrui\u00e7\u00e3o de Mata Atl\u00e2ntica na regi\u00e3o pela empresa\u00a0<span lang=\"pt-BR\">Ativa Empreendimentos\u00a0<\/span><span lang=\"pt-BR\">LTDA<\/span>.<\/span><\/p>\n<p style=\"text-align: justify;\" align=\"JUSTIFY\"><span style=\"font-size: 14pt;\">A SEMPMA tem dez dias para informar se acata ou n\u00e3o a recomenda\u00e7\u00e3o. \u201cO n\u00e3o atendimento sem justificativa da presente recomenda\u00e7\u00e3o importar\u00e1 na responsabiliza\u00e7\u00e3o e no ajuizamento das medidas judiciais civis e criminais, visando resguardar o bem ambiental tutelado, inclusive, com a propositura de apropriada a\u00e7\u00e3o civil p\u00fablica por improbidade administrativa\u201d, diz o procedimento assinado pelo promotor de Justi\u00e7a Alberto Fonseca.<\/span><\/p>\n<p style=\"text-align: justify;\" align=\"JUSTIFY\"><span style=\"font-size: 14pt;\">J\u00e1 ao Instituto do Meio Ambiente (IMA), o MPE\/AL deu o prazo de 30 dias para o \u00f3rg\u00e3o informar a exist\u00eancia de esp\u00e9cies de fauna e flora amea\u00e7adas de extin\u00e7\u00e3o no local. Al\u00e9m das entidades e \u00f3rg\u00e3os citados, estiveram presentes na audi\u00eancia representantes da Superintend\u00eancia Municipal de Controle e Conv\u00edvio Urbano (SMCCU) e da Organiza\u00e7\u00e3o de Prote\u00e7\u00e3o Ambiental (OPA), autora da den\u00fancia de desmatamento.<\/span><\/p>\n<p style=\"text-align: justify;\" align=\"JUSTIFY\"><span style=\"font-size: 14pt;\"><strong>Defesa do Consumidor<\/strong><\/span><\/p>\n<p style=\"text-align: justify;\" align=\"JUSTIFY\"><span style=\"font-size: 14pt;\">A Promotoria de Justi\u00e7a Coletiva de Defesa do Consumidor tamb\u00e9m dever\u00e1 acompanhar o caso, visto que o empreendimento tem divulgado servi\u00e7os que dependem de autoriza\u00e7\u00e3o do poder p\u00fablico. \u00c9 o caso da constru\u00e7\u00e3o da guarita de seguran\u00e7a do loteamento que ainda n\u00e3o foi autorizado pela SMCCU. O MPE\/AL deve apurar se o consumidor est\u00e1 ciente da possibilidade de precisar obter a licen\u00e7a ambiental para a supress\u00e3o da vegeta\u00e7\u00e3o do lote adquirido.<\/span><\/p>\n<p style=\"text-align: justify;\" align=\"JUSTIFY\"><span style=\"font-size: 14pt;\">De acordo com a SEMPMA, a autoriza\u00e7\u00e3o de supress\u00e3o de mata vale apenas para as<span lang=\"pt-BR\">\u00a0\u00e1reas de ruas e vias de circula\u00e7\u00e3o. A autoriza\u00e7\u00e3o n\u00e3o vale para lotes\u00a0<\/span><span lang=\"pt-BR\">e \u00e1reas comuns.\u00a0<\/span><span lang=\"pt-BR\">O representante da Ativa Empreendimentos, respons\u00e1vel pelo loteamento residencial, n\u00e3o soube informar\u00a0<\/span><span lang=\"pt-BR\">se\u00a0<\/span><span lang=\"pt-BR\">o propriet\u00e1rio da empresa pretende solicitar \u00e0 Prefeitura de Macei\u00f3 a autoriza\u00e7\u00e3o para a supress\u00e3o de toda a \u00e1rea ou se deixar\u00e1 para que cada propriet\u00e1rio obtenha\u00a0<\/span><span lang=\"pt-BR\">a licen\u00e7a.<\/span><\/span><\/p>\n","protected":false},"excerpt":{"rendered":"<p> [&hellip;]<\/p>\n","protected":false},"author":5,"featured_media":15149,"comment_status":"open","ping_status":"open","sticky":false,"template":"","format":"standard","meta":{"om_disable_all_campaigns":false,"_monsterinsights_skip_tracking":false,"_monsterinsights_sitenote_active":false,"_monsterinsights_sitenote_note":"","_monsterinsights_sitenote_category":0,"_uf_show_specific_survey":0,"_uf_disable_surveys":false,"footnotes":""},"categories":[2],"tags":[],"class_list":["post-15369","post","type-post","status-publish","format-standard","has-post-thumbnail","hentry","category-not_mpal"],"aioseo_notices":[],"_links":{"self":[{"href":"https:\/\/www.mpal.mp.br\/index.php?rest_route=\/wp\/v2\/posts\/15369","targetHints":{"allow":["GET"]}}],"collection":[{"href":"https:\/\/www.mpal.mp.br\/index.php?rest_route=\/wp\/v2\/posts"}],"about":[{"href":"https:\/\/www.mpal.mp.br\/index.php?rest_route=\/wp\/v2\/types\/post"}],"author":[{"embeddable":true,"href":"https:\/\/www.mpal.mp.br\/index.php?rest_route=\/wp\/v2\/users\/5"}],"replies":[{"embeddable":true,"href":"https:\/\/www.mpal.mp.br\/index.php?rest_route=%2Fwp%2Fv2%2Fcomments&post=15369"}],"version-history":[{"count":1,"href":"https:\/\/www.mpal.mp.br\/index.php?rest_route=\/wp\/v2\/posts\/15369\/revisions"}],"predecessor-version":[{"id":15370,"href":"https:\/\/www.mpal.mp.br\/index.php?rest_route=\/wp\/v2\/posts\/15369\/revisions\/15370"}],"wp:featuredmedia":[{"embeddable":true,"href":"https:\/\/www.mpal.mp.br\/index.php?rest_route=\/wp\/v2\/media\/15149"}],"wp:attachment":[{"href":"https:\/\/www.mpal.mp.br\/index.php?rest_route=%2Fwp%2Fv2%2Fmedia&parent=15369"}],"wp:term":[{"taxonomy":"category","embeddable":true,"href":"https:\/\/www.mpal.mp.br\/index.php?rest_route=%2Fwp%2Fv2%2Fcategories&post=15369"},{"taxonomy":"post_tag","embeddable":true,"href":"https:\/\/www.mpal.mp.br\/index.php?rest_route=%2Fwp%2Fv2%2Ftags&post=15369"}],"curies":[{"name":"wp","href":"https:\/\/api.w.org\/{rel}","templated":true}]}}