{"id":15359,"date":"2014-04-09T09:08:27","date_gmt":"2014-04-09T12:08:27","guid":{"rendered":"https:\/\/www.mpal.mp.br\/?p=15359"},"modified":"2022-08-10T09:11:57","modified_gmt":"2022-08-10T12:11:57","slug":"mpe-al-defende-criacao-de-politicas-publicas-de-arborizacao-para-maceio","status":"publish","type":"post","link":"https:\/\/www.mpal.mp.br\/?p=15359","title":{"rendered":"MPE\/AL defende cria\u00e7\u00e3o de pol\u00edticas p\u00fablicas de arboriza\u00e7\u00e3o para Macei\u00f3"},"content":{"rendered":"<div class=\"content-wrapper-1\">\n<div class=\"content-wrapper-2\">\n<div id=\"mainmiddle\">\n<div id=\"mainmiddle-expand\">\n<div id=\"content\">\n<div id=\"content-shift\">\n<div class=\"floatbox\">\n<div class=\"joomla \">\n<div class=\"article\">\n<div id=\"articlepxfontsize1\">\n<p style=\"text-align: justify;\" align=\"JUSTIFY\"><span style=\"font-size: 14pt;\">Motivado pelas constantes den\u00fancias de supress\u00e3o digital, o Minist\u00e9rio P\u00fablico do Estado de Alagoas (MPE\/AL), por meio da 4\u00aa Promotoria de Justi\u00e7a da Capital \u2013 Defesa do Meio Ambiente, realizou, na manh\u00e3 desta sexta-feira (9), uma audi\u00eancia p\u00fablica para discutir a cria\u00e7\u00e3o de pol\u00edtica p\u00fablicas de arboriza\u00e7\u00e3o em Macei\u00f3. A elabora\u00e7\u00e3o das pol\u00edticas est\u00e3o previstas no Plano Diretor do munic\u00edpio, mas ainda n\u00e3o foram implantadas.<\/span><\/p>\n<p style=\"text-align: justify;\" align=\"JUSTIFY\"><span style=\"font-size: 14pt;\">A Secretaria Municipal de Prote\u00e7\u00e3o ao Meio Ambiente (SEMPMA), a Secretaria Municipal de Planejamento (SEMPLA) e a Superintend\u00eancia de Limpeza Urbana de Macei\u00f3 compareceram ao encontro comandado pelo promotor de Justi\u00e7a Alberto Fonseca na sede da Procuradoria Geral de Justi\u00e7a, no bairro do Po\u00e7o. O representante do MPE\/AL entende que a efetiva\u00e7\u00e3o da arboriza\u00e7\u00e3o na capital melhoraria a qualidade de vida dos maceioenses.<\/span><\/p>\n<p style=\"text-align: justify;\" align=\"JUSTIFY\"><span style=\"font-size: 14pt;\">\u201cA correta planta\u00e7\u00e3o e manuten\u00e7\u00e3o de \u00e1rvores, flores e demais esp\u00e9cies de flora tornam a conviv\u00eancia no espa\u00e7o p\u00fablico mais agrad\u00e1vel, j\u00e1 que reduz n\u00e3o s\u00f3 a temperatura, como tamb\u00e9m a polui\u00e7\u00e3o sonora e atmosf\u00e9rica. Se pensarmos no aspecto est\u00e9tico, tamb\u00e9m observamos o aumento da diversidade, que hoje est\u00e1 limitada na cidade a, praticamente, quatro tipos de plantas: coqueiro, amendoeiras, figueiras e ac\u00e1cias-mimosas\u201d, disse Alberto Fonseca.<\/span><\/p>\n<p style=\"text-align: justify;\" align=\"JUSTIFY\"><span style=\"font-size: 14pt;\">Os \u00f3rg\u00e3os p\u00fablicos presentes definiram a cria\u00e7\u00e3o de um grupo de trabalho para amadurecer um invent\u00e1rio flor\u00edstico da cidade, que corresponde a um estudo da arboriza\u00e7\u00e3o j\u00e1 existente. \u201cAl\u00e9m do coletivo, a discuss\u00e3o seria aberta \u00e0 sociedade civil organizada e a centros de pesquisas, a exemplo das universidades, que ter\u00e3o acesso \u00e0s audi\u00eancias p\u00fablicas referentes ao tema\u201d, destacou o chefe de gabinete da SEMPMA, Carlos Eduardo Ribeiro, que representava o secret\u00e1rio da pasta.<\/span><\/p>\n<p style=\"text-align: justify;\" align=\"JUSTIFY\"><span style=\"font-size: 14pt;\"><strong>Invent\u00e1rio flor\u00edstico garante diversidade<\/strong><\/span><\/p>\n<p style=\"text-align: justify;\" align=\"JUSTIFY\"><span style=\"font-size: 14pt;\">Para o engenheiro agr\u00f4nomo Valdir Martiniano Silva, o invent\u00e1rio flor\u00edstico \u00e9 fundamental para elaborar a pol\u00edtica p\u00fablica em destaque. \u201cCom o estudo, vamos diagnosticar as esp\u00e9cies existentes, a quantidade de cada uma, o estado de sa\u00fade da planta, a idade e onde ela se localiza. A localiza\u00e7\u00e3o poderia ser identificada, inclusive com GPS, para termos um controle digital das nossas plantas e facilitar a disponibilidade de dados sobre as plantas de Macei\u00f3 para a popula\u00e7\u00e3o, disse\u201d.<\/span><\/p>\n<p style=\"text-align: justify;\" align=\"JUSTIFY\"><span style=\"font-size: 14pt;\">\u201cNenhuma esp\u00e9cie deve ter mais de 15% do total de indiv\u00edduos num dado espa\u00e7o porque facilita a incid\u00eancia de pragas. Entendo que a arboriza\u00e7\u00e3o no munic\u00edpio deve ser implantada com base na diversidade da flora e com prefer\u00eancia de esp\u00e9cie nativas. As plantas originais s\u00e3o mais adapt\u00e1veis ao solo e ao clima locais, o que facilita a obten\u00e7\u00e3o de mudas e, no geral, \u00e9 mais atraente \u00e0 fauna. Quanto \u00e0 est\u00e9tica, a diversidade de plantas permite uma varia\u00e7\u00e3o arquitet\u00f4nica de copas e a flora\u00e7\u00e3o em v\u00e1rias \u00e9pocas do ano, como ocorre em Vit\u00f3ria e Belo Horizonte\u201d, completa Valdir Martiniano.<\/span><\/p>\n<p style=\"text-align: justify;\" align=\"JUSTIFY\"><span style=\"font-size: 14pt;\"><strong>Coqueiros<\/strong><\/span><\/p>\n<p style=\"text-align: justify;\" align=\"JUSTIFY\"><span style=\"font-size: 14pt;\">Na audi\u00eancia p\u00fablica realizada hoje, a Promotoria de Justi\u00e7a de Defesa do Meio Ambiente tamb\u00e9m solicitou que a SEMPMA informe a origem e os valores das mudas de coqueiras adquiridas pelo munic\u00edpio. Desde que a Prefeitura Municipal instituiu a planta como \u00e1rvore s\u00edmbolo da cidade, v\u00e1rios coqueiros foram plantados na cidade, sem que houvesse viveiros de muda em Macei\u00f3. A Secretaria tem o prazo de 30 dias para repassar as informa\u00e7\u00f5es ao promotor de Justi\u00e7a Alberto Fonseca.<\/span><\/p>\n<\/div>\n<\/div>\n<\/div>\n<\/div>\n<\/div>\n<\/div>\n<\/div>\n<\/div>\n<\/div>\n<\/div>\n<div class=\"content-wrapper-b1\">\n<div class=\"content-wrapper-b2\" style=\"text-align: justify;\"><\/div>\n<\/div>\n","protected":false},"excerpt":{"rendered":"<p> [&hellip;]<\/p>\n","protected":false},"author":5,"featured_media":15362,"comment_status":"open","ping_status":"open","sticky":false,"template":"","format":"standard","meta":{"om_disable_all_campaigns":false,"_monsterinsights_skip_tracking":false,"_monsterinsights_sitenote_active":false,"_monsterinsights_sitenote_note":"","_monsterinsights_sitenote_category":0,"_uf_show_specific_survey":0,"_uf_disable_surveys":false,"footnotes":""},"categories":[2],"tags":[],"class_list":["post-15359","post","type-post","status-publish","format-standard","has-post-thumbnail","hentry","category-not_mpal"],"aioseo_notices":[],"_links":{"self":[{"href":"https:\/\/www.mpal.mp.br\/index.php?rest_route=\/wp\/v2\/posts\/15359","targetHints":{"allow":["GET"]}}],"collection":[{"href":"https:\/\/www.mpal.mp.br\/index.php?rest_route=\/wp\/v2\/posts"}],"about":[{"href":"https:\/\/www.mpal.mp.br\/index.php?rest_route=\/wp\/v2\/types\/post"}],"author":[{"embeddable":true,"href":"https:\/\/www.mpal.mp.br\/index.php?rest_route=\/wp\/v2\/users\/5"}],"replies":[{"embeddable":true,"href":"https:\/\/www.mpal.mp.br\/index.php?rest_route=%2Fwp%2Fv2%2Fcomments&post=15359"}],"version-history":[{"count":1,"href":"https:\/\/www.mpal.mp.br\/index.php?rest_route=\/wp\/v2\/posts\/15359\/revisions"}],"predecessor-version":[{"id":15363,"href":"https:\/\/www.mpal.mp.br\/index.php?rest_route=\/wp\/v2\/posts\/15359\/revisions\/15363"}],"wp:featuredmedia":[{"embeddable":true,"href":"https:\/\/www.mpal.mp.br\/index.php?rest_route=\/wp\/v2\/media\/15362"}],"wp:attachment":[{"href":"https:\/\/www.mpal.mp.br\/index.php?rest_route=%2Fwp%2Fv2%2Fmedia&parent=15359"}],"wp:term":[{"taxonomy":"category","embeddable":true,"href":"https:\/\/www.mpal.mp.br\/index.php?rest_route=%2Fwp%2Fv2%2Fcategories&post=15359"},{"taxonomy":"post_tag","embeddable":true,"href":"https:\/\/www.mpal.mp.br\/index.php?rest_route=%2Fwp%2Fv2%2Ftags&post=15359"}],"curies":[{"name":"wp","href":"https:\/\/api.w.org\/{rel}","templated":true}]}}