{"id":1535,"date":"2006-02-05T11:50:56","date_gmt":"2006-02-05T13:50:56","guid":{"rendered":"https:\/\/www.mpal.mp.br\/?p=1535"},"modified":"2022-03-07T12:01:34","modified_gmt":"2022-03-07T15:01:34","slug":"concurso-publico-para-servidores-2006","status":"publish","type":"post","link":"https:\/\/www.mpal.mp.br\/?p=1535","title":{"rendered":"Concurso P\u00fablico para Servidores 2006"},"content":{"rendered":"<div class=\"fusion-fullwidth fullwidth-box fusion-builder-row-1 nonhundred-percent-fullwidth non-hundred-percent-height-scrolling\"  style='background-color: #ffffff;background-position: center center;background-repeat: no-repeat;padding-top:0px;padding-right:0px;padding-bottom:0px;padding-left:0px;'><div class=\"fusion-builder-row fusion-row \"><div  class=\"fusion-layout-column fusion_builder_column fusion_builder_column_1_1 fusion-builder-column-1 fusion-one-full fusion-column-first fusion-column-last 1_1\"  style='margin-top:0px;margin-bottom:20px;'>\n\t\t\t\t\t<div class=\"fusion-column-wrapper\" style=\"padding: 0px 0px 0px 0px;background-position:left top;background-repeat:no-repeat;-webkit-background-size:cover;-moz-background-size:cover;-o-background-size:cover;background-size:cover;\"   data-bg-url=\"\">\n\t\t\t\t\t\t<div class=\"fusion-text\"><p style=\"text-align: justify;\" data-raofz=\"14\"><span style=\"font-size: 14pt;\" data-raofz=\"13\">O PROCURADOR-GERAL DE JUSTI\u00c7A DO ESTADO DE ALAGOAS torna p\u00fablica a realiza\u00e7\u00e3o do I concurso p\u00fablico para provimento de vagas e forma\u00e7\u00e3o de cadastro de reserva em cargos de n\u00edvel superior, de n\u00edvel m\u00e9dio e de n\u00edvel fundamental do Minist\u00e9rio P\u00fablico do Estado de Alagoas.<\/span><\/p>\n<p style=\"text-align: justify;\" data-raofz=\"14\"><span style=\"font-size: 18pt;\"><strong>Detalhamento:<\/strong><\/span><\/p>\n<\/div><ul class=\"fusion-checklist fusion-checklist-1\" style=\"font-size:14px;line-height:23.8px;\"><li class=\"fusion-li-item\"><span style=\"height:23.8px;width:23.8px;margin-right:9.8px;\" class=\"icon-wrapper circle-no\"><i class=\"fusion-li-icon fa fa-check\" style=\"color:#ffffff;\"><\/i><\/span><div class=\"fusion-li-item-content\" style=\"margin-left:33.6px;\">\n<ul>\n<li data-raofz=\"14\"><span data-raofz=\"14\"><strong>In\u00edcio das Inscri\u00e7\u00f5es:<\/strong> 10 horas do dia 6 de fevereiro de 2006<\/span><\/li>\n<li data-raofz=\"14\"><span data-raofz=\"14\"><strong>Fim das Inscri\u00e7\u00f5es:<\/strong> 23 horas e 59 minutos do dia 19 de fevereiro de 2006<\/span><\/li>\n<li data-raofz=\"14\"><span data-raofz=\"14\"><strong>Taxa de Inscri\u00e7\u00e3o:<\/strong> R$ 45,00 para os cargos de n\u00edvel superior <strong>|<\/strong> R$ 35,00 para o cargo de Administrador de Rede <strong>|<\/strong> R$ 30,00 para os cargos de n\u00edvel m\u00e9dio, exceto para o cargo de Administrador de Rede <strong>|<\/strong> R$ 25,00, para os cargos de n\u00edvel fundamental.<\/span><\/li>\n<li data-raofz=\"14\"><span data-raofz=\"14\"><strong>Escolaridade:<\/strong> N\u00edvel M\u00e9dio e N\u00edvel Superior<\/span><\/li>\n<li data-raofz=\"14\"><span data-raofz=\"14\"><strong>Vagas:<\/strong> provimento de vagas e forma\u00e7\u00e3o de cadastro de reserva<\/span><\/li>\n<li data-raofz=\"14\"><span data-raofz=\"14\"><strong>Remunera\u00e7\u00e3o:<\/strong> R$ 850,00 (fundamental) <strong>\/<\/strong> R$ 1.050,00 a R$ 1.300,00 (m\u00e9dio) <strong>\/<\/strong> R$1.700,00 (superior)<\/span><\/li>\n<li data-raofz=\"14\"><span data-raofz=\"14\"><strong>Data das Provas:<\/strong> 09 de abril de 2006<\/span><\/li>\n<li data-raofz=\"14\"><span data-raofz=\"14\"><strong>Data de Divulga\u00e7\u00e3o do Resultado:<\/strong> 05 de maio de 2006<\/span><\/li>\n<\/ul>\n<\/div><\/li><\/ul><div class=\"fusion-sep-clear\"><\/div><div class=\"fusion-separator fusion-full-width-sep sep-none\" style=\"margin-left: auto;margin-right: auto;margin-top:10px;\"><\/div><div class=\"fusion-text\"><p><span style=\"font-size: 14pt;\"><i class=\"fontawesome-icon fa-link fas circle-no\" style=\"font-size:18px;margin-right:9px;color:#003866;\"><\/i><a href=\"http:\/\/www.cespe.unb.br\/concursos\/_antigos\/2006\/MPEAL2006\/\" target=\"_blank\" rel=\"noopener\">Link da P\u00e1gina &#8211; Entidade Organizadora <\/a><\/span><\/p>\n<\/div><style type=\"text\/css\"><\/style><div class=\"fusion-title title fusion-title-1 fusion-title-text fusion-title-size-three\" style=\"margin-top:40px;margin-bottom:31px;\"><h3 class=\"title-heading-left\" style=\"margin:0;color:#ffffff;\"><strong><span style=\"font-size: 14pt; color: #003866;\">Anexos<\/span><\/strong><\/h3><div class=\"title-sep-container\"><div class=\"title-sep sep-double sep-solid\" style=\"border-color:#003866;\"><\/div><\/div><\/div><div class=\"fusion-text\"><p><span style=\"font-size: 14pt;\"><i class=\"fontawesome-icon fa-file-pdf fas circle-no\" style=\"font-size:18px;margin-right:9px;color:#003866;\"><\/i><a href=\"https:\/\/www.mpal.mp.br\/wp-content\/uploads\/2022\/03\/ED_2006_MPAL_5_RES_FIN_PROV_DISC_E_FIN_CONC.pdf\" target=\"_blank\" rel=\"noopener\">Resultado Final do Concurso<\/a><\/span><\/p>\n<\/div><div class=\"fusion-text\"><p><span style=\"font-size: 14pt;\"><i class=\"fontawesome-icon fa-file-pdf fas circle-no\" style=\"font-size:18px;margin-right:9px;color:#003866;\"><\/i><a href=\"https:\/\/www.mpal.mp.br\/wp-content\/uploads\/2022\/03\/ED_2006_MPAL_4_RES_FIN_OBJ_E_RES_PROV_RED.pdf\" target=\"_blank\" rel=\"noopener\">Resultado final da prova objetiva e provis\u00f3rio da reda\u00e7\u00e3o<\/a><\/span><\/p>\n<\/div><div class=\"fusion-text\"><p><span style=\"font-size: 14pt;\"><i class=\"fontawesome-icon fa-file-pdf fas circle-no\" style=\"font-size:18px;margin-right:9px;color:#003866;\"><\/i><a href=\"https:\/\/www.mpal.mp.br\/wp-content\/uploads\/2022\/03\/ED_2006_MPAL_ABT_FINAL.pdf\" target=\"_blank\" rel=\"noopener\">Edital de Abertura<\/a><\/span><\/p>\n<\/div><div class=\"fusion-clearfix\"><\/div>\n\n\t\t\t\t\t<\/div>\n\t\t\t\t<\/div><\/div><\/div>\n","protected":false},"excerpt":{"rendered":"","protected":false},"author":2,"featured_media":1539,"comment_status":"open","ping_status":"open","sticky":false,"template":"","format":"standard","meta":{"om_disable_all_campaigns":false,"_monsterinsights_skip_tracking":false,"_monsterinsights_sitenote_active":false,"_monsterinsights_sitenote_note":"","_monsterinsights_sitenote_category":0,"_uf_show_specific_survey":0,"_uf_disable_surveys":false,"footnotes":""},"categories":[18],"tags":[],"class_list":["post-1535","post","type-post","status-publish","format-standard","has-post-thumbnail","hentry","category-not_concursos"],"aioseo_notices":[],"_links":{"self":[{"href":"https:\/\/www.mpal.mp.br\/index.php?rest_route=\/wp\/v2\/posts\/1535","targetHints":{"allow":["GET"]}}],"collection":[{"href":"https:\/\/www.mpal.mp.br\/index.php?rest_route=\/wp\/v2\/posts"}],"about":[{"href":"https:\/\/www.mpal.mp.br\/index.php?rest_route=\/wp\/v2\/types\/post"}],"author":[{"embeddable":true,"href":"https:\/\/www.mpal.mp.br\/index.php?rest_route=\/wp\/v2\/users\/2"}],"replies":[{"embeddable":true,"href":"https:\/\/www.mpal.mp.br\/index.php?rest_route=%2Fwp%2Fv2%2Fcomments&post=1535"}],"version-history":[{"count":3,"href":"https:\/\/www.mpal.mp.br\/index.php?rest_route=\/wp\/v2\/posts\/1535\/revisions"}],"predecessor-version":[{"id":1544,"href":"https:\/\/www.mpal.mp.br\/index.php?rest_route=\/wp\/v2\/posts\/1535\/revisions\/1544"}],"wp:featuredmedia":[{"embeddable":true,"href":"https:\/\/www.mpal.mp.br\/index.php?rest_route=\/wp\/v2\/media\/1539"}],"wp:attachment":[{"href":"https:\/\/www.mpal.mp.br\/index.php?rest_route=%2Fwp%2Fv2%2Fmedia&parent=1535"}],"wp:term":[{"taxonomy":"category","embeddable":true,"href":"https:\/\/www.mpal.mp.br\/index.php?rest_route=%2Fwp%2Fv2%2Fcategories&post=1535"},{"taxonomy":"post_tag","embeddable":true,"href":"https:\/\/www.mpal.mp.br\/index.php?rest_route=%2Fwp%2Fv2%2Ftags&post=1535"}],"curies":[{"name":"wp","href":"https:\/\/api.w.org\/{rel}","templated":true}]}}