{"id":15311,"date":"2022-08-08T10:58:44","date_gmt":"2022-08-08T13:58:44","guid":{"rendered":"https:\/\/www.mpal.mp.br\/?p=15311"},"modified":"2024-08-06T13:49:39","modified_gmt":"2024-08-06T16:49:39","slug":"ministerio-publico-de-alagoas-empossa-novo-servidor-aprovado-em-concurso-publico-2","status":"publish","type":"post","link":"https:\/\/www.mpal.mp.br\/?p=15311","title":{"rendered":"Minist\u00e9rio P\u00fablico de Alagoas empossa novo servidor aprovado em concurso p\u00fablico"},"content":{"rendered":"<div class=\"fusion-fullwidth fullwidth-box fusion-builder-row-1 nonhundred-percent-fullwidth non-hundred-percent-height-scrolling\"  style='background-color: #ffffff;background-position: center center;background-repeat: no-repeat;padding-top:0px;padding-right:0px;padding-bottom:0px;padding-left:0px;'><div class=\"fusion-builder-row fusion-row \"><div  class=\"fusion-layout-column fusion_builder_column fusion_builder_column_1_1 fusion-builder-column-1 fusion-one-full fusion-column-first fusion-column-last 1_1\"  style='margin-top:0px;margin-bottom:0px;'>\n\t\t\t\t\t<div class=\"fusion-column-wrapper\" style=\"padding: 0px 0px 0px 0px;background-position:left top;background-repeat:no-repeat;-webkit-background-size:cover;-moz-background-size:cover;-o-background-size:cover;background-size:cover;\"   data-bg-url=\"\">\n\t\t\t\t\t\t<div class=\"fusion-text\"><p style=\"text-align: justify;\" align=\"justify\" data-raofz=\"14\"><span style=\"font-size: 14pt;\" data-raofz=\"14\">O Minist\u00e9rio P\u00fablico do Estado de Alagoas, por meio do procurador-geral de Justi\u00e7a, M\u00e1rcio Roberto Ten\u00f3rio de Albuquerque, deu posse, nesta segunda-feira (08), a um novo servidor aprovado no concurso p\u00fablico realizado no segundo semestre de 2018. Ethiene Ribeiro Fonseca vai desempenhar suas atividades na Diretoria de Comunica\u00e7\u00e3o Social, no pr\u00e9dio-sede da institui\u00e7\u00e3o.<\/span><\/p>\n<p style=\"text-align: justify;\" align=\"justify\" data-raofz=\"14\"><span style=\"font-size: 14pt;\" data-raofz=\"14\">Com o ato solene de posse realizado, o novo funcion\u00e1rio p\u00fablico do MPAL j\u00e1 entrou em exerc\u00edcio imediatamente. Ele est\u00e1 ocupando a fun\u00e7\u00e3o de analista de comunica\u00e7\u00e3o. Ap\u00f3s assinar o ato de nomea\u00e7\u00e3o, M\u00e1rcio Roberto Ten\u00f3rio de Albuquerque desejou boas-vindas a Ethiene Fonseca e falou da sua certeza de que o novo analista dar\u00e1 grande contribui\u00e7\u00e3o ao Minist\u00e9rio P\u00fablico: \u201cA comunica\u00e7\u00e3o \u00e9 um setor estrat\u00e9gico, que tem uma miss\u00e3o muito importante de nos ajudar a levar informa\u00e7\u00e3o e conhecimento \u00e0 sociedade, que \u00e9 a destinat\u00e1ria final da nossa presta\u00e7\u00e3o de servi\u00e7o. Sei que seu papel dentro do setor fortalecer\u00e1 esse papel t\u00e3o importante de aproximar o Minist\u00e9rio P\u00fablico do cidad\u00e3o\u201d, disse o procurador-geral de Justi\u00e7a.<\/span><\/p>\n<p style=\"text-align: justify;\" align=\"justify\" data-raofz=\"14\"><span style=\"font-size: 14pt;\" data-raofz=\"14\">O chefe do MPAL tamb\u00e9m destacou que a institui\u00e7\u00e3o tem buscado a valoriza\u00e7\u00e3o dos servidores, tendo implantado o plano de cargos e carreiras e oferecido, anualmente, o reajuste salarial. \u201cSabemos que os servidores desenvolvem um trabalho s\u00e9rio e que merece o nosso respeito e reconhecimento, por isso, n\u00e3o medimos esfor\u00e7os para atender as reivindica\u00e7\u00f5es que nos chegam. Portanto, saiba que voc\u00ea, a partir de agora, far\u00e1 parte desse seleto grupo. Desejo sucesso na carreira que ora come\u00e7a dentro da fam\u00edlia Minist\u00e9rio P\u00fablico de Alagoas\u201d, acrescentou ele.<\/span><\/p>\n<p style=\"text-align: justify;\" align=\"justify\" data-raofz=\"14\"><span style=\"font-size: 14pt;\" data-raofz=\"14\">Ethiene Ribeiro Fonseca\u00a0\u00e9\u00a0baiano\u00a0e, antes de tomar posse no MPAL,\u00a0trabalhava\u00a0como servidor, tamb\u00e9m concursado, na Assembleia Legislativa do Estado de Sergipe,\u00a0exercendo a fun\u00e7\u00e3o de jornalista.\u00a0\u201cH\u00e1 quatro anos, todos os dias, eu lia o di\u00e1rio oficial do Minist\u00e9rio P\u00fablico na esperan\u00e7a de ver a minha nomea\u00e7\u00e3o.\u00a0E finalmente ela chegou no dia 8 de julho, e eu estou muito feliz em poder fazer parte, a partir de hoje, dessa institui\u00e7\u00e3o que \u00e9 t\u00e3o importante na vida da popula\u00e7\u00e3o\u201d,\u00a0pontuou o analista de comunica\u00e7\u00e3o.<\/span><\/p>\n<p style=\"text-align: justify;\" align=\"justify\" data-raofz=\"14\"><span style=\"font-size: 14pt;\" data-raofz=\"14\">A solenidade de posse foi prestigiada pela servidora Dilma Queir\u00f3s, diretora de Pessoal, e pela diretora de Comunica\u00e7\u00e3o Social, Janaina Ribeiro.<\/span><\/p>\n<\/div><style type=\"text\/css\">.fusion-gallery-1 .fusion-gallery-image {border:0px solid #f6f6f6;-webkit-border-radius:5px;-moz-border-radius:5px;border-radius:5px;}<\/style><div class=\"fusion-gallery fusion-gallery-container fusion-grid-2 fusion-columns-total-0 fusion-gallery-layout-grid fusion-gallery-1\" style=\"margin:-5px;\"><div style=\"padding:5px;\" class=\"fusion-grid-column fusion-gallery-column fusion-gallery-column-2 hover-type-none\"><div class=\"fusion-gallery-image\"><a href=\"https:\/\/www.mpal.mp.br\/wp-content\/uploads\/2022\/08\/mar03-640x400-1.jpg\" rel=\"noreferrer\" data-rel=\"iLightbox[gallery_image_1]\" class=\"fusion-lightbox\" target=\"_self\"><img loading=\"lazy\" decoding=\"async\" src=\"https:\/\/www.mpal.mp.br\/wp-content\/uploads\/2022\/08\/mar03-640x400-1.jpg\" width=\"640\" height=\"400\" alt=\"\" title=\"mar03-640&#215;400\" aria-label=\"mar03-640&#215;400\" class=\"img-responsive wp-image-15314\" \/><\/a><\/div><\/div><div style=\"padding:5px;\" class=\"fusion-grid-column fusion-gallery-column fusion-gallery-column-2 hover-type-none\"><div class=\"fusion-gallery-image\"><a href=\"https:\/\/www.mpal.mp.br\/wp-content\/uploads\/2022\/08\/marcio-640x400-1.jpg\" rel=\"noreferrer\" data-rel=\"iLightbox[gallery_image_1]\" class=\"fusion-lightbox\" target=\"_self\"><img loading=\"lazy\" decoding=\"async\" src=\"https:\/\/www.mpal.mp.br\/wp-content\/uploads\/2022\/08\/marcio-640x400-1.jpg\" width=\"640\" height=\"400\" alt=\"\" title=\"marcio-640&#215;400\" aria-label=\"marcio-640&#215;400\" class=\"img-responsive wp-image-15315\" \/><\/a><\/div><\/div><div class=\"clearfix\"><\/div><\/div><div class=\"fusion-clearfix\"><\/div>\n\n\t\t\t\t\t<\/div>\n\t\t\t\t<\/div><\/div><\/div>\n","protected":false},"excerpt":{"rendered":"","protected":false},"author":2,"featured_media":15312,"comment_status":"open","ping_status":"open","sticky":false,"template":"","format":"standard","meta":{"om_disable_all_campaigns":false,"_monsterinsights_skip_tracking":false,"_monsterinsights_sitenote_active":false,"_monsterinsights_sitenote_note":"","_monsterinsights_sitenote_category":0,"_uf_show_specific_survey":0,"_uf_disable_surveys":false,"footnotes":""},"categories":[18],"tags":[],"class_list":["post-15311","post","type-post","status-publish","format-standard","has-post-thumbnail","hentry","category-not_concursos"],"aioseo_notices":[],"_links":{"self":[{"href":"https:\/\/www.mpal.mp.br\/index.php?rest_route=\/wp\/v2\/posts\/15311","targetHints":{"allow":["GET"]}}],"collection":[{"href":"https:\/\/www.mpal.mp.br\/index.php?rest_route=\/wp\/v2\/posts"}],"about":[{"href":"https:\/\/www.mpal.mp.br\/index.php?rest_route=\/wp\/v2\/types\/post"}],"author":[{"embeddable":true,"href":"https:\/\/www.mpal.mp.br\/index.php?rest_route=\/wp\/v2\/users\/2"}],"replies":[{"embeddable":true,"href":"https:\/\/www.mpal.mp.br\/index.php?rest_route=%2Fwp%2Fv2%2Fcomments&post=15311"}],"version-history":[{"count":2,"href":"https:\/\/www.mpal.mp.br\/index.php?rest_route=\/wp\/v2\/posts\/15311\/revisions"}],"predecessor-version":[{"id":15316,"href":"https:\/\/www.mpal.mp.br\/index.php?rest_route=\/wp\/v2\/posts\/15311\/revisions\/15316"}],"wp:featuredmedia":[{"embeddable":true,"href":"https:\/\/www.mpal.mp.br\/index.php?rest_route=\/wp\/v2\/media\/15312"}],"wp:attachment":[{"href":"https:\/\/www.mpal.mp.br\/index.php?rest_route=%2Fwp%2Fv2%2Fmedia&parent=15311"}],"wp:term":[{"taxonomy":"category","embeddable":true,"href":"https:\/\/www.mpal.mp.br\/index.php?rest_route=%2Fwp%2Fv2%2Fcategories&post=15311"},{"taxonomy":"post_tag","embeddable":true,"href":"https:\/\/www.mpal.mp.br\/index.php?rest_route=%2Fwp%2Fv2%2Ftags&post=15311"}],"curies":[{"name":"wp","href":"https:\/\/api.w.org\/{rel}","templated":true}]}}