{"id":15270,"date":"2014-05-23T09:36:00","date_gmt":"2014-05-23T12:36:00","guid":{"rendered":"https:\/\/www.mpal.mp.br\/?p=15270"},"modified":"2022-08-09T09:36:39","modified_gmt":"2022-08-09T12:36:39","slug":"promotoria-de-justica-de-defesa-do-meio-ambiente-investiga-igreja-por-poluicao-sonora","status":"publish","type":"post","link":"https:\/\/www.mpal.mp.br\/?p=15270","title":{"rendered":"Promotoria de Justi\u00e7a de Defesa do Meio Ambiente investiga igreja por polui\u00e7\u00e3o sonora"},"content":{"rendered":"<p style=\"text-align: justify;\"><span style=\"font-size: 14pt;\">A 4\u00ba Promotoria de Justi\u00e7a da Capital, que atua na Defesa do Meio Ambiente, instaurou inqu\u00e9rito civil para apurar a pr\u00e1tica de polui\u00e7\u00e3o sonora pela Igreja Assembleia de Deus localizada na Rua Ouvidor Batalha, no Jaragu\u00e1. O procedimento foi publicado por meio de portaria no Di\u00e1rio Oficial do Estado de Alagoas nesta sexta-feira (23).<\/span><\/p>\n<p style=\"text-align: justify;\"><span style=\"font-size: 14pt;\">Segundo a den\u00fancia que chegou ao Minist\u00e9rio P\u00fablico do Estado de Alagoas (MPE\/AL), a igreja pentecostal abusa de equipamentos de som no hor\u00e1rio de 19h a 21h \u00e0s ter\u00e7as-feiras, quintas-feiras, s\u00e1bados e domingo. Nos s\u00e1bados, tamb\u00e9m haveria pertuba\u00e7\u00e3o de sossego e do bem-estar coletivo das 15h \u00e0s 17h.<\/span><\/p>\n<p style=\"text-align: justify;\"><span style=\"font-size: 14pt;\">\u201cCabe ao Minist\u00e9rio P\u00fablico tomar todas as medidas necess\u00e1rias para a implementa\u00e7\u00e3o do equil\u00edbrio urbano, sejam elas positivas (provocando o Poder P\u00fablico para a elabora\u00e7\u00e3o de planos, controlando a omiss\u00e3o p\u00fablica e privada), sejam elas negativas (coibindo condutas dos diversos agentes envolvidos que de alguma forma intentem contra seus princ\u00edpios)\u201d, destacou o promotor de Justi\u00e7a Alberto Fonseca na portaria.<\/span><\/p>\n<p style=\"text-align: justify;\"><span style=\"font-size: 14pt;\">O promotor requisitar\u00e1 per\u00edcia de constata\u00e7\u00e3o de dano ambiental no local \u00e0 Secretaria Municipal de Prote\u00e7\u00e3o ao Meio Ambiente (SEMPMA), com respostas aos quesitos que ser\u00e3o formulados pelo Minist\u00e9rio P\u00fablico. Alberto Fonseca tamb\u00e9m quer informa\u00e7\u00f5es da Secretaria Municipal de Controle e Conv\u00edvio Urbano (SMCCU) sobre a adequa\u00e7\u00e3o da igreja \u00e0s normas urban\u00edsticas.<\/span><\/p>\n<p style=\"text-align: justify;\"><span style=\"font-size: 14pt;\">O MPE\/AL realizar\u00e1 uma audi\u00eancia p\u00fablica com todas as partes envolvidas, inclusive as duas Secretarias, no dia 16 de junho, \u00e0s 9h, na sede da Procuradoria-Geral de Justi\u00e7a, no Po\u00e7o. A reuni\u00e3o ter\u00e1 como objetivo a proposi\u00e7\u00e3o de ajuste conduta da igreja e dos \u00f3rg\u00e3os do poder p\u00fablico \u00e0s exig\u00eancias legais.<\/span><\/p>\n<p style=\"text-align: justify;\"><span style=\"font-size: 14pt;\"><strong>Complexo Brasil Novo<\/strong><\/span><\/p>\n<p style=\"text-align: justify;\"><span style=\"font-size: 14pt;\">J\u00e1 a 5\u00aa Promotoria de Justi\u00e7a da Capital, com o apoio operacional do N\u00facleo de Defesa do Meio Ambiente, instaurou ontem um procedimento preparat\u00f3rio que atende \u00e0 representa\u00e7\u00e3o formulada pela vereadora Helo\u00edsa Helena. A parlamentar denunciou que, dos seis po\u00e7os artesianos constru\u00eddos para o abastecimento do Complexo Brasil Novo, no munic\u00edpio de Satuba, cinco deles est\u00e3o desativados e apresentam risco de contamina\u00e7\u00e3o de len\u00e7ol fre\u00e1tico na regi\u00e3o.<\/span><\/p>\n<p style=\"text-align: justify;\"><span style=\"font-size: 14pt;\">De acordo com a representa\u00e7\u00e3o de Helo\u00edsa Helena, o fluxo de \u00e1gua subterr\u00e2neo abastece a reserva aqu\u00edfera do Catol\u00e9 e, se polu\u00eddo, colocaria em risco a sa\u00fade da popula\u00e7\u00e3o beneficiada pelo abastecimento, al\u00e9m do pr\u00f3prio meio ambiente. No complexo, a situa\u00e7\u00e3o se torna mais grave por n\u00e3o haver canaliza\u00e7\u00e3o de rede de esgoto.<\/span><\/p>\n<p style=\"text-align: justify;\"><span style=\"font-size: 14pt;\">No pr\u00f3ximo dia 4 de junho, os promotores de Justi\u00e7a Alberto Fonseca e Lav\u00ednia Fragoso realizam uma audi\u00eancia na sede da Procuradoria-Geral de Justi\u00e7a para debater o caso. Ser\u00e3o notificadas a estar presentes a Companha de Saneamento de Alagoas (Casal), o Instituto do Meio Ambiente de Alagoas (IMA), a Secretaria de Estado do Meio Ambiente e Recursos H\u00eddricos (SEMARH), a Diretoria de Vigil\u00e2ncia em Sa\u00fade Ambiental da Secretaria de Estado da Sa\u00fade (Divisam) e o Comit\u00ea Gestor da APA do Catol\u00e9.<\/span><\/p>\n","protected":false},"excerpt":{"rendered":"<p> [&hellip;]<\/p>\n","protected":false},"author":5,"featured_media":2857,"comment_status":"open","ping_status":"open","sticky":false,"template":"","format":"standard","meta":{"om_disable_all_campaigns":false,"_monsterinsights_skip_tracking":false,"_monsterinsights_sitenote_active":false,"_monsterinsights_sitenote_note":"","_monsterinsights_sitenote_category":0,"_uf_show_specific_survey":0,"_uf_disable_surveys":false,"footnotes":""},"categories":[2],"tags":[],"class_list":["post-15270","post","type-post","status-publish","format-standard","has-post-thumbnail","hentry","category-not_mpal"],"aioseo_notices":[],"_links":{"self":[{"href":"https:\/\/www.mpal.mp.br\/index.php?rest_route=\/wp\/v2\/posts\/15270","targetHints":{"allow":["GET"]}}],"collection":[{"href":"https:\/\/www.mpal.mp.br\/index.php?rest_route=\/wp\/v2\/posts"}],"about":[{"href":"https:\/\/www.mpal.mp.br\/index.php?rest_route=\/wp\/v2\/types\/post"}],"author":[{"embeddable":true,"href":"https:\/\/www.mpal.mp.br\/index.php?rest_route=\/wp\/v2\/users\/5"}],"replies":[{"embeddable":true,"href":"https:\/\/www.mpal.mp.br\/index.php?rest_route=%2Fwp%2Fv2%2Fcomments&post=15270"}],"version-history":[{"count":1,"href":"https:\/\/www.mpal.mp.br\/index.php?rest_route=\/wp\/v2\/posts\/15270\/revisions"}],"predecessor-version":[{"id":15271,"href":"https:\/\/www.mpal.mp.br\/index.php?rest_route=\/wp\/v2\/posts\/15270\/revisions\/15271"}],"wp:featuredmedia":[{"embeddable":true,"href":"https:\/\/www.mpal.mp.br\/index.php?rest_route=\/wp\/v2\/media\/2857"}],"wp:attachment":[{"href":"https:\/\/www.mpal.mp.br\/index.php?rest_route=%2Fwp%2Fv2%2Fmedia&parent=15270"}],"wp:term":[{"taxonomy":"category","embeddable":true,"href":"https:\/\/www.mpal.mp.br\/index.php?rest_route=%2Fwp%2Fv2%2Fcategories&post=15270"},{"taxonomy":"post_tag","embeddable":true,"href":"https:\/\/www.mpal.mp.br\/index.php?rest_route=%2Fwp%2Fv2%2Ftags&post=15270"}],"curies":[{"name":"wp","href":"https:\/\/api.w.org\/{rel}","templated":true}]}}