{"id":15267,"date":"2014-06-06T09:35:15","date_gmt":"2014-06-06T12:35:15","guid":{"rendered":"https:\/\/www.mpal.mp.br\/?p=15267"},"modified":"2022-08-09T09:35:50","modified_gmt":"2022-08-09T12:35:50","slug":"promotora-de-justica-recebe-premio-de-destaque-ambiental","status":"publish","type":"post","link":"https:\/\/www.mpal.mp.br\/?p=15267","title":{"rendered":"Promotora de Justi\u00e7a recebe pr\u00eamio de Destaque Ambiental"},"content":{"rendered":"<p style=\"text-align: justify;\" align=\"justify\"><span style=\"font-size: 14pt;\">Foi uma noite especial. A cerim\u00f4nia come\u00e7ou com um quarteto de sopro tocando os cl\u00e1ssicos da m\u00fasica popular brasileira. Na sequ\u00eancia, um clipe com imagens das belezas naturais de Alagoas e do trabalho de fiscaliza\u00e7\u00e3o promovido pelo Instituto do Meio Ambiente (IMA) ao longo dos \u00faltimos sete anos. Tudo isso antecedeu a solenidade de entrega de cinco trof\u00e9us para autoridades e personalidades durante a 8\u00aa edi\u00e7\u00e3o do Pr\u00eamio Destaque Ambiental, promovido pelo \u00f3rg\u00e3o estadual.<\/span><\/p>\n<p style=\"text-align: justify;\" align=\"justify\"><span style=\"font-size: 14pt;\">A promotora de Justi\u00e7a Lav\u00ednia Silveira de Mendon\u00e7a Fragoso figurou como uma das grandes homenageadas da noite. O IMA destacou a atua\u00e7\u00e3o dela na preserva\u00e7\u00e3o do meio ambiente. &#8220;O cargo que a promotora ocupa exige um perfil firme e decidido. Mas ela consegue atuar com uma postura conciliadora, o que \u00e9 importante. Recentemente, a promotora Lav\u00ednia tamb\u00e9m esteve na coordena\u00e7\u00e3o da Fiscaliza\u00e7\u00e3o Preventiva Integrada (FPI) do Rio S\u00e3o Francisco e desenvolveu um trabalho \u00edmpar em defesa do Velho Chico&#8221;, afirmou o presidente do \u00f3rg\u00e3o, Adriano Augusto de Ara\u00fajo Jorge.<\/span><\/p>\n<p style=\"text-align: justify;\" align=\"justify\"><span style=\"font-size: 14pt;\">O trof\u00e9u \u00e0 Lav\u00ednia Fragoso foi entregue pelo procurador-geral de Justi\u00e7a, S\u00e9rgio Juc\u00e1, que fez quest\u00e3o de prestigiar a homenagem. &#8220;A promotora Lav\u00ednia \u00e9 vocacionada e exerce suas atribui\u00e7\u00f5es com amor. \u00c9 esse o sentimento que move os integrantes da carreira do Minist\u00e9rio P\u00fablico Estadual de Alagoas&#8221;, explicou Juc\u00e1.<\/span><\/p>\n<p style=\"text-align: justify;\" align=\"justify\"><span style=\"font-size: 14pt;\">&#8220;Esse pr\u00eamio \u00e9 a coroa\u00e7\u00e3o do meu trabalho profissional. Minha luta agora tem sido para mudar a tutela do meio ambiente, fazendo com que as pessoas entendam o qu\u00e3o \u00e9 fundamental associar o desenvolvimento econ\u00f4mico \u00e0 preserva\u00e7\u00e3o dos ecossistemas&#8221;, declarou Lav\u00ednia Fragoso.<\/span><\/p>\n<p style=\"text-align: justify;\" align=\"justify\"><span style=\"font-size: 14pt;\">&#8220;Busquei uma alternativa no mundo jur\u00eddico para aliar o meio ambiente \u00e0 melhoria da qualidade de vida da popula\u00e7\u00e3o e, felizmente, tenho encontrado as respostas que buscava. \u00c9 poss\u00edvel desenvolver sem degradar. E, para que pud\u00e9ssemos desenvolver esse trabalho, foi essencial o apoio do Minist\u00e9rio P\u00fablico. Quero agradecer ao procurador-geral de Justi\u00e7a, S\u00e9rgio Juc\u00e1, que acreditou em nosso trabalho, confiou na FPI e nos permitiu fazer uma s\u00e9rie de a\u00e7\u00f5es em prol do Rio S\u00e3o Francisco. Tamb\u00e9m quero agradecer ao colega promotor Alberto Fonseca, que compartilhou t\u00e3o sabiamente suas experi\u00eancias comigo. Eu realmente estou muito feliz&#8221;, completou ela.<\/span><\/p>\n<p style=\"text-align: justify;\" align=\"justify\"><span style=\"font-size: 14pt;\"><strong>Outros premiados<\/strong><\/span><\/p>\n<p style=\"text-align: justify;\" align=\"justify\"><span style=\"font-size: 14pt;\">O mesmo pr\u00eamio tamb\u00e9m foi entregue \u00e0 Associa\u00e7\u00e3o dos Guardi\u00f5es do Rio Ipanema, \u00e0 engenheira civil Ivete Vasconcelos Lopes Ferreira, \u00e0 empres\u00e1ria Cl\u00e1udia Maranh\u00e3o e ao diretor das usinas Trapiche e Serra Grande, Luiz Ant\u00f4nio de Andrade Bezerra.<\/span><\/p>\n","protected":false},"excerpt":{"rendered":"<p> [&hellip;]<\/p>\n","protected":false},"author":5,"featured_media":15268,"comment_status":"open","ping_status":"open","sticky":false,"template":"","format":"standard","meta":{"om_disable_all_campaigns":false,"_monsterinsights_skip_tracking":false,"_monsterinsights_sitenote_active":false,"_monsterinsights_sitenote_note":"","_monsterinsights_sitenote_category":0,"_uf_show_specific_survey":0,"_uf_disable_surveys":false,"footnotes":""},"categories":[2],"tags":[],"class_list":["post-15267","post","type-post","status-publish","format-standard","has-post-thumbnail","hentry","category-not_mpal"],"aioseo_notices":[],"_links":{"self":[{"href":"https:\/\/www.mpal.mp.br\/index.php?rest_route=\/wp\/v2\/posts\/15267","targetHints":{"allow":["GET"]}}],"collection":[{"href":"https:\/\/www.mpal.mp.br\/index.php?rest_route=\/wp\/v2\/posts"}],"about":[{"href":"https:\/\/www.mpal.mp.br\/index.php?rest_route=\/wp\/v2\/types\/post"}],"author":[{"embeddable":true,"href":"https:\/\/www.mpal.mp.br\/index.php?rest_route=\/wp\/v2\/users\/5"}],"replies":[{"embeddable":true,"href":"https:\/\/www.mpal.mp.br\/index.php?rest_route=%2Fwp%2Fv2%2Fcomments&post=15267"}],"version-history":[{"count":1,"href":"https:\/\/www.mpal.mp.br\/index.php?rest_route=\/wp\/v2\/posts\/15267\/revisions"}],"predecessor-version":[{"id":15269,"href":"https:\/\/www.mpal.mp.br\/index.php?rest_route=\/wp\/v2\/posts\/15267\/revisions\/15269"}],"wp:featuredmedia":[{"embeddable":true,"href":"https:\/\/www.mpal.mp.br\/index.php?rest_route=\/wp\/v2\/media\/15268"}],"wp:attachment":[{"href":"https:\/\/www.mpal.mp.br\/index.php?rest_route=%2Fwp%2Fv2%2Fmedia&parent=15267"}],"wp:term":[{"taxonomy":"category","embeddable":true,"href":"https:\/\/www.mpal.mp.br\/index.php?rest_route=%2Fwp%2Fv2%2Fcategories&post=15267"},{"taxonomy":"post_tag","embeddable":true,"href":"https:\/\/www.mpal.mp.br\/index.php?rest_route=%2Fwp%2Fv2%2Ftags&post=15267"}],"curies":[{"name":"wp","href":"https:\/\/api.w.org\/{rel}","templated":true}]}}