{"id":15259,"date":"2014-06-26T09:33:50","date_gmt":"2014-06-26T12:33:50","guid":{"rendered":"https:\/\/www.mpal.mp.br\/?p=15259"},"modified":"2022-08-09T09:34:21","modified_gmt":"2022-08-09T12:34:21","slug":"por-recomendacao-do-ministerio-publico-ima-interdita-usina-taquara-em-colonia-de-leopoldina","status":"publish","type":"post","link":"https:\/\/www.mpal.mp.br\/?p=15259","title":{"rendered":"Por recomenda\u00e7\u00e3o do Minist\u00e9rio P\u00fablico, IMA interdita usina Taquara, em Col\u00f4nia de Leopoldina"},"content":{"rendered":"<p style=\"text-align: justify;\" align=\"justify\"><span style=\"font-size: 14pt;\">O Minist\u00e9rio P\u00fablico Estadual de Alagoas expediu uma recomenda\u00e7\u00e3o ao Instituto do Meio Ambiente para que o referido \u00f3rg\u00e3o promovesse a interdi\u00e7\u00e3o da usina Taquara, localizada no munic\u00edpio de Col\u00f4nia de Leopoldina. Ap\u00f3s o recebimento do documento, o IMA interditou a empresa, que \u00e9 acusada de v\u00e1rias infra\u00e7\u00f5es ambientais.<\/span><\/p>\n<p style=\"text-align: justify;\"><span style=\"font-size: 14pt;\">A recomenda\u00e7\u00e3o foi expedida pela Promotoria de Justi\u00e7a de Col\u00f4nia de Leopoldina e pela Promotoria de Justi\u00e7a de Defesa dos Recursos H\u00eddricos por Bacia Hidrogr\u00e1fica, com apoio operacional do N\u00facleo de Defesa do Meio Ambiente do 1\u00ba Centro de Apoio Operacional do Minist\u00e9rio P\u00fablico. De acordo com os promotores Delfino Costa Neto, Lav\u00ednia Fragoso e Alberto Fonseca, a usina, situada na Fazenda M\u00f4nica, zona rural daquela cidade, vinha funcionando sem licen\u00e7a ambiental de opera\u00e7\u00e3o; n\u00e3o disp\u00f5e de sistema de resfriamento de \u00e1gua das colunas barom\u00e9tricas, sendo feito o descarte da \u00e1gua quente no corpo h\u00eddrico; n\u00e3o tem filtros em suas chamin\u00e9s, lan\u00e7ando na atmosfera os gases da combust\u00e3o sem tratamento; o posto de combust\u00edveis existente na empresa n\u00e3o possui licen\u00e7a de opera\u00e7\u00e3o, necessitando de adequa\u00e7\u00f5es para atender a legisla\u00e7\u00e3o ambiental; e, ainda, n\u00e3o tem licen\u00e7a para utiliza\u00e7\u00e3o de fertirriga\u00e7\u00e3o, dentre outras irregularidades.<\/span><\/p>\n<p style=\"text-align: justify;\"><span style=\"font-size: 14pt;\">Todas essas constata\u00e7\u00f5es fazem parte de um relat\u00f3rio de vistoria elaborado pelo pr\u00f3prio Instituto, a pedido do MPE\/AL, que havia instaurado inqu\u00e9rito civil p\u00fablico (Processo n\u00ba PGJ-3598\/2012) para investigar o funcionamento da ind\u00fastria. \u201cComo forma de provocar a adequa\u00e7\u00e3o da usina \u00e0s exig\u00eancias legais, o Minist\u00e9rio P\u00fablico realizou audi\u00eancias que culminaram com a assinatura de um Termo de Compromisso de Ajustamento de Conduta. Entretanto, apesar de dila\u00e7\u00e3o de prazo concedida, nenhuma provid\u00eancia foi adotada pela Taquara no sentido de concretizar o acordo formalizado. Portanto, em face de sucessivos descumprimentos, resolvemos recomendar a sua interdi\u00e7\u00e3o\u201d, explicou o promotor de Justi\u00e7a Alberto Fonseca.<\/span><\/p>\n<p style=\"text-align: justify;\"><span style=\"font-size: 14pt;\">\u201cO Minist\u00e9rio P\u00fablico Estadual de Alagoas, adotando o seu perfil resolutivo, tentou de todas as maneiras evitar a interdi\u00e7\u00e3o. Mas, no exerc\u00edcio da fun\u00e7\u00e3o relativa \u00e0 defesa do meio ambiente ecologicamente equilibrado para as presentes e futuras gera\u00e7\u00f5es, n\u00e3o mais poder\u00edamos esperar, concedendo novos prazos. Como houve total descaso para com a legisla\u00e7\u00e3o ambiental, n\u00e3o nos restou outra alternativa\u201d, declarou Lav\u00ednia Fragoso.<\/span><\/p>\n<p style=\"text-align: justify;\"><span style=\"font-size: 14pt;\">\u201cSolicitamos ao IMA que o \u00f3rg\u00e3o, norteado pelos princ\u00edpios da atua\u00e7\u00e3o preventiva e da obrigatoriedade da interven\u00e7\u00e3o do poder p\u00fablico, determinasse a imediata paralisa\u00e7\u00e3o das atividades da usina Taquara Ltda, at\u00e9 a sua poss\u00edvel adequa\u00e7\u00e3o ambiental e expedi\u00e7\u00e3o da competente licen\u00e7a de opera\u00e7\u00e3o, em face das irregularidades encontradas\u201d, acrescentou o promotor Delfino Costa Neto.<\/span><\/p>\n<p style=\"text-align: justify;\"><span style=\"font-size: 14pt;\"><strong>Interdi\u00e7\u00e3o<\/strong><\/span><\/p>\n<p style=\"text-align: justify;\"><span style=\"font-size: 14pt;\">O procedimento de interdi\u00e7\u00e3o aconteceu no final da manh\u00e3 desta quinta-feira (26). Ele foi determinado pelo diretor-presidente do Instituto do Meio Ambiente, Adriano Augusto de Ara\u00fajo Jorge. O diretor de fiscaliza\u00e7\u00e3o do IMA, bi\u00f3logo Carlos Eduardo Godoy, foi o respons\u00e1vel pelo procedimento que lacrou as depend\u00eancias da ind\u00fastria.<\/span><\/p>\n<div style=\"text-align: justify;\"><span style=\"font-size: 14pt;\">De posse do auto de interdi\u00e7\u00e3o\/suspens\u00e3o, o IMA ter\u00e1 prazo de 10 dias para enviar c\u00f3pia do documento ao N\u00facleo de Defesa do Meio Ambiente, o que vai comprovar a realiza\u00e7\u00e3o do procedimento.<\/span><\/div>\n<div style=\"text-align: justify;\"><\/div>\n<div style=\"text-align: justify;\"><span style=\"font-size: 14pt;\">O MPE\/AL requisitou ainda que o Instituto realize monitoramento, no sentido de averiguar o cumprimento da interdi\u00e7\u00e3o, devendo comunicar ao Minist\u00e9rio P\u00fablico qualquer fato que implique rein\u00edcio das atividades.<\/span><\/div>\n<p style=\"text-align: justify;\"><span style=\"font-size: 14pt;\">\u201cA Constitui\u00e7\u00e3o Federal, em seu artigo 225, ao garantir o direito de todos ao meio ambiente ecologicamente equilibrado, diz que as condutas e atividades consideradas lesivas ao meio ambiente sujeitar\u00e3o os infratores, pessoas f\u00edsicas ou jur\u00eddicas, a san\u00e7\u00f5es penais e administrativas, independentemente da obriga\u00e7\u00e3o de reparar os danos causados. Ent\u00e3o, agora vamos avaliar que medidas podem ser adotadas contra os respons\u00e1veis pela administra\u00e7\u00e3o da Taquara\u201d, informou Alberto Fonseca.<\/span><\/p>\n","protected":false},"excerpt":{"rendered":"<p> [&hellip;]<\/p>\n","protected":false},"author":5,"featured_media":15261,"comment_status":"open","ping_status":"open","sticky":false,"template":"","format":"standard","meta":{"om_disable_all_campaigns":false,"_monsterinsights_skip_tracking":false,"_monsterinsights_sitenote_active":false,"_monsterinsights_sitenote_note":"","_monsterinsights_sitenote_category":0,"_uf_show_specific_survey":0,"_uf_disable_surveys":false,"footnotes":""},"categories":[2],"tags":[],"class_list":["post-15259","post","type-post","status-publish","format-standard","has-post-thumbnail","hentry","category-not_mpal"],"aioseo_notices":[],"_links":{"self":[{"href":"https:\/\/www.mpal.mp.br\/index.php?rest_route=\/wp\/v2\/posts\/15259","targetHints":{"allow":["GET"]}}],"collection":[{"href":"https:\/\/www.mpal.mp.br\/index.php?rest_route=\/wp\/v2\/posts"}],"about":[{"href":"https:\/\/www.mpal.mp.br\/index.php?rest_route=\/wp\/v2\/types\/post"}],"author":[{"embeddable":true,"href":"https:\/\/www.mpal.mp.br\/index.php?rest_route=\/wp\/v2\/users\/5"}],"replies":[{"embeddable":true,"href":"https:\/\/www.mpal.mp.br\/index.php?rest_route=%2Fwp%2Fv2%2Fcomments&post=15259"}],"version-history":[{"count":1,"href":"https:\/\/www.mpal.mp.br\/index.php?rest_route=\/wp\/v2\/posts\/15259\/revisions"}],"predecessor-version":[{"id":15262,"href":"https:\/\/www.mpal.mp.br\/index.php?rest_route=\/wp\/v2\/posts\/15259\/revisions\/15262"}],"wp:featuredmedia":[{"embeddable":true,"href":"https:\/\/www.mpal.mp.br\/index.php?rest_route=\/wp\/v2\/media\/15261"}],"wp:attachment":[{"href":"https:\/\/www.mpal.mp.br\/index.php?rest_route=%2Fwp%2Fv2%2Fmedia&parent=15259"}],"wp:term":[{"taxonomy":"category","embeddable":true,"href":"https:\/\/www.mpal.mp.br\/index.php?rest_route=%2Fwp%2Fv2%2Fcategories&post=15259"},{"taxonomy":"post_tag","embeddable":true,"href":"https:\/\/www.mpal.mp.br\/index.php?rest_route=%2Fwp%2Fv2%2Ftags&post=15259"}],"curies":[{"name":"wp","href":"https:\/\/api.w.org\/{rel}","templated":true}]}}