{"id":15256,"date":"2014-07-11T09:33:03","date_gmt":"2014-07-11T12:33:03","guid":{"rendered":"https:\/\/www.mpal.mp.br\/?p=15256"},"modified":"2022-08-09T09:33:40","modified_gmt":"2022-08-09T12:33:40","slug":"ministerio-publico-investiga-construcao-de-posto-de-combustivel-em-area-de-preservacao-permanente","status":"publish","type":"post","link":"https:\/\/www.mpal.mp.br\/?p=15256","title":{"rendered":"Minist\u00e9rio P\u00fablico investiga constru\u00e7\u00e3o de posto de combust\u00edvel em \u00e1rea de preserva\u00e7\u00e3o permanente"},"content":{"rendered":"<p style=\"text-align: justify;\" align=\"justify\"><span style=\"font-size: 14pt;\">A 5\u00aa Promotoria de Justi\u00e7a da Capital, com apoio operacional do N\u00facleo de Defesa do Meio Ambiente do 1\u00ba Centro de Apoio Operacional do Minist\u00e9rio P\u00fablico do Estado de Alagoas (MPE\/AL), instaurou procedimento preparat\u00f3rio para apurar den\u00fancia de amea\u00e7a ao meio ambiente e aos recursos h\u00eddricos da \u00c1rea de Prote\u00e7\u00e3o Ambiental (APA) de Santa Rita, no munic\u00edpio de Marechal Deodoro. O procedimento foi oficializado nesta sexta-feira (11), ap\u00f3s publica\u00e7\u00e3o de portaria no Di\u00e1rio Oficial do Estado.<\/span><\/p>\n<p style=\"text-align: justify;\" align=\"justify\"><span style=\"font-size: 14pt;\">O maior problema \u00e9 a poss\u00edvel instala\u00e7\u00e3o de um posto de combust\u00edveis em \u00e1rea de preserva\u00e7\u00e3o permanente (APP), que fica nas margens de curso d&#8217;\u00e1gua da APA. O empreendimento teria potencial poluidor e afetaria a APA localizada em frente a um condom\u00ednio residencial.<\/span><\/p>\n<p style=\"text-align: justify;\" align=\"justify\"><span style=\"font-size: 14pt;\">Os promotores de Justi\u00e7a Lav\u00ednia Fragoso e Alberto Fonseca requisitaram ao Instituto do Meio Ambiente (IMA) remessa de tr\u00eas processos do \u00f3rg\u00e3o referente \u00e0 edifica\u00e7\u00e3o do empreendimento no local. O IMA tem dez dias para entregar a documenta\u00e7\u00e3o completa ao MPE\/AL, que tamb\u00e9m informar\u00e1 o Conselho Estadual de Prote\u00e7\u00e3o Ambiental sobre o procedimento preparat\u00f3rio.<\/span><\/p>\n<p style=\"text-align: justify;\" align=\"justify\"><span style=\"font-size: 14pt;\">\u201cRecebemos a informa\u00e7\u00e3o de que est\u00e1 em andamento um processo de licenciamento da constru\u00e7\u00e3o do posto de combust\u00edvel numa \u00e1rea de preserva\u00e7\u00e3o permanente. Queremos saber do IMA se isso \u00e9 verdade; se for, como o instituto vem conduzindo o procedimento; e os impactos ambientais que a edifica\u00e7\u00e3o traria ao local\u201d, explica Lav\u00ednia Fragoso.<\/span><\/p>\n<p style=\"text-align: justify;\" align=\"justify\"><span style=\"font-size: 14pt;\"><strong>Supress\u00e3o de \u00e1rvores<\/strong><\/span><\/p>\n<p style=\"text-align: justify;\" align=\"justify\"><span style=\"font-size: 14pt;\">Ap\u00f3s receber den\u00fancia por uma das redes sociais do MPE\/AL, a 4\u00aa Promotoria de Justi\u00e7a da Capital investigar\u00e1 a supress\u00e3o irregular de \u00e1rvores situadas em frente ao 59\u00ba Batalh\u00e3o de Infantaria Motorizado (59\u00ba BIMtz), na Avenida Fernandes Lima, no bairro do Farol. Um procedimento preparat\u00f3rio foi instaurado para conduzir a investiga\u00e7\u00e3o.<\/span><\/p>\n<p style=\"text-align: justify;\" align=\"justify\"><span style=\"font-size: 14pt;\">Segundo Alberto Fonseca, o desmatamento atenta \u201ccontra o meio ambiente ecologicamente equilibrado e a responsabilidade do poder p\u00fablico e de todos em defend\u00ea-lo e preserv\u00e1-lo\u201d. Para o promotor, a pr\u00e1tica pode representar crime ambiental, conforme prev\u00ea a Lei n\u00ba 9.605\/98 (Lei dos Crimes Ambientais), e infra\u00e7\u00e3o administrativa, segundo a Lei Municipal n\u00ba 4.548\/96 (C\u00f3digo Municipal de Meio Ambiente).<\/span><\/p>\n<p style=\"text-align: justify;\" align=\"justify\"><span style=\"font-size: 14pt;\">O MPE\/AL requisitar\u00e1 \u00e0 Secretaria Municipal de Prote\u00e7\u00e3o ao Meio Ambiente (SEMPMA) informa\u00e7\u00f5es sobre a implanta\u00e7\u00e3o do empreendimento que motivou a derrubada de \u00e1rvores no local. No dia 12 de agosto, ser\u00e1 realizada, \u00e0s 9h, no pr\u00e9dio-sede da Procuradoria-Geral de Justi\u00e7a uma audi\u00eancia com a Secretaria, com o denunciante e com o denunciado para tratar do caso.<\/span><\/p>\n","protected":false},"excerpt":{"rendered":"<p> [&hellip;]<\/p>\n","protected":false},"author":5,"featured_media":8970,"comment_status":"open","ping_status":"open","sticky":false,"template":"","format":"standard","meta":{"om_disable_all_campaigns":false,"_monsterinsights_skip_tracking":false,"_monsterinsights_sitenote_active":false,"_monsterinsights_sitenote_note":"","_monsterinsights_sitenote_category":0,"_uf_show_specific_survey":0,"_uf_disable_surveys":false,"footnotes":""},"categories":[2],"tags":[],"class_list":["post-15256","post","type-post","status-publish","format-standard","has-post-thumbnail","hentry","category-not_mpal"],"aioseo_notices":[],"_links":{"self":[{"href":"https:\/\/www.mpal.mp.br\/index.php?rest_route=\/wp\/v2\/posts\/15256","targetHints":{"allow":["GET"]}}],"collection":[{"href":"https:\/\/www.mpal.mp.br\/index.php?rest_route=\/wp\/v2\/posts"}],"about":[{"href":"https:\/\/www.mpal.mp.br\/index.php?rest_route=\/wp\/v2\/types\/post"}],"author":[{"embeddable":true,"href":"https:\/\/www.mpal.mp.br\/index.php?rest_route=\/wp\/v2\/users\/5"}],"replies":[{"embeddable":true,"href":"https:\/\/www.mpal.mp.br\/index.php?rest_route=%2Fwp%2Fv2%2Fcomments&post=15256"}],"version-history":[{"count":1,"href":"https:\/\/www.mpal.mp.br\/index.php?rest_route=\/wp\/v2\/posts\/15256\/revisions"}],"predecessor-version":[{"id":15258,"href":"https:\/\/www.mpal.mp.br\/index.php?rest_route=\/wp\/v2\/posts\/15256\/revisions\/15258"}],"wp:featuredmedia":[{"embeddable":true,"href":"https:\/\/www.mpal.mp.br\/index.php?rest_route=\/wp\/v2\/media\/8970"}],"wp:attachment":[{"href":"https:\/\/www.mpal.mp.br\/index.php?rest_route=%2Fwp%2Fv2%2Fmedia&parent=15256"}],"wp:term":[{"taxonomy":"category","embeddable":true,"href":"https:\/\/www.mpal.mp.br\/index.php?rest_route=%2Fwp%2Fv2%2Fcategories&post=15256"},{"taxonomy":"post_tag","embeddable":true,"href":"https:\/\/www.mpal.mp.br\/index.php?rest_route=%2Fwp%2Fv2%2Ftags&post=15256"}],"curies":[{"name":"wp","href":"https:\/\/api.w.org\/{rel}","templated":true}]}}