{"id":15254,"date":"2014-07-25T09:32:21","date_gmt":"2014-07-25T12:32:21","guid":{"rendered":"https:\/\/www.mpal.mp.br\/?p=15254"},"modified":"2022-08-09T09:32:54","modified_gmt":"2022-08-09T12:32:54","slug":"mpe-al-apura-denuncia-de-abandono-de-terreno-no-jacintinho-local-teria-focos-de-mosquito-da-dengue","status":"publish","type":"post","link":"https:\/\/www.mpal.mp.br\/?p=15254","title":{"rendered":"MPE\/AL apura den\u00fancia de abandono de terreno no Jacintinho; local teria focos de mosquito da dengue"},"content":{"rendered":"<p style=\"text-align: justify;\" align=\"justify\"><span style=\"font-size: 14pt;\">Na rua Joana Rodrigues da Silva, no bairro do Jacintinho, em Macei\u00f3, h\u00e1 um terreno repleto de lixo que estaria atraindo vetores como ratos e escorpi\u00f5es e servindo como focos de reprodu\u00e7\u00e3o do mosquito\u00a0<em>aedes aegypti<\/em>, transmissor da dengue. \u00c9 essa den\u00fancia que o Minist\u00e9rio P\u00fablico do Estado de Alagoas, por meio da 4\u00aa Promotoria de Justi\u00e7a da Capital, passar\u00e1 a investigar a partir desta sexta-feira com a instaura\u00e7\u00e3o de um inqu\u00e9rito civil p\u00fablico.<\/span><\/p>\n<p style=\"text-align: justify;\" align=\"justify\"><span style=\"font-size: 14pt;\">A den\u00fancia de abandono do local partiu de Francisco Jos\u00e9 Lins Peixoto, vizinho do terreno. Segundo o promotor de Justi\u00e7a Alberto Fonseca, o estado do im\u00f3vel pode representar uma amea\u00e7a para os moradores que vivem pr\u00f3ximo dele. \u201cSe for confirmada a den\u00fancia, o terreno abandonado coloca em risco a sa\u00fade e a seguran\u00e7a da popula\u00e7\u00e3o, entre outros direitos conferidos pela Constitui\u00e7\u00e3o Federal, notadamente ao meio ambiente ecologicamente equilibrado\u201d, disse.<\/span><\/p>\n<p style=\"text-align: justify;\" align=\"justify\"><span style=\"font-size: 14pt;\">Alberto Fonseca requisitou \u00e0 Secretaria Municipal de Prote\u00e7\u00e3o ao Meio Ambiente (SEMPMA) uma per\u00edcia de constata\u00e7\u00e3o de dano ambiental com respostas aos quesitos formulados pelo MPE\/AL. O promotor tamb\u00e9m que obter da Superintend\u00eancia de Limpeza Urbana de Macei\u00f3 (SLUM) as informa\u00e7\u00f5es acerca da adequa\u00e7\u00e3o do local \u00e0s normas urban\u00edsticas da cidade.<\/span><\/p>\n<p style=\"text-align: justify;\" align=\"justify\"><span style=\"font-size: 14pt;\">No dia 12 de agosto, \u00e0s 10h, ser\u00e1 realizada uma audi\u00eancia na sede da Procuradoria-Geral de Justi\u00e7a, no bairro do Po\u00e7o, para discutir o caso. O MPE\/AL convocou os dois \u00f3rg\u00e3os municipais, o dono do terreno e o autor da den\u00fancia para participar do encontro.<\/span><\/p>\n","protected":false},"excerpt":{"rendered":"<p> [&hellip;]<\/p>\n","protected":false},"author":5,"featured_media":15149,"comment_status":"open","ping_status":"open","sticky":false,"template":"","format":"standard","meta":{"om_disable_all_campaigns":false,"_monsterinsights_skip_tracking":false,"_monsterinsights_sitenote_active":false,"_monsterinsights_sitenote_note":"","_monsterinsights_sitenote_category":0,"_uf_show_specific_survey":0,"_uf_disable_surveys":false,"footnotes":""},"categories":[2],"tags":[],"class_list":["post-15254","post","type-post","status-publish","format-standard","has-post-thumbnail","hentry","category-not_mpal"],"aioseo_notices":[],"_links":{"self":[{"href":"https:\/\/www.mpal.mp.br\/index.php?rest_route=\/wp\/v2\/posts\/15254","targetHints":{"allow":["GET"]}}],"collection":[{"href":"https:\/\/www.mpal.mp.br\/index.php?rest_route=\/wp\/v2\/posts"}],"about":[{"href":"https:\/\/www.mpal.mp.br\/index.php?rest_route=\/wp\/v2\/types\/post"}],"author":[{"embeddable":true,"href":"https:\/\/www.mpal.mp.br\/index.php?rest_route=\/wp\/v2\/users\/5"}],"replies":[{"embeddable":true,"href":"https:\/\/www.mpal.mp.br\/index.php?rest_route=%2Fwp%2Fv2%2Fcomments&post=15254"}],"version-history":[{"count":1,"href":"https:\/\/www.mpal.mp.br\/index.php?rest_route=\/wp\/v2\/posts\/15254\/revisions"}],"predecessor-version":[{"id":15255,"href":"https:\/\/www.mpal.mp.br\/index.php?rest_route=\/wp\/v2\/posts\/15254\/revisions\/15255"}],"wp:featuredmedia":[{"embeddable":true,"href":"https:\/\/www.mpal.mp.br\/index.php?rest_route=\/wp\/v2\/media\/15149"}],"wp:attachment":[{"href":"https:\/\/www.mpal.mp.br\/index.php?rest_route=%2Fwp%2Fv2%2Fmedia&parent=15254"}],"wp:term":[{"taxonomy":"category","embeddable":true,"href":"https:\/\/www.mpal.mp.br\/index.php?rest_route=%2Fwp%2Fv2%2Fcategories&post=15254"},{"taxonomy":"post_tag","embeddable":true,"href":"https:\/\/www.mpal.mp.br\/index.php?rest_route=%2Fwp%2Fv2%2Ftags&post=15254"}],"curies":[{"name":"wp","href":"https:\/\/api.w.org\/{rel}","templated":true}]}}