{"id":15250,"date":"2014-08-18T09:31:30","date_gmt":"2014-08-18T12:31:30","guid":{"rendered":"https:\/\/www.mpal.mp.br\/?p=15250"},"modified":"2022-08-09T09:32:03","modified_gmt":"2022-08-09T12:32:03","slug":"mpe-al-instaura-inquerito-civil-publico-para-investigar-poluicao-sonora-de-culto-evangelico-no-trapiche","status":"publish","type":"post","link":"https:\/\/www.mpal.mp.br\/?p=15250","title":{"rendered":"MPE\/AL instaura inqu\u00e9rito civil p\u00fablico para investigar polui\u00e7\u00e3o sonora de culto evang\u00e9lico no Trapiche"},"content":{"rendered":"<p style=\"text-align: justify;\"><span style=\"font-size: 14pt;\">O Minist\u00e9rio P\u00fablico do Estado de Alagoas (MPE\/AL), por meio da 4\u00aa Promotoria de Justi\u00e7a da Capital, instaurou um inqu\u00e9rito civil p\u00fablico para apurar a den\u00fancia de polui\u00e7\u00e3o sonora no \u00e2mbito da Escola Municipal Professor Ant\u00eddio Vieira, no Trapiche da Barra, onde seriam realizados cultos evang\u00e9licos durante as madrugadas de s\u00e1bados para domingos. Moradores vizinhos \u00e0 escola reclamaram do barulho, que iria de 0h \u00e0s 6h.<\/span><\/p>\n<p style=\"text-align: justify;\"><span style=\"font-size: 14pt;\">Para a investiga\u00e7\u00e3o dos fatos, a promotora de Justi\u00e7a Lav\u00ednia Silveira de Mendon\u00e7a Fragoso requisitou \u00e0 Secretaria Municipal de Prote\u00e7\u00e3o ao Meio Ambiente (SEMPMA) per\u00edcia de constata\u00e7\u00e3o de dano ambiental, com respostas aos quesitos a serem formulados. Ela tamb\u00e9m pediu informa\u00e7\u00f5es sobre a adequa\u00e7\u00e3o do empreendimento com as normas urban\u00edsticas \u00e0 Secretaria Municipal de Controle e Conv\u00edvio Urbano (SMCCU).<\/span><\/p>\n<p style=\"text-align: justify;\"><span style=\"font-size: 14pt;\">\u201cFaz-se necess\u00e1ria a exig\u00eancia legal de Autoriza\u00e7\u00e3o Ambiental Municipal para as atividades ou empreendimentos efetiva ou potencialmente poluidores ou degradantes do meio ambiente\u201d, considerou a promotora na portaria publicada no Di\u00e1rio Oficial do Estado, nesta segunda-feira (18), que oficializa a instaura\u00e7\u00e3o do inqu\u00e9rito civil p\u00fablico.<\/span><\/p>\n<p style=\"text-align: justify;\"><span style=\"font-size: 14pt;\">No dia 25 de agosto, o MPE\/AL realizar\u00e1 uma audi\u00eancia p\u00fablica, a partir das 8h, no pr\u00e9dio-sede da Procuradoria-Geral de Justi\u00e7a, no bairro do Po\u00e7o, com o objetivo de propor um ajuste de conduta \u00e0s exig\u00eancias legais. A SEMPMA, a SMCCU, a investigada e os reclamantes devem comparecer ao encontro.<\/span><\/p>\n<p style=\"text-align: justify;\"><span style=\"font-size: 14pt;\"><strong>Polui\u00e7\u00e3o sonora<\/strong><\/span><\/p>\n<p style=\"text-align: justify;\"><span style=\"font-size: 14pt;\">A polui\u00e7\u00e3o sonora \u00e9 caracterizada pela emiss\u00e3o de ru\u00eddos acima dos padr\u00f5es estabelecidos pela Associa\u00e7\u00e3o Brasileira de Normas T\u00e9cnicas (ABNT) e pela Norma Brasileira Regulamentar (NBR) n\u00ba 10.151. Os n\u00edveis excessivos de sons e ru\u00eddos provocam pertuba\u00e7\u00e3o da sa\u00fade mental, al\u00e9m de prejudicarem o repouso noturno e o sossego p\u00fablico. \u00c9 desse modo que esta polui\u00e7\u00e3o afeta o direito difuso e coletivo.<\/span><\/p>\n<p style=\"text-align: justify;\"><span style=\"font-size: 14pt;\">Cabe assim, ao Minist\u00e9rio P\u00fablico do Estado de Alagoas, tomar todas as medidas positivas e negativas necess\u00e1rias para a implementa\u00e7\u00e3o do equil\u00edbrio urbano nas esferas municipal e estaduais.<\/span><\/p>\n","protected":false},"excerpt":{"rendered":"<p> [&hellip;]<\/p>\n","protected":false},"author":5,"featured_media":8970,"comment_status":"open","ping_status":"open","sticky":false,"template":"","format":"standard","meta":{"om_disable_all_campaigns":false,"_monsterinsights_skip_tracking":false,"_monsterinsights_sitenote_active":false,"_monsterinsights_sitenote_note":"","_monsterinsights_sitenote_category":0,"_uf_show_specific_survey":0,"_uf_disable_surveys":false,"footnotes":""},"categories":[2],"tags":[],"class_list":["post-15250","post","type-post","status-publish","format-standard","has-post-thumbnail","hentry","category-not_mpal"],"aioseo_notices":[],"_links":{"self":[{"href":"https:\/\/www.mpal.mp.br\/index.php?rest_route=\/wp\/v2\/posts\/15250","targetHints":{"allow":["GET"]}}],"collection":[{"href":"https:\/\/www.mpal.mp.br\/index.php?rest_route=\/wp\/v2\/posts"}],"about":[{"href":"https:\/\/www.mpal.mp.br\/index.php?rest_route=\/wp\/v2\/types\/post"}],"author":[{"embeddable":true,"href":"https:\/\/www.mpal.mp.br\/index.php?rest_route=\/wp\/v2\/users\/5"}],"replies":[{"embeddable":true,"href":"https:\/\/www.mpal.mp.br\/index.php?rest_route=%2Fwp%2Fv2%2Fcomments&post=15250"}],"version-history":[{"count":1,"href":"https:\/\/www.mpal.mp.br\/index.php?rest_route=\/wp\/v2\/posts\/15250\/revisions"}],"predecessor-version":[{"id":15253,"href":"https:\/\/www.mpal.mp.br\/index.php?rest_route=\/wp\/v2\/posts\/15250\/revisions\/15253"}],"wp:featuredmedia":[{"embeddable":true,"href":"https:\/\/www.mpal.mp.br\/index.php?rest_route=\/wp\/v2\/media\/8970"}],"wp:attachment":[{"href":"https:\/\/www.mpal.mp.br\/index.php?rest_route=%2Fwp%2Fv2%2Fmedia&parent=15250"}],"wp:term":[{"taxonomy":"category","embeddable":true,"href":"https:\/\/www.mpal.mp.br\/index.php?rest_route=%2Fwp%2Fv2%2Fcategories&post=15250"},{"taxonomy":"post_tag","embeddable":true,"href":"https:\/\/www.mpal.mp.br\/index.php?rest_route=%2Fwp%2Fv2%2Ftags&post=15250"}],"curies":[{"name":"wp","href":"https:\/\/api.w.org\/{rel}","templated":true}]}}