{"id":15247,"date":"2014-08-22T09:30:46","date_gmt":"2014-08-22T12:30:46","guid":{"rendered":"https:\/\/www.mpal.mp.br\/?p=15247"},"modified":"2022-08-09T09:31:20","modified_gmt":"2022-08-09T12:31:20","slug":"promotoria-de-justica-de-defesa-do-meio-ambiente-investiga-criacao-de-porcos-na-santa-amelia","status":"publish","type":"post","link":"https:\/\/www.mpal.mp.br\/?p=15247","title":{"rendered":"Promotoria de Justi\u00e7a de Defesa do Meio Ambiente investiga cria\u00e7\u00e3o de porcos na Santa Am\u00e9lia"},"content":{"rendered":"<p style=\"text-align: justify;\"><span style=\"font-size: 14pt;\">O Minist\u00e9rio P\u00fablico do Estado de Alagoas, por meio da 4\u00aa Promotoria de Justi\u00e7a da Capital \u2013 Defesa do Meio Ambiente, instaurou, nesta sexta-feira (22), um inqu\u00e9rito civil p\u00fablico para apurar uma den\u00fancia de que um criat\u00f3rio de porcos funciona em desconformidade com a legisla\u00e7\u00e3o ambiental no bairro Santa Am\u00e9lia, pr\u00f3ximo a dois condom\u00ednios residenciais. A reclama\u00e7\u00e3o foi feita pelo morador Lourival dos Santos que, al\u00e9m de incomodado com o mau cheiro, aponta uma poss\u00edvel polui\u00e7\u00e3o do Rio Silva.<\/span><\/p>\n<p style=\"text-align: justify;\"><span style=\"font-size: 14pt;\">A promotora de Justi\u00e7a Lav\u00ednia Fragoso comandar\u00e1 o procedimento. Ela lembra que \u00e9 proibida, em zona urbana, a cria\u00e7\u00e3o e a manuten\u00e7\u00e3o de animais da esp\u00e9cie su\u00edna e que \u00e9 necess\u00e1ria Autoriza\u00e7\u00e3o Ambiental Municipal para as atividades ou empreendimentos efetiva ou potencialmente poluidores ou degradantes do meio ambiente.<\/span><\/p>\n<p style=\"text-align: justify;\"><span style=\"font-size: 14pt;\">Para obter dados para investiga\u00e7\u00e3o, o MPE\/AL requisitou per\u00edcia de constata\u00e7\u00e3o de dano ambiental \u00e0 Secretaria Municipal de Prote\u00e7\u00e3o ao Meio Ambiente (SEMPMA), com respostas aos quesitos a serem formulados.<\/span><\/p>\n<p style=\"text-align: justify;\"><span style=\"font-size: 14pt;\">O \u00f3rg\u00e3o ministerial tamb\u00e9m quer saber se o criat\u00f3rio est\u00e1 adequado \u00e0s normas sanit\u00e1rias e urban\u00edsticas junto ao Centro de Controle de Zoonoses (CCZ) e \u00e0 Secretaria Municipal de Controle e Conv\u00edvio Urbano (SMCCU). \u201cA municipalidade, dentre outras tarefas, tem o dever de proteger a sa\u00fade e o meio ambiente\u201d, destacou Lav\u00ednia Fragoso.<\/span><\/p>\n<p style=\"text-align: justify;\"><span style=\"font-size: 14pt;\">No dia 19 de setembro, a promotora realizar\u00e1 uma audi\u00eancia p\u00fablica para propor ajuste de conduta \u00e0s exig\u00eancias legais. SEMPMA, SMCCU, CCZ, empresa investigada e reclamantes devem participar do encontro que ocorrer\u00e1 \u00e0s 10h, na sede da Procuradoria Geral de Justi\u00e7a, no bairro do Po\u00e7o.<\/span><\/p>\n","protected":false},"excerpt":{"rendered":"<p> [&hellip;]<\/p>\n","protected":false},"author":5,"featured_media":2857,"comment_status":"open","ping_status":"open","sticky":false,"template":"","format":"standard","meta":{"om_disable_all_campaigns":false,"_monsterinsights_skip_tracking":false,"_monsterinsights_sitenote_active":false,"_monsterinsights_sitenote_note":"","_monsterinsights_sitenote_category":0,"_uf_show_specific_survey":0,"_uf_disable_surveys":false,"footnotes":""},"categories":[2],"tags":[],"class_list":["post-15247","post","type-post","status-publish","format-standard","has-post-thumbnail","hentry","category-not_mpal"],"aioseo_notices":[],"_links":{"self":[{"href":"https:\/\/www.mpal.mp.br\/index.php?rest_route=\/wp\/v2\/posts\/15247","targetHints":{"allow":["GET"]}}],"collection":[{"href":"https:\/\/www.mpal.mp.br\/index.php?rest_route=\/wp\/v2\/posts"}],"about":[{"href":"https:\/\/www.mpal.mp.br\/index.php?rest_route=\/wp\/v2\/types\/post"}],"author":[{"embeddable":true,"href":"https:\/\/www.mpal.mp.br\/index.php?rest_route=\/wp\/v2\/users\/5"}],"replies":[{"embeddable":true,"href":"https:\/\/www.mpal.mp.br\/index.php?rest_route=%2Fwp%2Fv2%2Fcomments&post=15247"}],"version-history":[{"count":1,"href":"https:\/\/www.mpal.mp.br\/index.php?rest_route=\/wp\/v2\/posts\/15247\/revisions"}],"predecessor-version":[{"id":15249,"href":"https:\/\/www.mpal.mp.br\/index.php?rest_route=\/wp\/v2\/posts\/15247\/revisions\/15249"}],"wp:featuredmedia":[{"embeddable":true,"href":"https:\/\/www.mpal.mp.br\/index.php?rest_route=\/wp\/v2\/media\/2857"}],"wp:attachment":[{"href":"https:\/\/www.mpal.mp.br\/index.php?rest_route=%2Fwp%2Fv2%2Fmedia&parent=15247"}],"wp:term":[{"taxonomy":"category","embeddable":true,"href":"https:\/\/www.mpal.mp.br\/index.php?rest_route=%2Fwp%2Fv2%2Fcategories&post=15247"},{"taxonomy":"post_tag","embeddable":true,"href":"https:\/\/www.mpal.mp.br\/index.php?rest_route=%2Fwp%2Fv2%2Ftags&post=15247"}],"curies":[{"name":"wp","href":"https:\/\/api.w.org\/{rel}","templated":true}]}}