{"id":15244,"date":"2014-08-28T09:29:55","date_gmt":"2014-08-28T12:29:55","guid":{"rendered":"https:\/\/www.mpal.mp.br\/?p=15244"},"modified":"2022-08-09T09:30:28","modified_gmt":"2022-08-09T12:30:28","slug":"promotoria-de-defesa-do-meio-ambiente-instaura-inquerito-civil-para-apurar-descarte-de-lixo-hospitalar-no-farol","status":"publish","type":"post","link":"https:\/\/www.mpal.mp.br\/?p=15244","title":{"rendered":"Promotoria de Defesa do Meio Ambiente instaura inqu\u00e9rito civil para apurar descarte de lixo hospitalar no Farol"},"content":{"rendered":"<p style=\"text-align: justify;\"><span style=\"font-size: 14pt;\">O Minist\u00e9rio Publico do Estado de Alagoas (MPE\/AL), por meio da 4\u00aa Promotoria de justi\u00e7a da Capital \u2013 Defesa do Meio Ambiente instaurou, nesta quinta-feira (28), um inqu\u00e9rito civil p\u00fablico para apurar a den\u00fancia de que o Hospital Macei\u00f3, localizado no bairro do Farol, tem descartado res\u00edduos l\u00edquidos e s\u00f3lidos em passeio p\u00fablico. A representa\u00e7\u00e3o foi formulada por Cl\u00e1udia Ten\u00f3rio Lucena Maranh\u00e3o, que destacou a conduta danosa ao meio ambiente.<\/span><\/p>\n<p style=\"text-align: justify;\"><span style=\"font-size: 14pt;\">A promotora de Justi\u00e7a Lav\u00ednia Fragoso solicitou a Secretaria Municipal de Prote\u00e7\u00e3o ao Meio Ambiente (SEMPMA) uma per\u00edcia de constata\u00e7\u00e3o de dano ambiental no local onde o lixo estaria sendo lan\u00e7ado. O MPE\/AL tamb\u00e9m pediu para a Superintend\u00eancia Municipal de Controle e Conv\u00edvio Urbano (SMCCU) que apure se o empreendimento est\u00e1 adequado \u00e0 normas urban\u00edsticas de Macei\u00f3.<\/span><\/p>\n<p style=\"text-align: justify;\"><span style=\"font-size: 14pt;\">Lav\u00ednia Fragoso promover\u00e1 uma audi\u00eancia p\u00fablica no dia 22 de setembro, \u00e0s 9h, para propor ajuste de conduta das partes \u00e0s exig\u00eancias legais. No encontro que ser\u00e1 realizado na sede da Procuradoria Geral de Justi\u00e7a, no bairro do Po\u00e7o, dever\u00e3o estar presentes a denunciante, o investigado e os dois \u00f3rg\u00e3os p\u00fablicos municipais.<\/span><\/p>\n","protected":false},"excerpt":{"rendered":"<p> [&hellip;]<\/p>\n","protected":false},"author":5,"featured_media":8970,"comment_status":"open","ping_status":"open","sticky":false,"template":"","format":"standard","meta":{"om_disable_all_campaigns":false,"_monsterinsights_skip_tracking":false,"_monsterinsights_sitenote_active":false,"_monsterinsights_sitenote_note":"","_monsterinsights_sitenote_category":0,"_uf_show_specific_survey":0,"_uf_disable_surveys":false,"footnotes":""},"categories":[2],"tags":[],"class_list":["post-15244","post","type-post","status-publish","format-standard","has-post-thumbnail","hentry","category-not_mpal"],"aioseo_notices":[],"_links":{"self":[{"href":"https:\/\/www.mpal.mp.br\/index.php?rest_route=\/wp\/v2\/posts\/15244","targetHints":{"allow":["GET"]}}],"collection":[{"href":"https:\/\/www.mpal.mp.br\/index.php?rest_route=\/wp\/v2\/posts"}],"about":[{"href":"https:\/\/www.mpal.mp.br\/index.php?rest_route=\/wp\/v2\/types\/post"}],"author":[{"embeddable":true,"href":"https:\/\/www.mpal.mp.br\/index.php?rest_route=\/wp\/v2\/users\/5"}],"replies":[{"embeddable":true,"href":"https:\/\/www.mpal.mp.br\/index.php?rest_route=%2Fwp%2Fv2%2Fcomments&post=15244"}],"version-history":[{"count":1,"href":"https:\/\/www.mpal.mp.br\/index.php?rest_route=\/wp\/v2\/posts\/15244\/revisions"}],"predecessor-version":[{"id":15246,"href":"https:\/\/www.mpal.mp.br\/index.php?rest_route=\/wp\/v2\/posts\/15244\/revisions\/15246"}],"wp:featuredmedia":[{"embeddable":true,"href":"https:\/\/www.mpal.mp.br\/index.php?rest_route=\/wp\/v2\/media\/8970"}],"wp:attachment":[{"href":"https:\/\/www.mpal.mp.br\/index.php?rest_route=%2Fwp%2Fv2%2Fmedia&parent=15244"}],"wp:term":[{"taxonomy":"category","embeddable":true,"href":"https:\/\/www.mpal.mp.br\/index.php?rest_route=%2Fwp%2Fv2%2Fcategories&post=15244"},{"taxonomy":"post_tag","embeddable":true,"href":"https:\/\/www.mpal.mp.br\/index.php?rest_route=%2Fwp%2Fv2%2Ftags&post=15244"}],"curies":[{"name":"wp","href":"https:\/\/api.w.org\/{rel}","templated":true}]}}