{"id":15242,"date":"2014-09-02T09:28:55","date_gmt":"2014-09-02T12:28:55","guid":{"rendered":"https:\/\/www.mpal.mp.br\/?p=15242"},"modified":"2022-08-09T09:29:46","modified_gmt":"2022-08-09T12:29:46","slug":"motivado-por-denuncia-promotoria-de-defesa-do-meio-ambiente-investiga-contaminacao-de-agua-em-residenciais-da-santa-amelia","status":"publish","type":"post","link":"https:\/\/www.mpal.mp.br\/?p=15242","title":{"rendered":"Motivado por den\u00fancia, Promotoria de Defesa do Meio Ambiente investiga contamina\u00e7\u00e3o de \u00e1gua em residenciais da Santa Am\u00e9lia"},"content":{"rendered":"<p style=\"text-align: justify;\"><span style=\"font-size: 14pt;\">O Minist\u00e9rio P\u00fablico do Estado de Alagoas (MPE\/AL), por meio da 5\u00aa Promotoria de Justi\u00e7a da Capital \u2013 Defesa do Meio Ambiente, com apoio operacional do N\u00facleo hom\u00f4nimo, instaurou, nesta ter\u00e7a-feira, procedimento preparat\u00f3rio para apurar den\u00fancia an\u00f4nima que trata de uma poss\u00edvel contamina\u00e7\u00e3o por nitrato em po\u00e7o de \u00e1gua que serve ao Condom\u00ednio Jardins de La Reina e ao Loteamento Melville, no bairro Santa Am\u00e9lia. A subst\u00e2ncia coloca em risco a sa\u00fade dos moradores dos residenciais e de seus vizinhos.<\/span><\/p>\n<p style=\"text-align: justify;\"><span style=\"font-size: 14pt;\">A promotora de Justi\u00e7a Lav\u00ednia Fragoso requisitar\u00e1 ao Instituto do Meio Ambiente (IMA) per\u00edcia de constata\u00e7\u00e3o de dano ambiental, bem como exame da qualidade da \u00e1gua, com respostas aos quesitos a serem formulados pela Promotoria em destaque. O MPE\/AL tamb\u00e9m pedir\u00e1 \u00e0 Secretaria de Estado do Meio Ambiente e dos Recursos H\u00eddricos (SEMARH) que fiscalize a adequa\u00e7\u00e3o dos empreendimentos em rela\u00e7\u00e3o ao atendimento das normas de recursos h\u00eddricos vigentes.<\/span><\/p>\n<p style=\"text-align: justify;\"><span style=\"font-size: 14pt;\">No dia 22 de setembro, ser\u00e1 realizada, \u00e0s 10h, uma audi\u00eancia p\u00fablica na sede da Procuradoria Geral de Justi\u00e7a, no bairro do Po\u00e7o, para tratar da suposta contamina\u00e7\u00e3o. Lav\u00ednia Fragoso notificou o IMA, a SEMARH e a Companhia de Saneamento de Alagoas (Casal), al\u00e9m dos representantes legais dos dois residenciais, para comparecerem ao encontro oficial.<\/span><\/p>\n<p style=\"text-align: justify;\"><span style=\"font-size: 14pt;\">Lav\u00ednia Fragoso destacou que a Constitui\u00e7\u00e3o Federal prev\u00ea a sujei\u00e7\u00e3o dos degradadores do meio ambiente \u00e0 imposi\u00e7\u00e3o de san\u00e7\u00f5es penais e administrativas, al\u00e9m da obriga\u00e7\u00e3o de reparar os danos causados. \u201cA Pol\u00edtica Nacional do Meio Ambiente prev\u00ea a imposi\u00e7\u00e3o, a todo e qualquer degradador do meio ambiente, da obriga\u00e7\u00e3o de recuperar e\/ou indenizar os danos causados, independentemente de exist\u00eancia de culpa\u201d, completou.<\/span><\/p>\n","protected":false},"excerpt":{"rendered":"<p> [&hellip;]<\/p>\n","protected":false},"author":5,"featured_media":2857,"comment_status":"open","ping_status":"open","sticky":false,"template":"","format":"standard","meta":{"om_disable_all_campaigns":false,"_monsterinsights_skip_tracking":false,"_monsterinsights_sitenote_active":false,"_monsterinsights_sitenote_note":"","_monsterinsights_sitenote_category":0,"_uf_show_specific_survey":0,"_uf_disable_surveys":false,"footnotes":""},"categories":[2],"tags":[],"class_list":["post-15242","post","type-post","status-publish","format-standard","has-post-thumbnail","hentry","category-not_mpal"],"aioseo_notices":[],"_links":{"self":[{"href":"https:\/\/www.mpal.mp.br\/index.php?rest_route=\/wp\/v2\/posts\/15242","targetHints":{"allow":["GET"]}}],"collection":[{"href":"https:\/\/www.mpal.mp.br\/index.php?rest_route=\/wp\/v2\/posts"}],"about":[{"href":"https:\/\/www.mpal.mp.br\/index.php?rest_route=\/wp\/v2\/types\/post"}],"author":[{"embeddable":true,"href":"https:\/\/www.mpal.mp.br\/index.php?rest_route=\/wp\/v2\/users\/5"}],"replies":[{"embeddable":true,"href":"https:\/\/www.mpal.mp.br\/index.php?rest_route=%2Fwp%2Fv2%2Fcomments&post=15242"}],"version-history":[{"count":1,"href":"https:\/\/www.mpal.mp.br\/index.php?rest_route=\/wp\/v2\/posts\/15242\/revisions"}],"predecessor-version":[{"id":15243,"href":"https:\/\/www.mpal.mp.br\/index.php?rest_route=\/wp\/v2\/posts\/15242\/revisions\/15243"}],"wp:featuredmedia":[{"embeddable":true,"href":"https:\/\/www.mpal.mp.br\/index.php?rest_route=\/wp\/v2\/media\/2857"}],"wp:attachment":[{"href":"https:\/\/www.mpal.mp.br\/index.php?rest_route=%2Fwp%2Fv2%2Fmedia&parent=15242"}],"wp:term":[{"taxonomy":"category","embeddable":true,"href":"https:\/\/www.mpal.mp.br\/index.php?rest_route=%2Fwp%2Fv2%2Fcategories&post=15242"},{"taxonomy":"post_tag","embeddable":true,"href":"https:\/\/www.mpal.mp.br\/index.php?rest_route=%2Fwp%2Fv2%2Ftags&post=15242"}],"curies":[{"name":"wp","href":"https:\/\/api.w.org\/{rel}","templated":true}]}}