{"id":15237,"date":"2014-10-31T09:28:06","date_gmt":"2014-10-31T11:28:06","guid":{"rendered":"https:\/\/www.mpal.mp.br\/?p=15237"},"modified":"2022-08-09T09:28:46","modified_gmt":"2022-08-09T12:28:46","slug":"promotoria-de-justica-apura-denuncia-de-dano-ambiental-por-fabrica-de-racao-em-arapiraca","status":"publish","type":"post","link":"https:\/\/www.mpal.mp.br\/?p=15237","title":{"rendered":"Promotoria de Justi\u00e7a apura den\u00fancia de dano ambiental por f\u00e1brica de ra\u00e7\u00e3o em Arapiraca"},"content":{"rendered":"<p style=\"text-align: justify;\"><span style=\"font-size: 14pt;\">O Minist\u00e9rio P\u00fablico do Estado de Alagoas (MPE\/AL), por meio da 6\u00aa Promotoria de Justi\u00e7a de Arapiraca, instaurou, nesta sexta-feira (31), um inqu\u00e9rito civil para apurar a den\u00fancia de que a f\u00e1brica de ra\u00e7\u00e3o para animais Proteica Alimento Ltda. atuaria em desconformidade com as normas ambientais e sanit\u00e1rias. A representa\u00e7\u00e3o foi feita pelos moradores dos bairros Boa Vista e Nova Esperan\u00e7a, que sofrem com o odor decorrente da suposta pr\u00e1tica irregular, al\u00e9m da presen\u00e7a de diversos vetores, especialmente ratos, que estariam causando doen\u00e7as \u00e0 popula\u00e7\u00e3o.<\/span><\/p>\n<p style=\"text-align: justify;\"><span style=\"font-size: 14pt;\">A partir do inqu\u00e9rito, o Minist\u00e9rio P\u00fablico colher\u00e1 informa\u00e7\u00f5es sobre os fatos relatados e garantir\u00e1 a ado\u00e7\u00e3o das medidas necess\u00e1rias para a solu\u00e7\u00e3o dos problemas que forem constatados. Para isso, o \u00f3rg\u00e3o estadual requisitar\u00e1 ao Instituto do Meio Ambiente de Alagoas per\u00edcia de constata\u00e7\u00e3o de dano ambiental e, \u00e0 Superintend\u00eancia Federal de Agricultura do Estado de Alagoas, fiscaliza\u00e7\u00e3o no local em que os moradores alegam haver dano ambiental.<\/span><\/p>\n<p style=\"text-align: justify;\"><span style=\"font-size: 14pt;\">O promotor de Justi\u00e7a Adivaldo Batista est\u00e1 \u00e0 frente do procedimento, que vai apurar a veracidade da den\u00fancia. \u201cN\u00f3s solicitamos uma resposta \u00e0 empresa, que, de forma oficial, negou todas as acusa\u00e7\u00f5es de irregularidades. Para saber qual lado est\u00e1 com a raz\u00e3o, solicitamos aos \u00f3rg\u00e3os competentes uma per\u00edcia no local em que a empresa desenvolve suas atividades. Caso o relat\u00f3rio t\u00e9cnico constate algum problema, vamos tomar as provid\u00eancias adequadas para regularizar a situa\u00e7\u00e3o\u201d, explicou.<\/span><\/p>\n","protected":false},"excerpt":{"rendered":"<p> [&hellip;]<\/p>\n","protected":false},"author":5,"featured_media":8970,"comment_status":"open","ping_status":"open","sticky":false,"template":"","format":"standard","meta":{"om_disable_all_campaigns":false,"_monsterinsights_skip_tracking":false,"_monsterinsights_sitenote_active":false,"_monsterinsights_sitenote_note":"","_monsterinsights_sitenote_category":0,"_uf_show_specific_survey":0,"_uf_disable_surveys":false,"footnotes":""},"categories":[2],"tags":[],"class_list":["post-15237","post","type-post","status-publish","format-standard","has-post-thumbnail","hentry","category-not_mpal"],"aioseo_notices":[],"_links":{"self":[{"href":"https:\/\/www.mpal.mp.br\/index.php?rest_route=\/wp\/v2\/posts\/15237","targetHints":{"allow":["GET"]}}],"collection":[{"href":"https:\/\/www.mpal.mp.br\/index.php?rest_route=\/wp\/v2\/posts"}],"about":[{"href":"https:\/\/www.mpal.mp.br\/index.php?rest_route=\/wp\/v2\/types\/post"}],"author":[{"embeddable":true,"href":"https:\/\/www.mpal.mp.br\/index.php?rest_route=\/wp\/v2\/users\/5"}],"replies":[{"embeddable":true,"href":"https:\/\/www.mpal.mp.br\/index.php?rest_route=%2Fwp%2Fv2%2Fcomments&post=15237"}],"version-history":[{"count":1,"href":"https:\/\/www.mpal.mp.br\/index.php?rest_route=\/wp\/v2\/posts\/15237\/revisions"}],"predecessor-version":[{"id":15241,"href":"https:\/\/www.mpal.mp.br\/index.php?rest_route=\/wp\/v2\/posts\/15237\/revisions\/15241"}],"wp:featuredmedia":[{"embeddable":true,"href":"https:\/\/www.mpal.mp.br\/index.php?rest_route=\/wp\/v2\/media\/8970"}],"wp:attachment":[{"href":"https:\/\/www.mpal.mp.br\/index.php?rest_route=%2Fwp%2Fv2%2Fmedia&parent=15237"}],"wp:term":[{"taxonomy":"category","embeddable":true,"href":"https:\/\/www.mpal.mp.br\/index.php?rest_route=%2Fwp%2Fv2%2Fcategories&post=15237"},{"taxonomy":"post_tag","embeddable":true,"href":"https:\/\/www.mpal.mp.br\/index.php?rest_route=%2Fwp%2Fv2%2Ftags&post=15237"}],"curies":[{"name":"wp","href":"https:\/\/api.w.org\/{rel}","templated":true}]}}