{"id":15214,"date":"2014-11-05T09:23:46","date_gmt":"2014-11-05T11:23:46","guid":{"rendered":"https:\/\/www.mpal.mp.br\/?p=15214"},"modified":"2022-08-09T09:24:14","modified_gmt":"2022-08-09T12:24:14","slug":"fiscalizacao-preventiva-integrada-fecha-casas-de-farinha-estabelecimentos-lancavam-efluentes-no-meio-ambiente-e-usavam-lenha-de-vegetacao-nativa","status":"publish","type":"post","link":"https:\/\/www.mpal.mp.br\/?p=15214","title":{"rendered":"Fiscaliza\u00e7\u00e3o Preventiva Integrada fecha casas de farinha; estabelecimentos lan\u00e7avam efluentes no meio ambiente e usavam lenha de vegeta\u00e7\u00e3o nativa"},"content":{"rendered":"<p style=\"text-align: justify;\"><span style=\"font-size: 14pt;\">O IMA interditou duas casas de farinha ap\u00f3s fiscaliza\u00e7\u00e3o da equipe de Ocupa\u00e7\u00e3o Irregular nos povoados de Alto dos Balbinos e Canaf\u00edstula de Baixo, ambos situados no munic\u00edpio de Girau do Ponciano. As duas casas lan\u00e7avam efluentes no meio ambiente e usavam lenha de vegeta\u00e7\u00e3o nativa para a produ\u00e7\u00e3o de farinha. Esse foi mais um trabalho da FPI do S\u00e3o Francisco\/Alagoas.<\/span><\/p>\n<p style=\"text-align: justify;\"><span style=\"font-size: 14pt;\">Segundo o perito do MPF\/BA, F\u00e1bio Oliveira, o problema mais grave encontrado est\u00e1 no lan\u00e7amento de manipueira no solo, j\u00e1 que a subst\u00e2ncia decorrente da moagem da mandioca \u00e9 composta por \u00e1cido cian\u00eddrico. &#8220;A manipueira chega a ser 12 vezes mais t\u00f3xica do que o esgoto humano. \u00c9 necess\u00e1rio lan\u00e7\u00e1-la num local em que se possa fazer a decanta\u00e7\u00e3o, ou seja, separar a parte l\u00edquida da org\u00e2nica. Seria at\u00e9 mais ben\u00e9fico para o empres\u00e1rio, j\u00e1 que daria para aproveitar o l\u00edquido na lavoura e a parte org\u00e2nica como goma de mandioca&#8221;, explicou o t\u00e9cnico do Minist\u00e9rio P\u00fablico Federal da Bahia, institui\u00e7\u00e3o que tamb\u00e9m est\u00e1 apoiando a FPI em Alagoas.<\/span><\/p>\n<p style=\"text-align: justify;\"><span style=\"font-size: 14pt;\">\u201cPara se ter ideia, uma tonelada de mandioca mo\u00edda gera at\u00e9 300 litros de manipueira, da\u00ed se pode ter uma ideia do preju\u00edzo causado ao meio ambiente\u201d, complementou ele.<\/span><\/p>\n<p style=\"text-align: justify;\"><span style=\"font-size: 14pt;\">F\u00e1bio Oliveira tamb\u00e9m explicou as casas de farinha, na situa\u00e7\u00e3o em que foram encontradas, prejudicam de forma agressiva o meio ambiente. \u201cH\u00e1 ainda o desmatamento de vegeta\u00e7\u00e3o nativa, a pr\u00e1tica da monocultura e a queima do solo\u201d, detalhou.<\/span><\/p>\n<p style=\"text-align: justify;\"><span style=\"font-size: 14pt;\"><strong>Aplica\u00e7\u00e3o de multas<\/strong><\/span><\/p>\n<p style=\"text-align: justify;\"><span style=\"font-size: 14pt;\">Al\u00e9m de interditar os dois estabelecimentos, o IMA lacrou parte da maquinaria, multou os propriet\u00e1rios em R$ 2.836,16 e os intimou a comparecer na sede do \u00f3rg\u00e3o estadual para dar in\u00edcio ao processo de obten\u00e7\u00e3o da licen\u00e7a ambiental no prazo de cinco dias \u00fateis.<\/span><\/p>\n<p style=\"text-align: justify;\"><span style=\"font-size: 14pt;\">O Instituto apreendeu ainda cerca de 45 est\u00e9reos (medida de volume que corresponde a um metro c\u00fabico ou um kilolitro de lenha oriunda de vegeta\u00e7\u00e3o nativa, o equivalente a 40 m3 de madeira).<\/span><\/p>\n<p style=\"text-align: justify;\"><span style=\"font-size: 14pt;\">O Crea notificou os respons\u00e1veis da casa de farinha a apresentar, no prazo de 10 dias \u00fateis, profissionais habilitados em engenharia el\u00e9trica e seguran\u00e7a do trabalho, uma vez que havia v\u00e1rias instala\u00e7\u00f5es el\u00e9tricas irregulares e os funcion\u00e1rios trabalhavam sem equipamento de prote\u00e7\u00e3o individual. Os locais de produ\u00e7\u00e3o de farinha tamb\u00e9m precisam de estrutura de combate a inc\u00eandio e p\u00e2nico, como extintores e detectores de fuma\u00e7a. &#8220;Cumprimos bem nosso objetivo de identificar os danos ambientais das casas de farinha, principalmente no que se refere ao lan\u00e7amento dos res\u00edduos poluentes da manipueira e o uso de vegeta\u00e7\u00e3o nativa no processo produtivo&#8221;, disse o engenheiro agr\u00f4nomo do Conselho, Andr\u00e9 Battalhini.<\/span><\/p>\n<p style=\"text-align: justify;\"><span style=\"font-size: 14pt;\">J\u00e1 o BPA lavrou um Comunicado de Ocorr\u00eancia Policial (COP) pelo uso irregular de madeira nativa e pelo lan\u00e7amento de efluentes no meio ambiente.<\/span><\/p>\n<p style=\"text-align: justify;\"><span style=\"font-size: 14pt;\">Ouvidos, os propriet\u00e1rios dos estabelecimentos confirmaram que a madeira \u00e9 nativa e veio do Sert\u00e3o alagoano.<\/span><\/p>\n<p style=\"text-align: justify;\"><span style=\"font-size: 14pt;\">Participaram da opera\u00e7\u00e3o MPE\/AL, MPF, IMA, Crea, SPU, BPA, Funai e Ibama, sob a coordena\u00e7\u00e3o do engenheiro agr\u00f4nomo Andr\u00e9 Battilhini e da promotora de Justi\u00e7a Lav\u00ednia Fragoso.<\/span><\/p>\n<p style=\"text-align: justify;\">\n","protected":false},"excerpt":{"rendered":"<p> [&hellip;]<\/p>\n","protected":false},"author":5,"featured_media":15215,"comment_status":"open","ping_status":"open","sticky":false,"template":"","format":"standard","meta":{"om_disable_all_campaigns":false,"_monsterinsights_skip_tracking":false,"_monsterinsights_sitenote_active":false,"_monsterinsights_sitenote_note":"","_monsterinsights_sitenote_category":0,"_uf_show_specific_survey":0,"_uf_disable_surveys":false,"footnotes":""},"categories":[2],"tags":[],"class_list":["post-15214","post","type-post","status-publish","format-standard","has-post-thumbnail","hentry","category-not_mpal"],"aioseo_notices":[],"_links":{"self":[{"href":"https:\/\/www.mpal.mp.br\/index.php?rest_route=\/wp\/v2\/posts\/15214","targetHints":{"allow":["GET"]}}],"collection":[{"href":"https:\/\/www.mpal.mp.br\/index.php?rest_route=\/wp\/v2\/posts"}],"about":[{"href":"https:\/\/www.mpal.mp.br\/index.php?rest_route=\/wp\/v2\/types\/post"}],"author":[{"embeddable":true,"href":"https:\/\/www.mpal.mp.br\/index.php?rest_route=\/wp\/v2\/users\/5"}],"replies":[{"embeddable":true,"href":"https:\/\/www.mpal.mp.br\/index.php?rest_route=%2Fwp%2Fv2%2Fcomments&post=15214"}],"version-history":[{"count":1,"href":"https:\/\/www.mpal.mp.br\/index.php?rest_route=\/wp\/v2\/posts\/15214\/revisions"}],"predecessor-version":[{"id":15216,"href":"https:\/\/www.mpal.mp.br\/index.php?rest_route=\/wp\/v2\/posts\/15214\/revisions\/15216"}],"wp:featuredmedia":[{"embeddable":true,"href":"https:\/\/www.mpal.mp.br\/index.php?rest_route=\/wp\/v2\/media\/15215"}],"wp:attachment":[{"href":"https:\/\/www.mpal.mp.br\/index.php?rest_route=%2Fwp%2Fv2%2Fmedia&parent=15214"}],"wp:term":[{"taxonomy":"category","embeddable":true,"href":"https:\/\/www.mpal.mp.br\/index.php?rest_route=%2Fwp%2Fv2%2Fcategories&post=15214"},{"taxonomy":"post_tag","embeddable":true,"href":"https:\/\/www.mpal.mp.br\/index.php?rest_route=%2Fwp%2Fv2%2Ftags&post=15214"}],"curies":[{"name":"wp","href":"https:\/\/api.w.org\/{rel}","templated":true}]}}