{"id":15207,"date":"2014-11-07T09:22:24","date_gmt":"2014-11-07T11:22:24","guid":{"rendered":"https:\/\/www.mpal.mp.br\/?p=15207"},"modified":"2022-08-09T09:22:59","modified_gmt":"2022-08-09T12:22:59","slug":"fpi-autua-motoristas-por-transporte-irregular-e-flagra-melaco-em-embalagens-de-agrotoxico-produto-contaminado-provoca-cancer","status":"publish","type":"post","link":"https:\/\/www.mpal.mp.br\/?p=15207","title":{"rendered":"FPI autua motoristas por transporte irregular e flagra mela\u00e7o em embalagens de agrot\u00f3xico; produto contaminado provoca c\u00e2ncer"},"content":{"rendered":"<p style=\"text-align: justify;\"><span style=\"font-size: 14pt;\">Para identificar irregularidades no transporte de animais e produtos de origem vegetal, a Fiscaliza\u00e7\u00e3o Preventiva Integrada do S\u00e3o Francisco\/Alagoas, por meio da equipe de fauna e flora, montou,\u00a0nessa quinta-feira (6), uma barreira policial na entrada do munic\u00edpio de Feira Grande, Agreste alagoano. A Ag\u00eancia de Defesa e Inspe\u00e7\u00e3o Agropecu\u00e1ria de Alagoas (Adeal) autuou seis motoristas na opera\u00e7\u00e3o que contou com representantes do BPA, PM, PRF, IMA e Ibama e flagrou mela\u00e7o sendo transportado em embalagens de agrot\u00f3xicos.<\/span><\/p>\n<p style=\"text-align: justify;\"><span style=\"font-size: 14pt;\">Os primeiros a serem autuados foram Jo\u00e3o Falconeri da Costa, Francisco Neto Cerqueira Cavalcante, Severino Rocha J\u00fanior e Marcos Ara\u00fajo de Melo por transporte inadequado de gado e galinhas num caminh\u00e3o.<\/span><\/p>\n<p style=\"text-align: justify;\"><span style=\"font-size: 14pt;\"><strong>Risco \u00e0 sa\u00fade humana e de animais<\/strong><\/span><\/p>\n<p style=\"text-align: justify;\"><span style=\"font-size: 14pt;\">Na sequ\u00eancia, a equipe comandada pelo tenente Victor Luiz Lopes flagrou o transporte de mela\u00e7o de cana-de-a\u00e7\u00facar em recipientes (bombonas) de agrot\u00f3xicos. Al\u00e9m de receber uma autua\u00e7\u00e3o da Adeal e perder a carga, o motorista Ademir Oliveira Ferro teve o ve\u00edculo apreendido porque estava com a documenta\u00e7\u00e3o do caminh\u00e3o atrasada.<\/span><\/p>\n<p style=\"text-align: justify;\"><span style=\"font-size: 14pt;\">\u201c\u00c9 proibida a reutiliza\u00e7\u00e3o de recipientes de agrot\u00f3xicos em qualquer situa\u00e7\u00e3o, pois s\u00e3o in\u00fameras as subst\u00e2ncias contidas nelas. Em seu interior, ficam res\u00edduos que podem ser muito prejudiciais tanto \u00e0 sa\u00fade do indiv\u00edduo, quanto \u00e0 sa\u00fade dos animais, al\u00e9m de prejudicar ao meio ambiente\u201d, afirmou Mariana Macedo, m\u00e9dica-veterin\u00e1ria do Conselho Regional de Medicina Veterin\u00e1ria.<\/span><\/p>\n<p style=\"text-align: justify;\"><span style=\"font-size: 14pt;\">\u201cExistem subst\u00e2ncias que podem causar s\u00e9rios danos hep\u00e1ticos, nervosos e at\u00e9 abortos. Al\u00e9m do que, parte delas \u00e9 altamente cancer\u00edgena\u201d, alertou ela.<\/span><\/p>\n<p style=\"text-align: justify;\"><span style=\"font-size: 14pt;\">Ainda de acordo com a m\u00e9dica-veterin\u00e1ria, a fiscaliza\u00e7\u00e3o \u00e9 r\u00edgida pelas leis de agrot\u00f3xicos e de crimes ambientais e as multas podem chegar a R$ 20 mil no caso de n\u00e3o cumprimento da legisla\u00e7\u00e3o.<\/span><\/p>\n<p style=\"text-align: justify;\"><span style=\"font-size: 14pt;\">O mela\u00e7o \u00e9 resultante da etapa de centrifuga\u00e7\u00e3o no processo de fabrica\u00e7\u00e3o de a\u00e7\u00facar. Ele cont\u00e9m a\u00e7\u00facares redutores e parte de sacarose n\u00e3o cristalizada. \u00c9 utilizado principalmente na fermenta\u00e7\u00e3o para produ\u00e7\u00e3o de \u00e1lcool e como ra\u00e7\u00e3o animal. Como mat\u00e9ria-prima, serve como ingrediente para a fabrica\u00e7\u00e3o de a\u00e7\u00facar mascavo, cacha\u00e7a, rum e fermentos biol\u00f3gicos.<\/span><\/p>\n<p style=\"text-align: justify;\"><span style=\"font-size: 14pt;\">Destina\u00e7\u00e3o das embalagens<\/span><\/p>\n<p style=\"text-align: justify;\"><span style=\"font-size: 14pt;\">As embalagens de agrot\u00f3xicos s\u00e3o obrigatoriamente recolhidas desde 2002. A nova legisla\u00e7\u00e3o federal determinou a responsabilidade da destina\u00e7\u00e3o final de embalagens vazias para o agricultor, o fabricante e o revendedor. Cada elo da cadeia tem a sua fun\u00e7\u00e3o. Antes da legisla\u00e7\u00e3o, as embalagens eram enterradas, queimadas e at\u00e9 reutilizadas. Por\u00e9m, de de acordo com a regra mais recente, o produtor deve lav\u00e1-las e perfur\u00e1-las para evitar a reutiliza\u00e7\u00e3o. Esse recipiente pode ficar armazenado na propriedade por no m\u00e1ximo um ano. O revendedor tem a obriga\u00e7\u00e3o de indicar os postos de recolhimento na nota fiscal e o fabricante de recolher e dar a destina\u00e7\u00e3o final ao material.<\/span><\/p>\n<p style=\"text-align: justify;\"><span style=\"font-size: 14pt;\"><strong>Carga em excesso<\/strong><\/span><\/p>\n<p style=\"text-align: justify;\"><span style=\"font-size: 14pt;\">Ainda durante a opera\u00e7\u00e3o, homens do 3\u00b0 Batalh\u00e3o da PM de Arapiraca autuaram o motorista Aparecido Jucudino da Silva devido ao transporte de carga superior ao peso m\u00e1ximo permitido. O propriet\u00e1rio do ve\u00edculo tamb\u00e9m estava com a documenta\u00e7\u00e3o do autom\u00f3vel vencida, pneus carecas e sem habilita\u00e7\u00e3o. Ele foi multado e teve o caminh\u00e3o apreendido.<\/span><\/p>\n<p style=\"text-align: justify;\"><span style=\"font-size: 14pt;\">Para o tenente Victor Luiz, a opera\u00e7\u00e3o permitiu que a FPI identificasse a proced\u00eancia dos animais, vegetais e seus derivados antes de chegarem aos consumidores. &#8220;Com a documenta\u00e7\u00e3o em m\u00e3os \u00e9 poss\u00edvel saber se os animais foram vacinados ou se est\u00e3o vindo de algum local onde a venda \u00e9 proibida por conta de doen\u00e7as, j\u00e1 que muitos criadouros est\u00e3o sem regulariza\u00e7\u00e3o adequada dos \u00f3rg\u00e3os competentes&#8221;, explicou o oficial.<\/span><\/p>\n<p style=\"text-align: justify;\"><span style=\"font-size: 14pt;\">A equipe encaminhou todos os ve\u00edculos e materiais recolhidos para a sede do 3\u00b0 BPM em Arapiraca.<\/span><\/p>\n","protected":false},"excerpt":{"rendered":"<p> [&hellip;]<\/p>\n","protected":false},"author":5,"featured_media":15209,"comment_status":"open","ping_status":"open","sticky":false,"template":"","format":"standard","meta":{"om_disable_all_campaigns":false,"_monsterinsights_skip_tracking":false,"_monsterinsights_sitenote_active":false,"_monsterinsights_sitenote_note":"","_monsterinsights_sitenote_category":0,"_uf_show_specific_survey":0,"_uf_disable_surveys":false,"footnotes":""},"categories":[2],"tags":[],"class_list":["post-15207","post","type-post","status-publish","format-standard","has-post-thumbnail","hentry","category-not_mpal"],"aioseo_notices":[],"_links":{"self":[{"href":"https:\/\/www.mpal.mp.br\/index.php?rest_route=\/wp\/v2\/posts\/15207","targetHints":{"allow":["GET"]}}],"collection":[{"href":"https:\/\/www.mpal.mp.br\/index.php?rest_route=\/wp\/v2\/posts"}],"about":[{"href":"https:\/\/www.mpal.mp.br\/index.php?rest_route=\/wp\/v2\/types\/post"}],"author":[{"embeddable":true,"href":"https:\/\/www.mpal.mp.br\/index.php?rest_route=\/wp\/v2\/users\/5"}],"replies":[{"embeddable":true,"href":"https:\/\/www.mpal.mp.br\/index.php?rest_route=%2Fwp%2Fv2%2Fcomments&post=15207"}],"version-history":[{"count":1,"href":"https:\/\/www.mpal.mp.br\/index.php?rest_route=\/wp\/v2\/posts\/15207\/revisions"}],"predecessor-version":[{"id":15210,"href":"https:\/\/www.mpal.mp.br\/index.php?rest_route=\/wp\/v2\/posts\/15207\/revisions\/15210"}],"wp:featuredmedia":[{"embeddable":true,"href":"https:\/\/www.mpal.mp.br\/index.php?rest_route=\/wp\/v2\/media\/15209"}],"wp:attachment":[{"href":"https:\/\/www.mpal.mp.br\/index.php?rest_route=%2Fwp%2Fv2%2Fmedia&parent=15207"}],"wp:term":[{"taxonomy":"category","embeddable":true,"href":"https:\/\/www.mpal.mp.br\/index.php?rest_route=%2Fwp%2Fv2%2Fcategories&post=15207"},{"taxonomy":"post_tag","embeddable":true,"href":"https:\/\/www.mpal.mp.br\/index.php?rest_route=%2Fwp%2Fv2%2Ftags&post=15207"}],"curies":[{"name":"wp","href":"https:\/\/api.w.org\/{rel}","templated":true}]}}