{"id":15185,"date":"2014-11-07T09:02:44","date_gmt":"2014-11-07T11:02:44","guid":{"rendered":"https:\/\/www.mpal.mp.br\/?p=15185"},"modified":"2022-08-09T09:04:32","modified_gmt":"2022-08-09T12:04:32","slug":"fpi-do-sao-francisco-flagra-poluicao-ambiental-durante-competicao-de-ciclismo-em-arapiraca-organizacao-tera-de-pagar-multa-de-r-13-mil","status":"publish","type":"post","link":"https:\/\/www.mpal.mp.br\/?p=15185","title":{"rendered":"FPI do S\u00e3o Francisco flagra polui\u00e7\u00e3o ambiental durante competi\u00e7\u00e3o de ciclismo em Arapiraca; organiza\u00e7\u00e3o ter\u00e1 de pagar multa de R$ 13 mil"},"content":{"rendered":"<p style=\"text-align: justify;\"><span style=\"font-size: 14pt;\">Garrafas de \u00e1gua, latas de refrigerantes e recipientes de isot\u00f4nicos. Todo esse lixo com potencial recicl\u00e1vel foi encontrado pela equipe de Flora e Fauna da FPI do S\u00e3o Francisco\/Alagoas, na estrada, quando ela se deslocava para um alvo da a\u00e7\u00e3o no momento em que acontecia o 11\u00b0 Desafio Internacional de Ciclismo na cidade de Arapiraca.<\/span><\/p>\n<p style=\"text-align: justify;\"><span style=\"font-size: 14pt;\">Organizado pela Associa\u00e7\u00e3o Arapiraquense de Ciclismo e pela Organiza\u00e7\u00e3o Arnon de Melo, o evento ocorreu sem autoriza\u00e7\u00e3o ambiental do IMA, o que rendeu uma multa de R$ 13 mil \u00e0 entidade esportiva.<\/span><\/p>\n<p style=\"text-align: justify;\"><span style=\"font-size: 14pt;\">S\u00f3 na primeira etapa do evento, os participantes chegam a fazer um percurso de 136 Km pelos munic\u00edpios de Arapiraca, Cra\u00edbas e Major Isidoro, sem qualquer ponto de lan\u00e7amento de residuos ou garantia de que todo o lixo ser\u00e1 recolhido pela organiza\u00e7\u00e3o do evento.<\/span><\/p>\n<p style=\"text-align: justify;\"><span style=\"font-size: 14pt;\">&#8220;O Minist\u00e9rio P\u00fablico Estadual de Alagoas foi testemunha do impacto ambiental provocado ao meio ambiente por trazer uma polui\u00e7\u00e3o nova no local onde passam os ciclistas. Orientamos os organizadores da competi\u00e7\u00e3o que desenvolva uma campanha educativa e crie mecanismos de puni\u00e7\u00e3o para que os ciclistas evitem o lan\u00e7amento de lixo no solo e na mata&#8221;, disse o promotor de Justi\u00e7a Alberto Fonseca.<\/span><\/p>\n<p style=\"text-align: justify;\"><span style=\"font-size: 14pt;\">A equipe na qual se encontrava o promotor retirou da estrada entre Cra\u00edbas e Arapiraca tr\u00eas sacos de lixo em apenas 50 metros do percurso, embora a sujeira se estendesse por quil\u00f4metros.<\/span><\/p>\n<p style=\"text-align: justify;\"><span style=\"font-size: 14pt;\">O Batalh\u00e3o de Policiamento Ambiental levou o presidente da Associa\u00e7\u00e3o Arapiraquense de Ciclismo, Egberto Pedro, \u00e0 Delegacia Regional de Arapiraca para adotar as medidas adequadas em rela\u00e7\u00e3o \u00e0s irregularidades identificadas. A guarni\u00e7\u00e3o aguarda a chegada do delegado plantonista, que se encontrava em Marechal Deodoro.<\/span><\/p>\n<p style=\"text-align: justify;\"><span style=\"font-size: 14pt;\">&#8220;A organiza\u00e7\u00e3o do evento responder\u00e1 por crime de polui\u00e7\u00e3o do meio ambiente e realiza\u00e7\u00e3o de evento particular sem autoriza\u00e7\u00e3o ambiental. Os patrocinadores tamb\u00e9m ser\u00e3o responsabilizados como co-autores pela pr\u00e1tica ilegal, segundo o art. 2\u00b0 da Lei n\u00b0 9.605\/98&#8221;, explicou o major Alex Orsi, que defende a inclus\u00e3o de pontos para lan\u00e7amento dos res\u00edduos pr\u00f3ximos aos de hidrata\u00e7\u00e3o dos atletas.<\/span><\/p>\n<p style=\"text-align: justify;\"><span style=\"font-size: 14pt;\">Mais cobran\u00e7as<\/span><\/p>\n<p style=\"text-align: justify;\"><span style=\"font-size: 14pt;\">Al\u00e9m da autoriza\u00e7\u00e3o ambiental, o IMA cobrou dos organizadores da prova um Plano de Gerenciamento de Res\u00edduos S\u00f3lidos. O documento \u00e9 necess\u00e1rio para obter a autoriza\u00e7\u00e3o ambiental.<\/span><\/p>\n<p style=\"text-align: justify;\"><span style=\"font-size: 14pt;\">O Instituto tamb\u00e9m solicitou aos respons\u00e1veis pelo evento a apresenta\u00e7\u00e3o, no prazo de dois dias, uma segunda autoriza\u00e7\u00e3o ambiental, desta vez para a etapa deste domingo, cujo percurso \u00e9 de 233 Km entre Arapiraca e Macei\u00f3. &#8220;A falta do documento pode aunentar o valor da multa por reincid\u00eancia&#8221;, completou o fiscal do IMA, Hidelberto Barbosa.<\/span><\/p>\n<p style=\"text-align: justify;\"><span style=\"font-size: 14pt;\">Em conversa com representantes da FPI do S\u00e3o Francisco, Egberto Pedro reconheceu as falhas no evento e garantiu que no pr\u00f3ximo ano adotar\u00e1 todas as medidas necess\u00e1rias para legalizar a competi\u00e7\u00e3o ciclista dentro da legisla\u00e7\u00e3o ambiental. Ele tem 20 dias para recorrer da multa.<\/span><\/p>\n<p style=\"text-align: justify;\"><span style=\"font-size: 14pt;\">A Pol\u00edcia Rodovi\u00e1ria Federal tamb\u00e9m acompanhou todo o procedimento de defesa ao meio ambiente no Agreste alagoano.<\/span><\/p>\n","protected":false},"excerpt":{"rendered":"<p> [&hellip;]<\/p>\n","protected":false},"author":5,"featured_media":15186,"comment_status":"open","ping_status":"open","sticky":false,"template":"","format":"standard","meta":{"om_disable_all_campaigns":false,"_monsterinsights_skip_tracking":false,"_monsterinsights_sitenote_active":false,"_monsterinsights_sitenote_note":"","_monsterinsights_sitenote_category":0,"_uf_show_specific_survey":0,"_uf_disable_surveys":false,"footnotes":""},"categories":[2],"tags":[],"class_list":["post-15185","post","type-post","status-publish","format-standard","has-post-thumbnail","hentry","category-not_mpal"],"aioseo_notices":[],"_links":{"self":[{"href":"https:\/\/www.mpal.mp.br\/index.php?rest_route=\/wp\/v2\/posts\/15185","targetHints":{"allow":["GET"]}}],"collection":[{"href":"https:\/\/www.mpal.mp.br\/index.php?rest_route=\/wp\/v2\/posts"}],"about":[{"href":"https:\/\/www.mpal.mp.br\/index.php?rest_route=\/wp\/v2\/types\/post"}],"author":[{"embeddable":true,"href":"https:\/\/www.mpal.mp.br\/index.php?rest_route=\/wp\/v2\/users\/5"}],"replies":[{"embeddable":true,"href":"https:\/\/www.mpal.mp.br\/index.php?rest_route=%2Fwp%2Fv2%2Fcomments&post=15185"}],"version-history":[{"count":1,"href":"https:\/\/www.mpal.mp.br\/index.php?rest_route=\/wp\/v2\/posts\/15185\/revisions"}],"predecessor-version":[{"id":15187,"href":"https:\/\/www.mpal.mp.br\/index.php?rest_route=\/wp\/v2\/posts\/15185\/revisions\/15187"}],"wp:featuredmedia":[{"embeddable":true,"href":"https:\/\/www.mpal.mp.br\/index.php?rest_route=\/wp\/v2\/media\/15186"}],"wp:attachment":[{"href":"https:\/\/www.mpal.mp.br\/index.php?rest_route=%2Fwp%2Fv2%2Fmedia&parent=15185"}],"wp:term":[{"taxonomy":"category","embeddable":true,"href":"https:\/\/www.mpal.mp.br\/index.php?rest_route=%2Fwp%2Fv2%2Fcategories&post=15185"},{"taxonomy":"post_tag","embeddable":true,"href":"https:\/\/www.mpal.mp.br\/index.php?rest_route=%2Fwp%2Fv2%2Ftags&post=15185"}],"curies":[{"name":"wp","href":"https:\/\/api.w.org\/{rel}","templated":true}]}}