{"id":15178,"date":"2014-11-11T08:59:50","date_gmt":"2014-11-11T10:59:50","guid":{"rendered":"https:\/\/www.mpal.mp.br\/?p=15178"},"modified":"2022-08-09T09:00:46","modified_gmt":"2022-08-09T12:00:46","slug":"estudantes-de-arapiraca-recebem-animais-domesticos-resgatados-pela-fpi-do-sao-francisco-alagoas","status":"publish","type":"post","link":"https:\/\/www.mpal.mp.br\/?p=15178","title":{"rendered":"Estudantes de Arapiraca recebem animais dom\u00e9sticos resgatados pela FPI do S\u00e3o Francisco\/Alagoas"},"content":{"rendered":"<p style=\"text-align: justify;\"><span style=\"font-size: 14pt;\">&#8220;O seu nome ser\u00e1 Spick e eu vou cuidar dele como se fosse um filho. J\u00e1 sei que tenho dar a ele, todos os dias, \u00e1gua e ra\u00e7\u00e3o, al\u00e9m de ter que limpar a gaiola, claro&#8221;. Foi nesse tom de alegria que o pequeno Bruno Santos, aluno do projeto &#8220;Pelot\u00e3o Mirim&#8221;, da Pol\u00edcia Militar de Alagoas, recebeu, na manh\u00e3 desta ter\u00e7a-feira (11), o seu primeiro animal de estima\u00e7\u00e3o. A doa\u00e7\u00e3o foi feita pela Fiscaliza\u00e7\u00e3o Preventiva Integrada do S\u00e3o Francisco\/Alagoas, um projeto de preserva\u00e7\u00e3o ambiental que envolve 22 institui\u00e7\u00f5es estaduais e federais, sob a coordena\u00e7\u00e3o do Minist\u00e9rio P\u00fablico Estadual de Alagoas.<\/span><\/p>\n<p style=\"text-align: justify;\"><span style=\"font-size: 14pt;\">Bruno e outras 19 crian\u00e7as que integram o mesmo projeto foram presenteados com animais dom\u00e9sticos, p\u00e1ssaros que foram resgatados das feiras livres dos munic\u00edpios de Arapiraca e Feira Grande, no dia de ontem.<\/span><\/p>\n<p style=\"text-align: justify;\"><span style=\"font-size: 14pt;\">E ao ganhar seu primeiro bicho, a euforia tomou conta da crian\u00e7ada. &#8220;O meu passarinho vai se chamar Tom&#8221;, disse o estudante Cleyton de Oliveira, do 6\u00ba ano. &#8220;E o meu ser\u00e1 o Rex&#8221;, disparou Kevisson Rodrigues, aluno do 5\u00ba ano. &#8220;Que nome simples que nada, o meu j\u00e1 se chama Rock Balboa e ter\u00e1 uma vida de estrela&#8221;, brincou Evandro Rodrigues, do 7\u00ba ano.<\/span><\/p>\n<p style=\"text-align: justify;\"><span style=\"font-size: 14pt;\"><strong>A\u00e7\u00e3o educativa<\/strong><\/span><\/p>\n<p style=\"text-align: justify;\"><span style=\"font-size: 14pt;\">Durante a entrega dos p\u00e1ssaros, o promotor de Justi\u00e7a Alberto Fonseca explicou aos estudantes que \u00e9 crime contra a fauna brasileira a manuten\u00e7\u00e3o de p\u00e1ssaros silvestres em cativeiro. &#8220;Esse tipo de ave tem que viver no seu habitat natural, n\u00e3o podendo sem criada por quaisquer pessoas em casa. O p\u00e1ssaro que pode viver no conv\u00edvio familiar \u00e9 o dom\u00e9stico, aquele que n\u00e3o faz parte do ecossistema brasileiro. No caso, esses que est\u00e3o sendo doados s\u00e3o animais dom\u00e9sticos&#8221;, explicou ele.<\/span><\/p>\n<p style=\"text-align: justify;\"><span style=\"font-size: 14pt;\">&#8220;\u00c9 com grande satisfa\u00e7\u00e3o que a gente participa desse momento, especialmente porque os alunos agraciados foram escolhidos pelos crit\u00e9rios de melhoras notas e bom comportamento&#8221;, comentou o major Alex Orsi, sub-comandante do BPA.<\/span><\/p>\n<p style=\"text-align: justify;\"><span style=\"font-size: 14pt;\">S\u00e3o esp\u00e9cies de p\u00e1ssaros dom\u00e9sticos o can\u00e1rio belga e o periquito australiano.<\/span><\/p>\n<p style=\"text-align: justify;\"><span style=\"font-size: 14pt;\">A doa\u00e7\u00e3o das aves aconteceu na sede do 3\u00ba Batalh\u00e3o de Pol\u00edcia Militar, situado em Arapiraca. A a\u00e7\u00e3o contou com a participa\u00e7\u00e3o, al\u00e9m do MPE\/AL, o Batalh\u00e3o de Pol\u00edcia Ambiental, o IMA, a Pol\u00edcia Rodovi\u00e1ria Federal e o Instituto para Preserva\u00e7\u00e3o da Mata Atl\u00e2ntica.<\/span><\/p>\n<p style=\"text-align: justify;\"><span style=\"font-size: 14pt;\"><strong>Palestra e soltura<\/strong><\/span><\/p>\n<p style=\"text-align: justify;\"><span style=\"font-size: 14pt;\">O segundo momento com os alunos aconteceu na reserva de minera\u00e7\u00e3o Vale Verde, no munic\u00edpio de Cra\u00edbas. L\u00e1, os meninos assistiram a uma palestra sobre a import\u00e2ncia da preserva\u00e7\u00e3o da fauna, que foi ministrada por Fernando Pinto, presidente do Instituto para Preserva\u00e7\u00e3o da Mata Atl\u00e2ntica.<\/span><\/p>\n<p style=\"text-align: justify;\"><span style=\"font-size: 14pt;\">&#8220;Bichos nativos n\u00e3o podem viver presos em gaiolas. Eles t\u00eam que estar soltos, espalhados pela natureza. As regi\u00f5es do Agreste e do Sert\u00e3o s\u00e3o muito ricas em fauna, ao contr\u00e1rio do que muita gente pensa. A seca n\u00e3o \u00e9 empecilho para eles se desenvolverem. \u00c9 na Caatinga, por exemplo, que existia a maior quantidade de galo-de-campina. Hoje em dia o n\u00famero de p\u00e1ssaros dessa esp\u00e9cie s\u00f3 tem diminu\u00eddo e isso ocorre em fun\u00e7\u00e3o da a\u00e7\u00e3o negativa do homem&#8221;, detalhou ele.<\/span><\/p>\n<p style=\"text-align: justify;\"><span style=\"font-size: 14pt;\">&#8220;Muitos pensam que o meio ambiente se refere apenas a natureza, por\u00e9m, ele abrange tamb\u00e9m os patrim\u00f4nios cultural, hist\u00f3rico, art\u00edstico, est\u00e9tico, tur\u00edstico e paisag\u00edstico. Tamb\u00e9m \u00e9 importante que voc\u00eas saibam que o homem hoje em dia \u00e9 o principal respons\u00e1vel pela degrada\u00e7\u00e3o ambiental, provocando desmatamentos, queimadas, destruindo matas similares, poluindo o ar, assoreando os rios e, assim, sacrificando o meio ambiente, fazendo o n\u00e3o uso sustent\u00e1vel dele. N\u00e3o fa\u00e7am parte desse grupo, sejam ambientalmente corretos&#8221;, disse a promotora de Justi\u00e7a Lav\u00ednia Fragoso, durante um outro bate-papo com as crian\u00e7as.<\/span><\/p>\n<p style=\"text-align: justify;\"><span style=\"font-size: 14pt;\">A atividade da equipe de fauna e flora da FPI foi encerrada com a soltura de cerca de 200 p\u00e1ssaros silvestres. As aves foram devolvidas \u00e0 natureza numa reserva ambiental pertencente \u00e0 mineradora Vale Verde.<\/span><\/p>\n<p style=\"text-align: justify;\"><span style=\"font-size: 14pt;\">&#8220;Eu me emocionei ao ver o passarinho voando. Acho que ele estava sofrendo muito, estando preso na gaiola. Que bom que ele agora ganhou liberdade. Espero que arranje logo uma namorada e fa\u00e7a um monte de filhotes. O meio ambiente vai agradecer&#8221;, comemorou a jovem Rayane da Silva.<\/span><\/p>\n","protected":false},"excerpt":{"rendered":"<p> [&hellip;]<\/p>\n","protected":false},"author":5,"featured_media":15179,"comment_status":"open","ping_status":"open","sticky":false,"template":"","format":"standard","meta":{"om_disable_all_campaigns":false,"_monsterinsights_skip_tracking":false,"_monsterinsights_sitenote_active":false,"_monsterinsights_sitenote_note":"","_monsterinsights_sitenote_category":0,"_uf_show_specific_survey":0,"_uf_disable_surveys":false,"footnotes":""},"categories":[2],"tags":[],"class_list":["post-15178","post","type-post","status-publish","format-standard","has-post-thumbnail","hentry","category-not_mpal"],"aioseo_notices":[],"_links":{"self":[{"href":"https:\/\/www.mpal.mp.br\/index.php?rest_route=\/wp\/v2\/posts\/15178","targetHints":{"allow":["GET"]}}],"collection":[{"href":"https:\/\/www.mpal.mp.br\/index.php?rest_route=\/wp\/v2\/posts"}],"about":[{"href":"https:\/\/www.mpal.mp.br\/index.php?rest_route=\/wp\/v2\/types\/post"}],"author":[{"embeddable":true,"href":"https:\/\/www.mpal.mp.br\/index.php?rest_route=\/wp\/v2\/users\/5"}],"replies":[{"embeddable":true,"href":"https:\/\/www.mpal.mp.br\/index.php?rest_route=%2Fwp%2Fv2%2Fcomments&post=15178"}],"version-history":[{"count":1,"href":"https:\/\/www.mpal.mp.br\/index.php?rest_route=\/wp\/v2\/posts\/15178\/revisions"}],"predecessor-version":[{"id":15181,"href":"https:\/\/www.mpal.mp.br\/index.php?rest_route=\/wp\/v2\/posts\/15178\/revisions\/15181"}],"wp:featuredmedia":[{"embeddable":true,"href":"https:\/\/www.mpal.mp.br\/index.php?rest_route=\/wp\/v2\/media\/15179"}],"wp:attachment":[{"href":"https:\/\/www.mpal.mp.br\/index.php?rest_route=%2Fwp%2Fv2%2Fmedia&parent=15178"}],"wp:term":[{"taxonomy":"category","embeddable":true,"href":"https:\/\/www.mpal.mp.br\/index.php?rest_route=%2Fwp%2Fv2%2Fcategories&post=15178"},{"taxonomy":"post_tag","embeddable":true,"href":"https:\/\/www.mpal.mp.br\/index.php?rest_route=%2Fwp%2Fv2%2Ftags&post=15178"}],"curies":[{"name":"wp","href":"https:\/\/api.w.org\/{rel}","templated":true}]}}