{"id":15171,"date":"2014-11-12T08:57:36","date_gmt":"2014-11-12T10:57:36","guid":{"rendered":"https:\/\/www.mpal.mp.br\/?p=15171"},"modified":"2022-08-09T08:58:25","modified_gmt":"2022-08-09T11:58:25","slug":"fiscalizacao-multa-proprietarios-de-imoveis-construidos-no-leito-do-rio-sao-francisco","status":"publish","type":"post","link":"https:\/\/www.mpal.mp.br\/?p=15171","title":{"rendered":"Fiscaliza\u00e7\u00e3o multa propriet\u00e1rios de im\u00f3veis constru\u00eddos no leito do Rio S\u00e3o Francisco"},"content":{"rendered":"<p style=\"text-align: justify;\"><span style=\"font-size: 14pt;\">Em mais um dia de Fiscaliza\u00e7\u00e3o Preventiva Integrada do S\u00e3o Francisco\/Alagoas, a equipe respons\u00e1vel pelas a\u00e7\u00f5es de combate a ocupa\u00e7\u00e3o irregular detectou uma s\u00e9rie de infra\u00e7\u00f5es que estavam sendo cometidas por propriet\u00e1rios de resid\u00eancias de veraneio \u00e0s margens do &#8216;Velho Chico&#8217;. Houve o registro de tr\u00eas autua\u00e7\u00f5es e mais tr\u00eas autos de infra\u00e7\u00e3o foram expedidos. \u00c9 proibido por lei utilizar \u00e1rea da Uni\u00e3o, no leito de mananciais, para constru\u00e7\u00e3o de propriedades privadas. Da mesma forma \u00e9 vedada a ocupa\u00e7\u00e3o de terra ind\u00edgena e, sobre esse aspecto, houve flagrante de crime.<\/span><\/p>\n<p style=\"text-align: justify;\"><span style=\"font-size: 14pt;\">Durante o trabalho, a Superintend\u00eancia do Patrim\u00f4nio da Uni\u00e3o (SPU) expediu tr\u00eas notifica\u00e7\u00f5es contra donos de im\u00f3veis que constru\u00edram suas casas no leito do rio S\u00e3o Francisco. De acordo com Bernadete Reckziegel, fiscal da SPU, houve, ao mesmo tempo, a constata\u00e7\u00e3o de tr\u00eas infra\u00e7\u00f5es previstas em legisla\u00e7\u00e3o federal: \u201cOs respons\u00e1veis edificaram suas resid\u00eancias em \u00c1rea de Prote\u00e7\u00e3o Permanente (APP), em terreno marginal de rio federal de propriedade da Uni\u00e3o e, ainda, dentro de terra ind\u00edgena. Nesse \u00faltimo caso, atingiu a tribo Kariri-Xoc\u00f3, natural do munic\u00edpio de Porto Real do Col\u00e9gio\u201d, explicou ela.<\/span><\/p>\n<p style=\"text-align: justify;\"><span style=\"font-size: 14pt;\">A fiscal da Superintend\u00eancia tamb\u00e9m informou que, nas notifica\u00e7\u00f5es, os propriet\u00e1rios dos im\u00f3veis ter\u00e3o um prazo de 10 dias para apresentar as documenta\u00e7\u00f5es exigidas pela SPU.<\/span><\/p>\n<p style=\"text-align: justify;\"><span style=\"font-size: 14pt;\"><strong>Multas<\/strong><\/span><\/p>\n<p style=\"text-align: justify;\"><span style=\"font-size: 14pt;\">O Ibama tamb\u00e9m agiu de acordo com as suas atribui\u00e7\u00f5es. \u201cN\u00f3s multamos tr\u00eas pessoas, tendo havido a expedi\u00e7\u00e3o de autos de infra\u00e7\u00e3o e, tamb\u00e9m, embargos. No caso dos embargos, est\u00e3o proibidas, tanto obras de amplia\u00e7\u00e3o, quanto novas constru\u00e7\u00f5es. As multas variaram entre R$ 50,5 mil e R$ 500,5 mil, de acordo com a gravidade do dano ao meio ambiente e a situa\u00e7\u00e3o econ\u00f4mica do alvo\u201d, informou Isabel Branco, analista ambiental do Instituto.<\/span><\/p>\n<p style=\"text-align: justify;\"><span style=\"font-size: 14pt;\"><strong>MPF e a propositura de ACP<\/strong><\/span><\/p>\n<p style=\"text-align: justify;\"><span style=\"font-size: 14pt;\">O Minist\u00e9rio P\u00fablico Federal de Alagoas, diante dos flagrantes de infra\u00e7\u00f5es, poder\u00e1 fazer a propositura de uma a\u00e7\u00e3o civil p\u00fablica para que os propriet\u00e1rios das casas sejam obrigados a destruir a parte do im\u00f3vel constru\u00edda irregularmente. \u201cA ACP poder\u00e1 pedir a desocupa\u00e7\u00e3o ou demoli\u00e7\u00e3o da \u00e1rea e, ainda, se for o caso, a recupera\u00e7\u00e3o da parte atingida\u201d, declarou Ivan Soares Farias, antrop\u00f3logo do MPF\/AL.<\/span><\/p>\n<p style=\"text-align: justify;\"><span style=\"font-size: 14pt;\">Ivan Soares ainda explicou sobre a ocupa\u00e7\u00e3o irregular em terra ind\u00edgena. Como a \u00e1rea foi delimitada como de posse permanente dos \u00edndios atrav\u00e9s da Portaria n\u00ba 600, de 25 de novembro de 1991, nenhum estranho \u00e0 tribo pode construir casas l\u00e1 dentro.<\/span><\/p>\n<p style=\"text-align: justify;\"><span style=\"font-size: 14pt;\">\u201cA \u00e1rea \u00e9 pequena e quase j\u00e1 n\u00e3o consegue mais comportar a demanda populacional dos ind\u00edgenas. Inclusive, a Kariri Xoc\u00f3 j\u00e1 come\u00e7a a iniciar uma fase de faveliza\u00e7\u00e3o, infelizmente. Diante disso, em meu relat\u00f3rio, vou explicar que a a\u00e7\u00e3o civil p\u00fablica do MPF pode pedir que as constru\u00e7\u00f5es existentes sirvam de abrigo para a pr\u00f3pria tribo. Nesse caso, os donos das resid\u00eancias seriam indenizados, haja vista que tiveram custos com as constru\u00e7\u00f5es\u201d, detalhou o antrop\u00f3logo.<\/span><\/p>\n","protected":false},"excerpt":{"rendered":"<p> [&hellip;]<\/p>\n","protected":false},"author":5,"featured_media":15172,"comment_status":"open","ping_status":"open","sticky":false,"template":"","format":"standard","meta":{"om_disable_all_campaigns":false,"_monsterinsights_skip_tracking":false,"_monsterinsights_sitenote_active":false,"_monsterinsights_sitenote_note":"","_monsterinsights_sitenote_category":0,"_uf_show_specific_survey":0,"_uf_disable_surveys":false,"footnotes":""},"categories":[2],"tags":[],"class_list":["post-15171","post","type-post","status-publish","format-standard","has-post-thumbnail","hentry","category-not_mpal"],"aioseo_notices":[],"_links":{"self":[{"href":"https:\/\/www.mpal.mp.br\/index.php?rest_route=\/wp\/v2\/posts\/15171","targetHints":{"allow":["GET"]}}],"collection":[{"href":"https:\/\/www.mpal.mp.br\/index.php?rest_route=\/wp\/v2\/posts"}],"about":[{"href":"https:\/\/www.mpal.mp.br\/index.php?rest_route=\/wp\/v2\/types\/post"}],"author":[{"embeddable":true,"href":"https:\/\/www.mpal.mp.br\/index.php?rest_route=\/wp\/v2\/users\/5"}],"replies":[{"embeddable":true,"href":"https:\/\/www.mpal.mp.br\/index.php?rest_route=%2Fwp%2Fv2%2Fcomments&post=15171"}],"version-history":[{"count":1,"href":"https:\/\/www.mpal.mp.br\/index.php?rest_route=\/wp\/v2\/posts\/15171\/revisions"}],"predecessor-version":[{"id":15174,"href":"https:\/\/www.mpal.mp.br\/index.php?rest_route=\/wp\/v2\/posts\/15171\/revisions\/15174"}],"wp:featuredmedia":[{"embeddable":true,"href":"https:\/\/www.mpal.mp.br\/index.php?rest_route=\/wp\/v2\/media\/15172"}],"wp:attachment":[{"href":"https:\/\/www.mpal.mp.br\/index.php?rest_route=%2Fwp%2Fv2%2Fmedia&parent=15171"}],"wp:term":[{"taxonomy":"category","embeddable":true,"href":"https:\/\/www.mpal.mp.br\/index.php?rest_route=%2Fwp%2Fv2%2Fcategories&post=15171"},{"taxonomy":"post_tag","embeddable":true,"href":"https:\/\/www.mpal.mp.br\/index.php?rest_route=%2Fwp%2Fv2%2Ftags&post=15171"}],"curies":[{"name":"wp","href":"https:\/\/api.w.org\/{rel}","templated":true}]}}