{"id":1517,"date":"2018-04-01T11:09:07","date_gmt":"2018-04-01T14:09:07","guid":{"rendered":"https:\/\/www.mpal.mp.br\/?p=1517"},"modified":"2022-03-07T11:59:00","modified_gmt":"2022-03-07T14:59:00","slug":"concurso-publico-para-servidores-2018","status":"publish","type":"post","link":"https:\/\/www.mpal.mp.br\/?p=1517","title":{"rendered":"Concurso P\u00fablico para Servidores 2018"},"content":{"rendered":"<div class=\"fusion-fullwidth fullwidth-box fusion-builder-row-1 nonhundred-percent-fullwidth non-hundred-percent-height-scrolling\"  style='background-color: #ffffff;background-position: center center;background-repeat: no-repeat;padding-top:0px;padding-right:0px;padding-bottom:0px;padding-left:0px;'><div class=\"fusion-builder-row fusion-row \"><div  class=\"fusion-layout-column fusion_builder_column fusion_builder_column_1_1 fusion-builder-column-1 fusion-one-full fusion-column-first fusion-column-last 1_1\"  style='margin-top:0px;margin-bottom:20px;'>\n\t\t\t\t\t<div class=\"fusion-column-wrapper\" style=\"padding: 0px 0px 0px 0px;background-position:left top;background-repeat:no-repeat;-webkit-background-size:cover;-moz-background-size:cover;-o-background-size:cover;background-size:cover;\"   data-bg-url=\"\">\n\t\t\t\t\t\t<div class=\"fusion-text\"><p style=\"text-align: justify;\" data-raofz=\"14\"><span style=\"font-size: 14pt;\" data-raofz=\"13\">O Procurador-Geral de Justi\u00e7a do Minist\u00e9rio P\u00fablico do Estado de Alagoas, Dr. Alfredo Gaspar de Mendon\u00e7a Neto, tendo em vista o disposto na Constitui\u00e7\u00e3o do Estado de Alagoas, na Lei Complementar Estadual n. 15, de 22 de novembro de 1996, na Lei Estadual n. 7.858, de 28 de dezembro de 2016 e suas altera\u00e7\u00f5es, na Lei Estadual n. 7.245, de 21 de junho de 2011, na Lei Estadual n. 6.623, de 10 de outubro de 2005, torna p\u00fablico aos interessados que estar\u00e3o abertas as inscri\u00e7\u00f5es para o Concurso P\u00fablico destinado ao provimento de 12 (doze) vagas para os cargos de N\u00edvel Superior, e 3 (tr\u00eas) vagas para os cargos de T\u00e9cnico do Minist\u00e9rio P\u00fablico, de N\u00edvel M\u00e9dio, de acordo com o disposto no presente Edital.<\/span><\/p>\n<p style=\"text-align: justify;\" data-raofz=\"14\"><span style=\"font-size: 18pt;\"><strong>Detalhamento:<\/strong><\/span><\/p>\n<\/div><ul class=\"fusion-checklist fusion-checklist-1\" style=\"font-size:14px;line-height:23.8px;\"><li class=\"fusion-li-item\"><span style=\"height:23.8px;width:23.8px;margin-right:9.8px;\" class=\"icon-wrapper circle-no\"><i class=\"fusion-li-icon fa fa-check\" style=\"color:#ffffff;\"><\/i><\/span><div class=\"fusion-li-item-content\" style=\"margin-left:33.6px;\">\n<ul>\n<li data-raofz=\"14\"><span data-raofz=\"14\"><strong>In\u00edcio das Inscri\u00e7\u00f5es:<\/strong> 02 de abril de 2018<\/span><\/li>\n<li data-raofz=\"14\"><span data-raofz=\"14\"><strong>Fim das Inscri\u00e7\u00f5es:<\/strong> 05 de junho de 2018<\/span><\/li>\n<li data-raofz=\"14\"><span data-raofz=\"14\"><strong>Taxa de Inscri\u00e7\u00e3o:<\/strong> R$ 100,00 para os cargos de n\u00edvel superior | R$ 80,00 para os cargos de n\u00edvel m\u00e9dio.<\/span><\/li>\n<li data-raofz=\"14\"><span data-raofz=\"14\"><strong>Escolaridade:<\/strong> N\u00edvel M\u00e9dio e N\u00edvel Superior<\/span><\/li>\n<li data-raofz=\"14\"><span data-raofz=\"14\"><strong>Vagas:<\/strong> provimento de vagas e forma\u00e7\u00e3o de cadastro de reserva<\/span><\/li>\n<li data-raofz=\"14\"><span data-raofz=\"14\"><strong>Remunera\u00e7\u00e3o:<\/strong> R$ 2.576,29 (m\u00e9dio) \/R$ 4.492,01 (superior)<\/span><\/li>\n<li data-raofz=\"14\"><span data-raofz=\"14\"><strong>Data das Provas:<\/strong> 08 de julho de 2018<\/span><\/li>\n<li data-raofz=\"14\"><span data-raofz=\"14\"><strong>Data de Divulga\u00e7\u00e3o do Resultado:<\/strong> 17 de agosto de 2018<\/span><\/li>\n<\/ul>\n<\/div><\/li><\/ul><div class=\"fusion-sep-clear\"><\/div><div class=\"fusion-separator fusion-full-width-sep sep-none\" style=\"margin-left: auto;margin-right: auto;margin-top:10px;\"><\/div><div class=\"fusion-text\"><p><span style=\"font-size: 14pt;\"><i class=\"fontawesome-icon fa-link fas circle-no\" style=\"font-size:18px;margin-right:9px;color:#003866;\"><\/i><a href=\"https:\/\/conhecimento.fgv.br\/concursos\/mpal\" target=\"_blank\" rel=\"noopener\">Link da P\u00e1gina &#8211; Entidade Organizadora <\/a><\/span><\/p>\n<\/div><style type=\"text\/css\"><\/style><div class=\"fusion-title title fusion-title-1 fusion-title-text fusion-title-size-three\" style=\"margin-top:40px;margin-bottom:31px;\"><h3 class=\"title-heading-left\" style=\"margin:0;color:#ffffff;\"><strong><span style=\"font-size: 14pt; color: #003866;\">Anexos<\/span><\/strong><\/h3><div class=\"title-sep-container\"><div class=\"title-sep sep-double sep-solid\" style=\"border-color:#003866;\"><\/div><\/div><\/div><div class=\"fusion-text\"><p><span style=\"font-size: 14pt;\"><i class=\"fontawesome-icon fa-file-pdf fas circle-no\" style=\"font-size:18px;margin-right:9px;color:#003866;\"><\/i><a href=\"https:\/\/www.mpal.mp.br\/wp-content\/uploads\/2018\/04\/retificado4_Edital_MPAL_2018_06_29.pdf\" target=\"_blank\" rel=\"noopener\">Edital de Abertura<\/a><\/span><\/p>\n<\/div><div class=\"fusion-text\"><p><span style=\"font-size: 14pt;\"><i class=\"fontawesome-icon fa-file-pdf fas circle-no\" style=\"font-size:18px;margin-right:9px;color:#003866;\"><\/i><a href=\"https:\/\/www.mpal.mp.br\/wp-content\/uploads\/2018\/04\/849_MPAL_-_Resultado_Final_de_Aprovados_-_Negros.pdf\" target=\"_blank\" rel=\"noopener\">Resultado Final de Aprovados (espec\u00edfico para candidatos negros)<\/a><\/span><\/p>\n<\/div><div class=\"fusion-text\"><p><span style=\"font-size: 14pt;\"><i class=\"fontawesome-icon fa-file-pdf fas circle-no\" style=\"font-size:18px;margin-right:9px;color:#003866;\"><\/i><a href=\"https:\/\/www.mpal.mp.br\/wp-content\/uploads\/2018\/04\/849_MPAL_-_Resultado_Final_de_Aprovados_-_PcD.pdf\" target=\"_blank\" rel=\"noopener\">Resultado Final de Aprovados (espec\u00edfico para candidatos com defici\u00eancia)<\/a><\/span><\/p>\n<\/div><div class=\"fusion-text\"><p><span style=\"font-size: 14pt;\"><i class=\"fontawesome-icon fa-file-pdf fas circle-no\" style=\"font-size:18px;margin-right:9px;color:#003866;\"><\/i><a href=\"https:\/\/www.mpal.mp.br\/wp-content\/uploads\/2018\/04\/849_MPAL_-_Resultado_Final_de_Aprovados_2018-10-29.pdf\" target=\"_blank\" rel=\"noopener\">Resultado Final de Aprovados<\/a><\/span><\/p>\n<\/div><div class=\"fusion-text\"><p><span style=\"font-size: 14pt;\"><i class=\"fontawesome-icon fa-file-pdf fas circle-no\" style=\"font-size:18px;margin-right:9px;color:#003866;\"><\/i><a href=\"https:\/\/www.mpal.mp.br\/wp-content\/uploads\/2018\/04\/MPAL_-_Resultado_definitivo_da_averiguacao_de_negros.pdf\" target=\"_blank\" rel=\"noopener\">Resultado definitivo da averigua\u00e7\u00e3o da autodeclara\u00e7\u00e3o dos candidatos negros<\/a><\/span><\/p>\n<\/div><div class=\"fusion-text\"><p><span style=\"font-size: 14pt;\"><i class=\"fontawesome-icon fa-file-pdf fas circle-no\" style=\"font-size:18px;margin-right:9px;color:#003866;\"><\/i><a href=\"https:\/\/www.mpal.mp.br\/wp-content\/uploads\/2018\/04\/MPAL_-_CONVOCACAO_PARA_AVERIGUACAO_DA_AUTODECLARACAO_DOS_CANDIDATOS_NEGROS-25.09.18.pdf\" target=\"_blank\" rel=\"noopener\">Edital de convoca\u00e7\u00e3o para averigua\u00e7\u00e3o da autodeclara\u00e7\u00e3o dos candidatos negros<\/a><\/span><\/p>\n<\/div><div class=\"fusion-text\"><p><span style=\"font-size: 14pt;\"><i class=\"fontawesome-icon fa-file-pdf fas circle-no\" style=\"font-size:18px;margin-right:9px;color:#003866;\"><\/i><a href=\"https:\/\/www.mpal.mp.br\/wp-content\/uploads\/2018\/04\/849_MPAL_-_Resultado_Definitivo_Prova_Objetiva_2018-08-16.pdf\" target=\"_blank\" rel=\"noopener\">Resultado definitivo da Prova Escrita Objetiva<\/a><\/span><\/p>\n<\/div><div class=\"fusion-text\"><p><span style=\"font-size: 14pt;\"><i class=\"fontawesome-icon fa-file-pdf fas circle-no\" style=\"font-size:18px;margin-right:9px;color:#003866;\"><\/i><a href=\"https:\/\/www.mpal.mp.br\/wp-content\/uploads\/2018\/04\/mpal2018_gabarito_definitivo.pdf\" target=\"_blank\" rel=\"noopener\">Gabarito Oficial Definitivo da Prova Escrita Objetiva<\/a><\/span><\/p>\n<\/div><div class=\"fusion-clearfix\"><\/div>\n\n\t\t\t\t\t<\/div>\n\t\t\t\t<\/div><\/div><\/div>\n","protected":false},"excerpt":{"rendered":"","protected":false},"author":2,"featured_media":1518,"comment_status":"open","ping_status":"open","sticky":false,"template":"","format":"standard","meta":{"om_disable_all_campaigns":false,"_monsterinsights_skip_tracking":false,"_monsterinsights_sitenote_active":false,"_monsterinsights_sitenote_note":"","_monsterinsights_sitenote_category":0,"_uf_show_specific_survey":0,"_uf_disable_surveys":false,"footnotes":""},"categories":[18],"tags":[],"class_list":["post-1517","post","type-post","status-publish","format-standard","has-post-thumbnail","hentry","category-not_concursos"],"aioseo_notices":[],"_links":{"self":[{"href":"https:\/\/www.mpal.mp.br\/index.php?rest_route=\/wp\/v2\/posts\/1517","targetHints":{"allow":["GET"]}}],"collection":[{"href":"https:\/\/www.mpal.mp.br\/index.php?rest_route=\/wp\/v2\/posts"}],"about":[{"href":"https:\/\/www.mpal.mp.br\/index.php?rest_route=\/wp\/v2\/types\/post"}],"author":[{"embeddable":true,"href":"https:\/\/www.mpal.mp.br\/index.php?rest_route=\/wp\/v2\/users\/2"}],"replies":[{"embeddable":true,"href":"https:\/\/www.mpal.mp.br\/index.php?rest_route=%2Fwp%2Fv2%2Fcomments&post=1517"}],"version-history":[{"count":8,"href":"https:\/\/www.mpal.mp.br\/index.php?rest_route=\/wp\/v2\/posts\/1517\/revisions"}],"predecessor-version":[{"id":1542,"href":"https:\/\/www.mpal.mp.br\/index.php?rest_route=\/wp\/v2\/posts\/1517\/revisions\/1542"}],"wp:featuredmedia":[{"embeddable":true,"href":"https:\/\/www.mpal.mp.br\/index.php?rest_route=\/wp\/v2\/media\/1518"}],"wp:attachment":[{"href":"https:\/\/www.mpal.mp.br\/index.php?rest_route=%2Fwp%2Fv2%2Fmedia&parent=1517"}],"wp:term":[{"taxonomy":"category","embeddable":true,"href":"https:\/\/www.mpal.mp.br\/index.php?rest_route=%2Fwp%2Fv2%2Fcategories&post=1517"},{"taxonomy":"post_tag","embeddable":true,"href":"https:\/\/www.mpal.mp.br\/index.php?rest_route=%2Fwp%2Fv2%2Ftags&post=1517"}],"curies":[{"name":"wp","href":"https:\/\/api.w.org\/{rel}","templated":true}]}}