{"id":15167,"date":"2014-11-13T08:56:29","date_gmt":"2014-11-13T10:56:29","guid":{"rendered":"https:\/\/www.mpal.mp.br\/?p=15167"},"modified":"2022-08-09T08:57:16","modified_gmt":"2022-08-09T11:57:16","slug":"fpi-notifica-casal-de-belo-monte-pela-ausencia-de-filtracao-da-agua-populacao-recebe-agua-capaz-de-transmitir-doencas-de-veiculacao-hidrica","status":"publish","type":"post","link":"https:\/\/www.mpal.mp.br\/?p=15167","title":{"rendered":"FPI notifica Casal de Belo Monte pela aus\u00eancia de filtra\u00e7\u00e3o da \u00e1gua; popula\u00e7\u00e3o recebe \u00e1gua capaz de transmitir doen\u00e7as de veicula\u00e7\u00e3o h\u00eddrica"},"content":{"rendered":"<p style=\"text-align: justify;\"><span style=\"font-size: 14pt;\">O alerta est\u00e1 sendo feito pela Fiscaliza\u00e7\u00e3o Integrada do S\u00e3o Francisco\/Alagoas: a \u00e1gua distribu\u00edda da esta\u00e7\u00e3o de tratamento de Belo Monte, munic\u00edpio sertanejo do Estado, n\u00e3o est\u00e1 sendo filtrada e clorada de acordo com as normas vigentes e chega \u00e0s casas de pelo menos de 6,2 mil pessoas sem o devido tratamento legal. A aus\u00eancia desses procedimentos pode causar danos \u00e0 sa\u00fade da popula\u00e7\u00e3o, haja vista que a falta desses tratamentos provoca o surgimento de doen\u00e7as de veicula\u00e7\u00e3o h\u00eddrica.<\/span><\/p>\n<p style=\"text-align: justify;\"><span style=\"font-size: 14pt;\">A comprova\u00e7\u00e3o das irregularidades na esta\u00e7\u00e3o de tratamento de \u00e1gua de Belo Monte aconteceu no final da tarde dessa quarta-feira (12). Em visita ao local, a equipe de abastecimento de \u00e1gua da FPI constatou que a Casal infringe de forma gritante a Portaria do Minist\u00e9rio da Sa\u00fade n\u00ba 2914\/11, que determina que toda a \u00e1gua de manancial superficial deve ser submetida a processo de filtra\u00e7\u00e3o. De acordo com a norma, o processo de tratamento deve seguir uma sequ\u00eancia \u2013 capta\u00e7\u00e3o, mistura r\u00e1pida\/coagula\u00e7\u00e3o (momento em que o sulfato de alum\u00ednio deve ser colocado na \u00e1gua), flocula\u00e7\u00e3o (separa\u00e7\u00e3o dos res\u00edduos s\u00f3lidos da \u00e1gua), decanta\u00e7\u00e3o, filtra\u00e7\u00e3o e clora\u00e7\u00e3o, para, s\u00f3 ent\u00e3o, ser distribu\u00edda para consumo.<\/span><\/p>\n<p style=\"text-align: justify;\"><span style=\"font-size: 14pt;\">\u201cO que encontramos n\u00e3o foi uma esta\u00e7\u00e3o de tratamento e, sim, apenas uma bomba de capta\u00e7\u00e3o e um tanque. O mesmo tanque que recebe a \u00e1gua do S\u00e3o Francisco \u00e9 o reservat\u00f3rio que clora a \u00e1gua, sem que ela tenha seguido todos os passos para se tornar pura. Essa irregularidade pode colaborar com o desencadeamento de doen\u00e7as de veicula\u00e7\u00e3o h\u00eddrica, a exemplo de hepatite, parasitoses e diarreias\u201d, alertou \u00cdsis Nabuco, t\u00e9cnica da Vigil\u00e2ncia Sanit\u00e1ria da Secretaria de Estado da Sa\u00fade da Bahia, \u00f3rg\u00e3o que tamb\u00e9m est\u00e1 dando apoio ao projeto da FPI.<\/span><\/p>\n<p style=\"text-align: justify;\"><span style=\"font-size: 14pt;\">A Vigil\u00e2ncia Sanit\u00e1ria da Secretaria de Estado da Sa\u00fade de Alagoas tamb\u00e9m participou da fiscaliza\u00e7\u00e3o e notificou a Casal. \u201cA Companhia ter\u00e1 oito dias para explicar o porqu\u00ea da ETA estar funcionando sob aquelas condi\u00e7\u00f5es. Al\u00e9m disso, ela ser\u00e1 obrigada a montar a infraestrutura necess\u00e1ria para o devido tratamento da \u00e1gua. A popula\u00e7\u00e3o n\u00e3o pode continuar sendo prejudicada\u201d, explicou Marcos Ara\u00fajo, inspetor sanit\u00e1rio da Sesau.<\/span><\/p>\n<p style=\"text-align: justify;\"><span style=\"font-size: 14pt;\"><strong>Estrutura deficiente<\/strong><\/span><\/p>\n<p style=\"text-align: justify;\"><span style=\"font-size: 14pt;\">A ETA de Belo Monte n\u00e3o possui a estrutura e os equipamentos necess\u00e1rios para que o correto tratamento da \u00e1gua possa ser realizado. \u201cA esta\u00e7\u00e3o n\u00e3o tem o tanque de contato, imprescind\u00edvel para que a \u00e1gua passe pelo processo de desinfec\u00e7\u00e3o. Tamb\u00e9m n\u00e3o existe um tanque reserva, o que \u00e9 indispens\u00e1vel para que aja a limpeza do reservat\u00f3rio em utiliza\u00e7\u00e3o\u201d, informou Roberto Wagner, fiscal do Ibama.<\/span><\/p>\n<p style=\"text-align: justify;\"><span style=\"font-size: 14pt;\">\u201cO que vimos em Belo Monte foi uma fraude contra o consumidor, que paga pela \u00e1gua tratada e recebe-a sem que ela tenha passado por todas as etapas do tratamento convencional. O relat\u00f3rio sobre as condi\u00e7\u00f5es de funcionamento e fornecimento da ETA ser\u00e1 encaminhado \u00e0 Promotoria respons\u00e1vel para que seja dado in\u00edcio ao procedimento de sindic\u00e2ncia por parte do Minist\u00e9rio P\u00fablico Estadual de Alagoas\u201d, explicou o promotor de Justi\u00e7a Alberto Fonseca.<\/span><\/p>\n","protected":false},"excerpt":{"rendered":"<p> [&hellip;]<\/p>\n","protected":false},"author":5,"featured_media":15164,"comment_status":"open","ping_status":"open","sticky":false,"template":"","format":"standard","meta":{"om_disable_all_campaigns":false,"_monsterinsights_skip_tracking":false,"_monsterinsights_sitenote_active":false,"_monsterinsights_sitenote_note":"","_monsterinsights_sitenote_category":0,"_uf_show_specific_survey":0,"_uf_disable_surveys":false,"footnotes":""},"categories":[2],"tags":[],"class_list":["post-15167","post","type-post","status-publish","format-standard","has-post-thumbnail","hentry","category-not_mpal"],"aioseo_notices":[],"_links":{"self":[{"href":"https:\/\/www.mpal.mp.br\/index.php?rest_route=\/wp\/v2\/posts\/15167","targetHints":{"allow":["GET"]}}],"collection":[{"href":"https:\/\/www.mpal.mp.br\/index.php?rest_route=\/wp\/v2\/posts"}],"about":[{"href":"https:\/\/www.mpal.mp.br\/index.php?rest_route=\/wp\/v2\/types\/post"}],"author":[{"embeddable":true,"href":"https:\/\/www.mpal.mp.br\/index.php?rest_route=\/wp\/v2\/users\/5"}],"replies":[{"embeddable":true,"href":"https:\/\/www.mpal.mp.br\/index.php?rest_route=%2Fwp%2Fv2%2Fcomments&post=15167"}],"version-history":[{"count":1,"href":"https:\/\/www.mpal.mp.br\/index.php?rest_route=\/wp\/v2\/posts\/15167\/revisions"}],"predecessor-version":[{"id":15169,"href":"https:\/\/www.mpal.mp.br\/index.php?rest_route=\/wp\/v2\/posts\/15167\/revisions\/15169"}],"wp:featuredmedia":[{"embeddable":true,"href":"https:\/\/www.mpal.mp.br\/index.php?rest_route=\/wp\/v2\/media\/15164"}],"wp:attachment":[{"href":"https:\/\/www.mpal.mp.br\/index.php?rest_route=%2Fwp%2Fv2%2Fmedia&parent=15167"}],"wp:term":[{"taxonomy":"category","embeddable":true,"href":"https:\/\/www.mpal.mp.br\/index.php?rest_route=%2Fwp%2Fv2%2Fcategories&post=15167"},{"taxonomy":"post_tag","embeddable":true,"href":"https:\/\/www.mpal.mp.br\/index.php?rest_route=%2Fwp%2Fv2%2Ftags&post=15167"}],"curies":[{"name":"wp","href":"https:\/\/api.w.org\/{rel}","templated":true}]}}