{"id":15161,"date":"2014-11-27T08:53:47","date_gmt":"2014-11-27T10:53:47","guid":{"rendered":"https:\/\/www.mpal.mp.br\/?p=15161"},"modified":"2022-08-09T08:54:42","modified_gmt":"2022-08-09T11:54:42","slug":"promotoria-de-justica-apura-denuncias-de-danos-ambientais-na-parte-alta-da-cidade-lixao-estacao-de-tratamento-de-efluentes-e-falhas-em-drenagem-sao-alvos-do-mpe-al","status":"publish","type":"post","link":"https:\/\/www.mpal.mp.br\/?p=15161","title":{"rendered":"Promotoria de Justi\u00e7a apura den\u00fancias de danos ambientais na parte alta da cidade; lix\u00e3o, esta\u00e7\u00e3o de tratamento de efluentes e falhas em drenagem s\u00e3o alvos do MPE\/AL"},"content":{"rendered":"<p style=\"text-align: justify;\"><span style=\"font-size: 14pt;\">O Minist\u00e9rio P\u00fablico do Estado de Alagoas, por meio da 4\u00aa Promotoria de Justi\u00e7a da Capital, instaurou, nesta quinta-feira (27), um procedimento preparat\u00f3rio para apurar a den\u00fancia de danos ambientais na Rua 34 do Conjunto Jo\u00e3o Sampaio, no bairro do Tabuleiro dos Martins, veiculada pela imprensa. A queda de barreiras e a forma\u00e7\u00e3o de uma cratera provocadas por uma falha no projeto de drenagem de \u00e1guas pluviais no local teriam gerado o preju\u00edzo ao meio ambiente.<\/span><\/p>\n<p style=\"text-align: justify;\"><span style=\"font-size: 14pt;\">Segundo o promotor de Justi\u00e7a Alberto Fonseca, a situa\u00e7\u00e3o em que se encontra a rua coloca em risco a sa\u00fade, a vida, o meio ambiente e o patrim\u00f4nio p\u00fablico e privado. \u201cEmpreendimentos como esses, devem contemplar sistema de drenagem e obras estruturais eficientes\u201d, explicou.<\/span><\/p>\n<p style=\"text-align: justify;\"><span style=\"font-size: 14pt;\">A Promotoria de Justi\u00e7a realizar\u00e1 uma audi\u00eancia p\u00fablica no pr\u00e9dio-sede da Procuradoria-Geral de Justi\u00e7a, no bairro do Po\u00e7o, no dia 19 de dezemro, \u00e0s 9h, para discutir o caso. Representantes da Secretaria Municipal de Prote\u00e7\u00e3o ao Meio Ambiente (SMEPMA), Secretaria Municipal de Infraestrutura (SEMINFRA), Secretaria Municipal de Planejamento (SEPLAN), Procuradoria-Geral do Munic\u00edpio e o Conselho Regional de Engenharia e Agronomia (Crea) devem participar da reuni\u00e3o.<\/span><\/p>\n<p style=\"text-align: justify;\"><span style=\"font-size: 14pt;\">No mesmo dia e local, \u00e0s 11h, haver\u00e1 uma audi\u00eancia para tratar da representa\u00e7\u00e3o formulada por um morador de que \u00e1rvores estariam sendo derrubadas na Rua Engenheiro Brand\u00e3o Nogueira, na Jati\u00faca, sem a devida autoriza\u00e7\u00e3o ambiental de supress\u00e3o de vegeta\u00e7\u00e3o. Dessa vez, al\u00e9m do MPE\/AL, estar\u00e3o presentes SEMPA, reclamante e reclamada.<\/span><\/p>\n<p style=\"text-align: justify;\"><span style=\"font-size: 14pt;\"><strong>Benedito Bentes<\/strong><\/span><\/p>\n<p style=\"text-align: justify;\"><span style=\"font-size: 14pt;\">O Minist\u00e9rio P\u00fablico Estadual de Alagoas tamb\u00e9m investigar\u00e1 o funcionamento de uma esta\u00e7\u00e3o de tratamento de efluentes e a exist\u00eancia de um lix\u00e3o no bairro do Benedito Bentes que se encontram em desacordo com a legisla\u00e7\u00e3o ambiental. A esta\u00e7\u00e3o seria de responsabilidade da Companhia de Saneamento de Alagoas (Casal), enquanto o descarte de res\u00edduos s\u00f3lidos estaria sendo feito por moradores do entorno, carroceiros e transeuntes.<\/span><\/p>\n<p style=\"text-align: justify;\"><span style=\"font-size: 14pt;\">No lix\u00e3o, ocorre descarte dos mais diversos tipos de lixo: residencial, comercial, metralha e animais mortes. \u201cOs res\u00edduos colocam em risco a sa\u00fade e a seguran\u00e7a da popula\u00e7\u00e3o ao atrair vetores como moscas, ratos, baratas, escorpi\u00f5es, al\u00e9m de serem focos do mosquito aedes aegypti, transmissor da dengue\u201d, lembrou o promotor Alberto Fonseca.<\/span><\/p>\n<p style=\"text-align: justify;\"><span style=\"font-size: 14pt;\">O representante do MPE\/AL requisitou \u00e0 SEMPMA uma per\u00edcia de adequa\u00e7\u00e3o do local \u00e0 legisla\u00e7\u00e3o ambiental, enquanto a Superintend\u00eancia Municipal de Controle e Conv\u00edvio Urbano apresentar\u00e1 a per\u00edcia de adequa\u00e7\u00e3o do lix\u00e3o \u00e0 legisla\u00e7\u00e3o urban\u00edstica. Os dois \u00f3rg\u00e3os p\u00fablicos participam de uma audi\u00eancia com o Minist\u00e9rio P\u00fablico, no dia 19 de dezembro, \u00e0s 10h, na sede da Procuradoria-Geral de Justi\u00e7a, que contar\u00e1 tamb\u00e9m com a presen\u00e7a da Superintend\u00eancia de Limpeza Urbana de Macei\u00f3 (Slum).<\/span><\/p>\n<p style=\"text-align: justify;\"><span style=\"font-size: 14pt;\">J\u00e1 a audi\u00eancia que tratar\u00e1 da esta\u00e7\u00e3o de tratamento de efluentes ser\u00e1 realizada no dia 12 de dezembro, \u00e0s 11h. Participar\u00e3o do encontro a Secretaria de Estado do Meio Ambiente e dos Recursos H\u00eddricos (SEMARH), Casal, Crea e Instituto do Meio Ambiente (IMA), que dever\u00e1 apresentar per\u00edcia de constata\u00e7\u00e3o de dano ambiental pelo empreendimento.<\/span><\/p>\n","protected":false},"excerpt":{"rendered":"<p> [&hellip;]<\/p>\n","protected":false},"author":5,"featured_media":15149,"comment_status":"open","ping_status":"open","sticky":false,"template":"","format":"standard","meta":{"om_disable_all_campaigns":false,"_monsterinsights_skip_tracking":false,"_monsterinsights_sitenote_active":false,"_monsterinsights_sitenote_note":"","_monsterinsights_sitenote_category":0,"_uf_show_specific_survey":0,"_uf_disable_surveys":false,"footnotes":""},"categories":[2],"tags":[],"class_list":["post-15161","post","type-post","status-publish","format-standard","has-post-thumbnail","hentry","category-not_mpal"],"aioseo_notices":[],"_links":{"self":[{"href":"https:\/\/www.mpal.mp.br\/index.php?rest_route=\/wp\/v2\/posts\/15161","targetHints":{"allow":["GET"]}}],"collection":[{"href":"https:\/\/www.mpal.mp.br\/index.php?rest_route=\/wp\/v2\/posts"}],"about":[{"href":"https:\/\/www.mpal.mp.br\/index.php?rest_route=\/wp\/v2\/types\/post"}],"author":[{"embeddable":true,"href":"https:\/\/www.mpal.mp.br\/index.php?rest_route=\/wp\/v2\/users\/5"}],"replies":[{"embeddable":true,"href":"https:\/\/www.mpal.mp.br\/index.php?rest_route=%2Fwp%2Fv2%2Fcomments&post=15161"}],"version-history":[{"count":1,"href":"https:\/\/www.mpal.mp.br\/index.php?rest_route=\/wp\/v2\/posts\/15161\/revisions"}],"predecessor-version":[{"id":15162,"href":"https:\/\/www.mpal.mp.br\/index.php?rest_route=\/wp\/v2\/posts\/15161\/revisions\/15162"}],"wp:featuredmedia":[{"embeddable":true,"href":"https:\/\/www.mpal.mp.br\/index.php?rest_route=\/wp\/v2\/media\/15149"}],"wp:attachment":[{"href":"https:\/\/www.mpal.mp.br\/index.php?rest_route=%2Fwp%2Fv2%2Fmedia&parent=15161"}],"wp:term":[{"taxonomy":"category","embeddable":true,"href":"https:\/\/www.mpal.mp.br\/index.php?rest_route=%2Fwp%2Fv2%2Fcategories&post=15161"},{"taxonomy":"post_tag","embeddable":true,"href":"https:\/\/www.mpal.mp.br\/index.php?rest_route=%2Fwp%2Fv2%2Ftags&post=15161"}],"curies":[{"name":"wp","href":"https:\/\/api.w.org\/{rel}","templated":true}]}}