{"id":15159,"date":"2014-12-05T08:52:50","date_gmt":"2014-12-05T10:52:50","guid":{"rendered":"https:\/\/www.mpal.mp.br\/?p=15159"},"modified":"2022-08-09T08:53:36","modified_gmt":"2022-08-09T11:53:36","slug":"promotoria-de-defesa-do-meio-ambiente-realiza-audiencia-com-orgaos-de-defesa-animal-para-analisar-relatorio-do-crmv","status":"publish","type":"post","link":"https:\/\/www.mpal.mp.br\/?p=15159","title":{"rendered":"Promotoria de Defesa do Meio Ambiente realiza audi\u00eancia com \u00f3rg\u00e3os de defesa animal para analisar relat\u00f3rio do CRMV"},"content":{"rendered":"<p style=\"text-align: justify;\"><span style=\"font-size: 14pt;\">A Promotoria de Justi\u00e7a de Defesa do Meio Ambiente da Capital realizou, na \u00faltima ter\u00e7a-feira (10), uma audi\u00eancia que discutiu o relat\u00f3rio do Conselho Regional de Medicina Veterin\u00e1ria (CRMV) acerca do Termo de Ajustamento de Conduta (TAC) firmado entre o munic\u00edpio de Macei\u00f3, a Comiss\u00e3o de Meio Ambiente e Prote\u00e7\u00e3o ao Animal da OAB e o Minist\u00e9rio P\u00fablico do Estado de Alagoas (MPE\/AL), em dezembro de 2013.<\/span><\/p>\n<p style=\"text-align: justify;\"><span style=\"font-size: 14pt;\">O TAC em quest\u00e3o definiu medidas de prote\u00e7\u00e3o aos animais, de combate \u00e0 prolifera\u00e7\u00e3o de zoonoses e reforma do Centro de Controle de Zoonoses (CCZ). Al\u00e9m disso, ele tamb\u00e9m havia previsto a constru\u00e7\u00e3o e o aparelhamento de canil, gatil e baias, tudo isso, dentro da unidade em Macei\u00f3. Ap\u00f3s um ano da celebra\u00e7\u00e3o do Termo de Ajustamento de Conduta, pouco se fez e as instala\u00e7\u00f5es continuam em condi\u00e7\u00f5es prec\u00e1rias.<\/span><\/p>\n<p style=\"text-align: justify;\"><span style=\"font-size: 14pt;\">De acordo com o promotor de Justi\u00e7a Alberto Fonseca, o Munic\u00edpio se comprometeu em construir canil, gatil e baias em local acess\u00edvel \u00e0 popula\u00e7\u00e3o para abrigar animais sadios destinados \u00e0 ado\u00e7\u00e3o. A Prefeitura tamb\u00e9m havia garantido estruturar um ambiente com acomoda\u00e7\u00f5es adequadas para atendimento e exame cl\u00ednico, laborat\u00f3rio hematol\u00f3gico, fluidoterapia, ambulat\u00f3rio para pequenos procedimentos e recupera\u00e7\u00e3o de animais e salas de cirurgia. Tais constru\u00e7\u00f5es deveriam atender aos crit\u00e9rios de bem estar animal.<\/span><\/p>\n<p style=\"text-align: justify;\"><span style=\"font-size: 14pt;\">\u201cA expectativa era de que a Secretaria Municipal de Sa\u00fade firmasse parcerias com institui\u00e7\u00f5es de ensino e centros t\u00e9cnicos para promover o controle de natalidade da popula\u00e7\u00e3o felina e canina do munic\u00edpio de Macei\u00f3, com centro cir\u00fargico implantado e adequado a atender a demanda de cirurgias de esteriliza\u00e7\u00e3o no CCZ , considerado servi\u00e7o essencial de preven\u00e7\u00e3o \u00e0 sa\u00fade p\u00fablica\u201d, declarou Alberto Fonseca.<\/span><\/p>\n<p style=\"text-align: justify;\"><span style=\"font-size: 14pt;\">A Promotoria de Justi\u00e7a de defesa do Meio Ambiente designou uma audi\u00eancia para o dia 16 de dezembro, que ser\u00e1 realizada na sede do MPE\/AL, na Promotoria de Justi\u00e7a de Defesa do Meio Ambiente, a partir das 11h.<\/span><\/p>\n","protected":false},"excerpt":{"rendered":"<p> [&hellip;]<\/p>\n","protected":false},"author":5,"featured_media":15149,"comment_status":"open","ping_status":"open","sticky":false,"template":"","format":"standard","meta":{"om_disable_all_campaigns":false,"_monsterinsights_skip_tracking":false,"_monsterinsights_sitenote_active":false,"_monsterinsights_sitenote_note":"","_monsterinsights_sitenote_category":0,"_uf_show_specific_survey":0,"_uf_disable_surveys":false,"footnotes":""},"categories":[2],"tags":[],"class_list":["post-15159","post","type-post","status-publish","format-standard","has-post-thumbnail","hentry","category-not_mpal"],"aioseo_notices":[],"_links":{"self":[{"href":"https:\/\/www.mpal.mp.br\/index.php?rest_route=\/wp\/v2\/posts\/15159","targetHints":{"allow":["GET"]}}],"collection":[{"href":"https:\/\/www.mpal.mp.br\/index.php?rest_route=\/wp\/v2\/posts"}],"about":[{"href":"https:\/\/www.mpal.mp.br\/index.php?rest_route=\/wp\/v2\/types\/post"}],"author":[{"embeddable":true,"href":"https:\/\/www.mpal.mp.br\/index.php?rest_route=\/wp\/v2\/users\/5"}],"replies":[{"embeddable":true,"href":"https:\/\/www.mpal.mp.br\/index.php?rest_route=%2Fwp%2Fv2%2Fcomments&post=15159"}],"version-history":[{"count":1,"href":"https:\/\/www.mpal.mp.br\/index.php?rest_route=\/wp\/v2\/posts\/15159\/revisions"}],"predecessor-version":[{"id":15160,"href":"https:\/\/www.mpal.mp.br\/index.php?rest_route=\/wp\/v2\/posts\/15159\/revisions\/15160"}],"wp:featuredmedia":[{"embeddable":true,"href":"https:\/\/www.mpal.mp.br\/index.php?rest_route=\/wp\/v2\/media\/15149"}],"wp:attachment":[{"href":"https:\/\/www.mpal.mp.br\/index.php?rest_route=%2Fwp%2Fv2%2Fmedia&parent=15159"}],"wp:term":[{"taxonomy":"category","embeddable":true,"href":"https:\/\/www.mpal.mp.br\/index.php?rest_route=%2Fwp%2Fv2%2Fcategories&post=15159"},{"taxonomy":"post_tag","embeddable":true,"href":"https:\/\/www.mpal.mp.br\/index.php?rest_route=%2Fwp%2Fv2%2Ftags&post=15159"}],"curies":[{"name":"wp","href":"https:\/\/api.w.org\/{rel}","templated":true}]}}