{"id":15156,"date":"2014-12-23T08:51:53","date_gmt":"2014-12-23T10:51:53","guid":{"rendered":"https:\/\/www.mpal.mp.br\/?p=15156"},"modified":"2022-08-09T08:52:33","modified_gmt":"2022-08-09T11:52:33","slug":"tac-firmado-representa-maior-compensacao-ambiental-ja-proposta-pelo-ministerio-publico","status":"publish","type":"post","link":"https:\/\/www.mpal.mp.br\/?p=15156","title":{"rendered":"TAC firmado representa maior compensa\u00e7\u00e3o ambiental j\u00e1 proposta pelo Minist\u00e9rio P\u00fablico"},"content":{"rendered":"<p style=\"text-align: justify;\"><span style=\"font-size: 14pt;\">Foi assinado, na sexta-feira passada (19), o maior Termo de Ajustamento de Conduta (TAC) j\u00e1 proposto pelo Minist\u00e9rio P\u00fablico Estadual de Alagoas (MPE\/AL) em rela\u00e7\u00e3o a compensa\u00e7\u00e3o ambiental de \u00e1rea desmatada. A empresa Ativa Empreendimentos LTDA, uma das respons\u00e1veis pelas obras do Loteamento Aldeia do Mar, localizado no bairro de Pescaria, litoral norte de Macei\u00f3 ter\u00e1 que promover a revegeta\u00e7\u00e3o de uma \u00e1rea correspondente a 264.859m\u00b2 e, ainda, criar uma RPPN \u2013 Reserva de Particular de Patrim\u00f4nio Natural \u2013 para amenizar os efeitos do desmatamento de Mata Atl\u00e2ntica provocados por conta da constru\u00e7\u00e3o do referido condom\u00ednio.<\/span><\/p>\n<p style=\"text-align: justify;\"><span style=\"font-size: 14pt;\">A revegeta\u00e7\u00e3o no local ser\u00e1 uma forma de compensar a supress\u00e3o de vegeta\u00e7\u00e3o dos lotes, vias e \u00e1reas de equipamento comunit\u00e1rios do empreendimento. Com o prazo de dois anos para conclus\u00e3o, ela dever\u00e1 obedecer ao Plano de Recupera\u00e7\u00e3o de \u00c1rea Degradada (PRAD) aprovado pela Secretaria Municipal de Prote\u00e7\u00e3o ao Meio Ambiente (SEMPMA). J\u00e1 a RPPN ter\u00e1 uma \u00e1rea de, no m\u00ednimo, 660.000 m\u00b2, a ser desenvolvida em at\u00e9 um ano, com a averba\u00e7\u00e3o da perpetuidade de preserva\u00e7\u00e3o no Cart\u00f3rio de Registro de Im\u00f3veis respectivo. Ap\u00f3s a averba\u00e7\u00e3o, a empresa ter\u00e1 mais um ano para elaborar um Plano de Manejo da reserva em destaque.<\/span><\/p>\n<p style=\"text-align: justify;\"><span style=\"font-size: 14pt;\">\u201cO TAC representa uma alternativa concreta e um avan\u00e7o na quest\u00e3o da promo\u00e7\u00e3o, recupera\u00e7\u00e3o e defesa dos remanescentes do Dom\u00ednio Mata Atl\u00e2ntica, buscando interferir junto aos dirigentes e colaboradores da Ativa Empreendimento LTDA. Vamos atuar de modo a conscientiz\u00e1-los e envolv\u00ea-los diretamente na responsabilidade pela melhoria da qualidade de vida da popula\u00e7\u00e3o, por meio do respeito aos regramentos legais, bem como a realiza\u00e7\u00e3o de processo de educa\u00e7\u00e3o ambiental junto \u00e0 comunidade. O procedimento representa n\u00e3o s\u00f3 uma a\u00e7\u00e3o pioneira para o estado, mas tamb\u00e9m para todo o pa\u00eds\u201d, explicou o promotor de Justi\u00e7a Alberto Fonseca.<\/span><\/p>\n<p style=\"text-align: justify;\"><span style=\"font-size: 14pt;\"><strong>Educa\u00e7\u00e3o ambiental<\/strong><\/span><\/p>\n<p style=\"text-align: justify;\"><span style=\"font-size: 14pt;\">No TAC, tamb\u00e9m est\u00e1 previsto que a Ativa Empreendimentos LTDA realize um levantamento preliminar da fauna e flora que existe na \u00e1rea em que foi constru\u00eddo o Loteamento Residencial Aldeia do Mar, no prazo de um ano a contar da assinatura do termo. Da mesma forma, a empresa ter\u00e1 implantar um programa de Educa\u00e7\u00e3o Ambiental, por tempo n\u00e3o inferior ao prazo do Plano de Recupera\u00e7\u00e3o de \u00c1rea Degradada.<\/span><\/p>\n<p style=\"text-align: justify;\"><span style=\"font-size: 14pt;\">H\u00e1 ainda o compromisso da empresa de construir uma base de apoio \u00e0 pesquisa das aves amea\u00e7adas do Centro de Endemismo Pernambuco com \u00e1rea de, no m\u00ednimo, 90,42 m\u00b2, equipada com mob\u00edlia, em \u00e1rea do Complexo Pratagy. O prazo para implanta\u00e7\u00e3o do pr\u00e9dio ser\u00e1 de 180 dias, que ser\u00e1 contado a partir dos respectivos Licenciamento Ambiental e obten\u00e7\u00e3o do Alvar\u00e1 de Constru\u00e7\u00e3o junto \u00e0s autoridades competentes.<\/span><\/p>\n<p style=\"text-align: justify;\"><span style=\"font-size: 14pt;\">Caber\u00e1 \u00e0 Procuradoria-Geral do Munic\u00edpio de Macei\u00f3, SEMPMA e \u00e0 Superintend\u00eancia Municipal de Controle e Conv\u00edvio Urbano (SMCCU) promover a fiscaliza\u00e7\u00e3o das obriga\u00e7\u00f5es acordadas no Termo de Compromisso de Ajustamento de Conduta. A multa di\u00e1ria para qualquer obriga\u00e7\u00e3o que as partes assumiram ser\u00e1 de R$ 10 mil.<\/span><\/p>\n","protected":false},"excerpt":{"rendered":"<p> [&hellip;]<\/p>\n","protected":false},"author":5,"featured_media":15157,"comment_status":"open","ping_status":"open","sticky":false,"template":"","format":"standard","meta":{"om_disable_all_campaigns":false,"_monsterinsights_skip_tracking":false,"_monsterinsights_sitenote_active":false,"_monsterinsights_sitenote_note":"","_monsterinsights_sitenote_category":0,"_uf_show_specific_survey":0,"_uf_disable_surveys":false,"footnotes":""},"categories":[2],"tags":[],"class_list":["post-15156","post","type-post","status-publish","format-standard","has-post-thumbnail","hentry","category-not_mpal"],"aioseo_notices":[],"_links":{"self":[{"href":"https:\/\/www.mpal.mp.br\/index.php?rest_route=\/wp\/v2\/posts\/15156","targetHints":{"allow":["GET"]}}],"collection":[{"href":"https:\/\/www.mpal.mp.br\/index.php?rest_route=\/wp\/v2\/posts"}],"about":[{"href":"https:\/\/www.mpal.mp.br\/index.php?rest_route=\/wp\/v2\/types\/post"}],"author":[{"embeddable":true,"href":"https:\/\/www.mpal.mp.br\/index.php?rest_route=\/wp\/v2\/users\/5"}],"replies":[{"embeddable":true,"href":"https:\/\/www.mpal.mp.br\/index.php?rest_route=%2Fwp%2Fv2%2Fcomments&post=15156"}],"version-history":[{"count":1,"href":"https:\/\/www.mpal.mp.br\/index.php?rest_route=\/wp\/v2\/posts\/15156\/revisions"}],"predecessor-version":[{"id":15158,"href":"https:\/\/www.mpal.mp.br\/index.php?rest_route=\/wp\/v2\/posts\/15156\/revisions\/15158"}],"wp:featuredmedia":[{"embeddable":true,"href":"https:\/\/www.mpal.mp.br\/index.php?rest_route=\/wp\/v2\/media\/15157"}],"wp:attachment":[{"href":"https:\/\/www.mpal.mp.br\/index.php?rest_route=%2Fwp%2Fv2%2Fmedia&parent=15156"}],"wp:term":[{"taxonomy":"category","embeddable":true,"href":"https:\/\/www.mpal.mp.br\/index.php?rest_route=%2Fwp%2Fv2%2Fcategories&post=15156"},{"taxonomy":"post_tag","embeddable":true,"href":"https:\/\/www.mpal.mp.br\/index.php?rest_route=%2Fwp%2Fv2%2Ftags&post=15156"}],"curies":[{"name":"wp","href":"https:\/\/api.w.org\/{rel}","templated":true}]}}