{"id":15154,"date":"2015-01-23T08:50:56","date_gmt":"2015-01-23T10:50:56","guid":{"rendered":"https:\/\/www.mpal.mp.br\/?p=15154"},"modified":"2022-08-09T08:51:43","modified_gmt":"2022-08-09T11:51:43","slug":"mpe-al-investiga-mortandade-de-peixes-no-rio-poxim-em-coruripe-instituicao-tambem-apura-denuncias-de-irregularidade-na-construcao-de-igreja-e-maus-tratos-aos-animais","status":"publish","type":"post","link":"https:\/\/www.mpal.mp.br\/?p=15154","title":{"rendered":"MPE\/AL investiga mortandade de peixes no Rio Poxim em Coruripe; institui\u00e7\u00e3o tamb\u00e9m apura den\u00fancias de irregularidade na constru\u00e7\u00e3o de igreja e maus-tratos aos animais"},"content":{"rendered":"<p style=\"text-align: justify;\"><span style=\"font-size: 14pt;\">O Minist\u00e9rio P\u00fablico do Estado de Alagoas (MPE\/AL), por meio da Promotoria de Justi\u00e7a de Coruripe e da 4\u00aa Promotoria de Justi\u00e7a da Capital, instaurou, nesta sexta-feira (23), um procedimento preparat\u00f3rio para investigar elevado \u00edndice de mortandade de peixes e a poss\u00edvel insufici\u00eancia de oxig\u00eanio no Rio Poxim, no munic\u00edpio do litoral sul. A investiga\u00e7\u00e3o ter\u00e1 o apoio operacional do N\u00facleo de Defesa do Meio Ambiente do 1\u00ba Centro de Apoio Operacional do MPE\/AL.<\/span><\/p>\n<p style=\"text-align: justify;\"><span style=\"font-size: 14pt;\">Segundo o Minist\u00e9rio P\u00fablico, os \u00f3rg\u00e3os de fiscaliza\u00e7\u00e3o ambiental desconhecem o motivo do desequil\u00edbrio ambiental em Coruripe. Para as promotoras de Justi\u00e7a Lav\u00ednia Fragoso, Hylza Paiva Torres de Castro e Gilcele Damaso de Almeida Lima, que comandam o estudo do caso, a situa\u00e7\u00e3o do rio n\u00e3o s\u00f3 coloca em risco o meio ambiente, como tamb\u00e9m a sa\u00fade da popula\u00e7\u00e3o. No procedimento, elas requisitaram per\u00edcia de constata\u00e7\u00e3o de dano ambiental ao Instituto do Meio Ambiente (IMA\/AL).<\/span><\/p>\n<p style=\"text-align: justify;\"><span style=\"font-size: 14pt;\">\u201cIncumbe ao Minist\u00e9rio P\u00fablico tomar todas as medidas necess\u00e1rias para a implementa\u00e7\u00e3o do equil\u00edbrio ambiental, sejam elas positivas (provocando o Poder P\u00fablico para a elabora\u00e7\u00e3o de planos, controlando a omiss\u00e3o p\u00fablica e privada), sejam elas negativas (coibindo condutas dos diversos agentes envolvidos que de alguma forma intentem contra seus princ\u00edpios)\u201d, consideraram as promotoras na Portaria publicada hoje no Di\u00e1rio Oficial do Estado, que formaliza a instaura\u00e7\u00e3o do procedimento.<\/span><\/p>\n<p style=\"text-align: justify;\"><span style=\"font-size: 14pt;\"><strong>Polui\u00e7\u00e3o sonora e maus-tratos aos animais<\/strong><\/span><\/p>\n<p style=\"text-align: justify;\"><span style=\"font-size: 14pt;\">A 4\u00aa Promotoria de Justi\u00e7a da Capital instaurou nesta segunda-feira mais dois procedimentos preparat\u00f3rios. Um deles vai apurar a den\u00fancia de polui\u00e7\u00e3o sonora por parte da Igreja Avivamento da F\u00e9, na Rua Emani Passos, no bairro do Tabuleiro dos Martins. De acordo com as informa\u00e7\u00f5es que chegaram ao MPE\/AL, o pr\u00e9dio estaria sendo constru\u00eddo sem autoriza\u00e7\u00e3o dos \u00f3rg\u00e3os competentes e e tamb\u00e9m n\u00e3o teria instala\u00e7\u00f5es hidrossanit\u00e1rias adequadas, de modo a ocasionar forte mau-cheiro e surgimento de vetores na regi\u00e3o.<\/span><\/p>\n<p style=\"text-align: justify;\"><span style=\"font-size: 14pt;\">J\u00e1 o segundo procedimento trata de representa\u00e7\u00e3o formulada pela Comiss\u00e3o de Meio Ambiente e Bem-Estar Animal da Ordem dos Advogados do Brasil \u2013 Seccional Alagoas (OAB), que denunciou a ocorr\u00eancia de maus-tratos a animais no Condom\u00ednio Recanto dos P\u00e1ssaros, no bairro do Benedeito Bentes. Segundo a OAB\/AL, a viol\u00eancia contra os bichos atenta contra a prote\u00e7\u00e3o conferida a eles pela Constitui\u00e7\u00e3o Federal, inclusive no tocante a proibi\u00e7\u00e3o de submiss\u00e3o de animais \u00e0 crueldade, bem como colocando em risco a sa\u00fade p\u00fablica.<\/span><\/p>\n<p style=\"text-align: justify;\"><span style=\"font-size: 14pt;\">A promotora de Justi\u00e7a Lav\u00ednia Fragoso determinou os dias 27 de fevereiro e 09 de mar\u00e7o para realiza\u00e7\u00e3o de audi\u00eancias p\u00fablicas referentes \u00e0 situa\u00e7\u00e3o da Igreja Avivamento da F\u00e9 e dos animais no Condom\u00ednio Recanto dos P\u00e1ssaros, respectivamente. Ambas as reuni\u00f5es ocorrer\u00e3o no pr\u00e9dio-sede da Procuradoria-Geral de Justi\u00e7a, no bairro do Po\u00e7o, \u00e0s 10h.<\/span><\/p>\n","protected":false},"excerpt":{"rendered":"<p> [&hellip;]<\/p>\n","protected":false},"author":5,"featured_media":2857,"comment_status":"open","ping_status":"open","sticky":false,"template":"","format":"standard","meta":{"om_disable_all_campaigns":false,"_monsterinsights_skip_tracking":false,"_monsterinsights_sitenote_active":false,"_monsterinsights_sitenote_note":"","_monsterinsights_sitenote_category":0,"_uf_show_specific_survey":0,"_uf_disable_surveys":false,"footnotes":""},"categories":[2],"tags":[],"class_list":["post-15154","post","type-post","status-publish","format-standard","has-post-thumbnail","hentry","category-not_mpal"],"aioseo_notices":[],"_links":{"self":[{"href":"https:\/\/www.mpal.mp.br\/index.php?rest_route=\/wp\/v2\/posts\/15154","targetHints":{"allow":["GET"]}}],"collection":[{"href":"https:\/\/www.mpal.mp.br\/index.php?rest_route=\/wp\/v2\/posts"}],"about":[{"href":"https:\/\/www.mpal.mp.br\/index.php?rest_route=\/wp\/v2\/types\/post"}],"author":[{"embeddable":true,"href":"https:\/\/www.mpal.mp.br\/index.php?rest_route=\/wp\/v2\/users\/5"}],"replies":[{"embeddable":true,"href":"https:\/\/www.mpal.mp.br\/index.php?rest_route=%2Fwp%2Fv2%2Fcomments&post=15154"}],"version-history":[{"count":1,"href":"https:\/\/www.mpal.mp.br\/index.php?rest_route=\/wp\/v2\/posts\/15154\/revisions"}],"predecessor-version":[{"id":15155,"href":"https:\/\/www.mpal.mp.br\/index.php?rest_route=\/wp\/v2\/posts\/15154\/revisions\/15155"}],"wp:featuredmedia":[{"embeddable":true,"href":"https:\/\/www.mpal.mp.br\/index.php?rest_route=\/wp\/v2\/media\/2857"}],"wp:attachment":[{"href":"https:\/\/www.mpal.mp.br\/index.php?rest_route=%2Fwp%2Fv2%2Fmedia&parent=15154"}],"wp:term":[{"taxonomy":"category","embeddable":true,"href":"https:\/\/www.mpal.mp.br\/index.php?rest_route=%2Fwp%2Fv2%2Fcategories&post=15154"},{"taxonomy":"post_tag","embeddable":true,"href":"https:\/\/www.mpal.mp.br\/index.php?rest_route=%2Fwp%2Fv2%2Ftags&post=15154"}],"curies":[{"name":"wp","href":"https:\/\/api.w.org\/{rel}","templated":true}]}}