{"id":15139,"date":"2015-06-17T08:46:17","date_gmt":"2015-06-17T11:46:17","guid":{"rendered":"https:\/\/www.mpal.mp.br\/?p=15139"},"modified":"2022-08-09T08:47:06","modified_gmt":"2022-08-09T11:47:06","slug":"mpe-al-instaura-inqueritos-civis-para-apurar-possiveis-irregularidades-cometidas-contra-o-meio-ambiente","status":"publish","type":"post","link":"https:\/\/www.mpal.mp.br\/?p=15139","title":{"rendered":"MPE\/AL instaura inqu\u00e9ritos civis para apurar poss\u00edveis irregularidades cometidas contra o meio ambiente"},"content":{"rendered":"<p style=\"text-align: justify;\"><span style=\"font-size: 14pt;\">O Minist\u00e9rio P\u00fablico do Estado de Alagoas (MPE\/AL), por meio da 4\u00aa Promotoria de Justi\u00e7a da Capital, instaurou inqu\u00e9ritos civis para apurar poss\u00edveis irregularidades relacionadas ao meio ambiente. Um dos casos a ser investigado \u00e9 o funcionamento do empreendimento Central Anal\u00edtica, localizado no Jaragu\u00e1. J\u00e1 outro refere-se a informa\u00e7\u00e3o de destrui\u00e7\u00e3o, em Ipioca, de vegeta\u00e7\u00e3o do bioma Mata Atl\u00e2ntica. Al\u00e9m desses, ser\u00e1 investigado a ocorr\u00eancia de polui\u00e7\u00e3o sonora em Ponta Grossa.<\/span><\/p>\n<p style=\"text-align: justify;\"><span style=\"font-size: 14pt;\">Segundo o promotor de Justi\u00e7a Alberto Fonseca todos os casos ser\u00e3o apurados e audi\u00eancias ser\u00e3o realizadas, pois \u00e9 compet\u00eancia do MPE\/AL busca solucionar essas situa\u00e7\u00f5es.<\/span><\/p>\n<p style=\"text-align: justify;\"><span style=\"font-size: 14pt;\">\u201cTodos t\u00eam direito ao meio ambiente ecologicamente equilibrado, por isso, incumbe ao Minist\u00e9rio P\u00fablico Estadual tomar todas as medidas necess\u00e1rias compete ao poder p\u00fablico de atuar para defend\u00ea-lo, preserv\u00e1-lo e recuper\u00e1-lo\u201d, argumentou o promotor.<\/span><\/p>\n<p style=\"text-align: justify;\"><span style=\"font-size: 14pt;\"><strong>Central Anal\u00edtica<\/strong><\/span><\/p>\n<p style=\"text-align: justify;\"><span style=\"font-size: 14pt;\">De acordo com o promotor de Justi\u00e7a Alberto Fonseca h\u00e1 a informa\u00e7\u00e3o de que essa empresa n\u00e3o possui licen\u00e7a de opera\u00e7\u00e3o perante o \u00f3rg\u00e3o ambiental estadual, o que significa descumprimento da Lei e, pode representar risco ao meio ambiente e \u00e0 sa\u00fade.<\/span><\/p>\n<p style=\"text-align: justify;\"><span style=\"font-size: 14pt;\">No dia 10 de agosto de 2015, haver\u00e1 uma audi\u00eancia, \u00e0s 10h, com o objetivo de que sejam propostos ajustes de conduta \u00e0s exig\u00eancias legais. Devem estar presentes \u00e0 reuni\u00e3o, representantes do Instituto do Meio Ambiente (IMA\/AL), do Conselho Regional de Qu\u00edmica (CRQ 17\u00aa Regi\u00e3o) e da empresa.<\/span><\/p>\n<p style=\"text-align: justify;\"><span style=\"font-size: 14pt;\"><strong>Mata Atl\u00e2ntica<\/strong><\/span><\/p>\n<p style=\"text-align: justify;\"><span style=\"font-size: 14pt;\">Ap\u00f3s documentos apresentados pelo Comando do Batalh\u00e3o de Pol\u00edcia Ambiental (BPA) e pela Ouvidoria do Minist\u00e9rio P\u00fablico, o MPE\/AL vai investigar a destrui\u00e7\u00e3o, de aproximadamente 11000 m\u00b2, de vegeta\u00e7\u00e3o do bioma Mata Atl\u00e2ntica, sem a devida licen\u00e7a ou autoriza\u00e7\u00e3o ambiental necess\u00e1rias.<\/span><\/p>\n<p style=\"text-align: justify;\"><span style=\"font-size: 14pt;\">O fato est\u00e1 acontecendo na Rodovia AL 101 Norte, em Ipioca, pr\u00f3ximo ao quil\u00f4metro 60, que fica a 200 metros ap\u00f3s a ponte do Rio Sa\u00fade.<\/span><\/p>\n<p style=\"text-align: justify;\"><span style=\"font-size: 14pt;\">A vegeta\u00e7\u00e3o afetada \u00e9 objeto de especial preserva\u00e7\u00e3o, por estar inserida no dom\u00ednio da Mata Atl\u00e2ntica, patrim\u00f4nio nacional, possuindo uma biota rica e diversificada, bem como a preocupa\u00e7\u00e3o da sociedade civil organizada com o estado de degrada\u00e7\u00e3o em que se encontra a Reserva da Biosfera da Mata Atl\u00e2ntica (UNESCO) no Estado de Alagoas.<\/span><\/p>\n<p style=\"text-align: justify;\"><span style=\"font-size: 14pt;\">A prote\u00e7\u00e3o e a utiliza\u00e7\u00e3o do Bioma Mata Atl\u00e2ntica t\u00eam por objetivo geral o desenvolvimento sustent\u00e1vel e, por objetivos espec\u00edficos, a salvaguarda da biodiversidade, da sa\u00fade humana, dos valores paisag\u00edsticos, est\u00e9ticos e tur\u00edsticos, do regime h\u00eddrico e da estabilidade social.<\/span><\/p>\n<p style=\"text-align: justify;\"><span style=\"font-size: 14pt;\">Na prote\u00e7\u00e3o e na utiliza\u00e7\u00e3o do Bioma Mata Atl\u00e2ntica, ser\u00e3o observados os princ\u00edpios da fun\u00e7\u00e3o socioambiental da propriedade, da equidade intergeracional, da preven\u00e7\u00e3o, da precau\u00e7\u00e3o, do usu\u00e1rio-pagador, da transpar\u00eancia das informa\u00e7\u00f5es e atos, da gest\u00e3o democr\u00e1tica, da celeridade procedimental, da gratuidade dos servi\u00e7os administrativos prestados ao pequeno produtor rural e \u00e0s popula\u00e7\u00f5es tradicionais e do respeito ao direito de propriedade.<\/span><\/p>\n<p style=\"text-align: justify;\"><span style=\"font-size: 14pt;\">Para apurar o caso, o MPE\/AL solicitou per\u00edcia de constata\u00e7\u00e3o de dano ambiental ao Secret\u00e1rio Municipal de Prote\u00e7\u00e3o ao Meio Ambiente. Al\u00e9m disso, realizar\u00e1 uma audi\u00eancia, no dia 7 de agosto de 2015, \u00e0s 11h, que deve contar com a presen\u00e7a de representantes da Secretaria Municipal de Prote\u00e7\u00e3o ao Meio Ambiente (SEMPMA), do Batalh\u00e3o de Pol\u00edcia Ambiental (BPA) e o investigado Luis Paulino do Nascimento.<\/span><\/p>\n<p style=\"text-align: justify;\"><span style=\"font-size: 14pt;\"><strong>Polui\u00e7\u00e3o Sonora<\/strong><\/span><\/p>\n<p style=\"text-align: justify;\"><span style=\"font-size: 14pt;\">Segundo informa\u00e7\u00e3o que chegou ao MPE\/AL, frequentemente, ocorre elevado volume de sons e ru\u00eddos oriundos de equipamentos sonoros dos ve\u00edculos (Pared\u00f5es de Som) que frequentam o Posto Neno, localizado na Ponta Grossa. Fato que vem prejudicando aos moradores com a polui\u00e7\u00e3o sonora causada.<\/span><\/p>\n<p style=\"text-align: justify;\"><span style=\"font-size: 14pt;\">A polui\u00e7\u00e3o sonora causada pela emiss\u00e3o de ru\u00eddos acima dos padr\u00f5es estabelecidos pela Associa\u00e7\u00e3o Brasileira de Normas T\u00e9cnicas (ABNT) e pela Norma Brasileira Regulamentar- (NBR) 10.151 provoca perturba\u00e7\u00e3o da sa\u00fade mental, ofendendo o meio ambiente e, consequentemente, afetando o direito difuso e coletivo.<\/span><\/p>\n<p style=\"text-align: justify;\"><span style=\"font-size: 14pt;\">\u201cOs n\u00edveis excessivos de sons e ru\u00eddos causam deteriora\u00e7\u00e3o na qualidade de vida, na rela\u00e7\u00e3o entre as pessoas, sobretudo quando acima dos limites suport\u00e1veis pelo ouvido humano. A polui\u00e7\u00e3o sonora \u00e9 prejudicial ao repouso noturno e ao sossego p\u00fablico, em especial nos grandes centros urbanos\u201d, esclareceu o promotor.<\/span><\/p>\n<p style=\"text-align: justify;\"><span style=\"font-size: 14pt;\">No dia 14 de agosto, \u00e0s 9h, uma audi\u00eancia ser\u00e1 realizada com representantes da Secretaria Municipal de Prote\u00e7\u00e3o ao Meio Ambiente (SEMPMA), da Superintend\u00eancia Municipal de Transportes e Tr\u00e2nsito de Macei\u00f3 (SMTT), do Batalh\u00e3o de Pol\u00edcia Ambiental (BPA) e com o investigado.<\/span><\/p>\n","protected":false},"excerpt":{"rendered":"<p> [&hellip;]<\/p>\n","protected":false},"author":5,"featured_media":15140,"comment_status":"open","ping_status":"open","sticky":false,"template":"","format":"standard","meta":{"om_disable_all_campaigns":false,"_monsterinsights_skip_tracking":false,"_monsterinsights_sitenote_active":false,"_monsterinsights_sitenote_note":"","_monsterinsights_sitenote_category":0,"_uf_show_specific_survey":0,"_uf_disable_surveys":false,"footnotes":""},"categories":[2],"tags":[],"class_list":["post-15139","post","type-post","status-publish","format-standard","has-post-thumbnail","hentry","category-not_mpal"],"aioseo_notices":[],"_links":{"self":[{"href":"https:\/\/www.mpal.mp.br\/index.php?rest_route=\/wp\/v2\/posts\/15139","targetHints":{"allow":["GET"]}}],"collection":[{"href":"https:\/\/www.mpal.mp.br\/index.php?rest_route=\/wp\/v2\/posts"}],"about":[{"href":"https:\/\/www.mpal.mp.br\/index.php?rest_route=\/wp\/v2\/types\/post"}],"author":[{"embeddable":true,"href":"https:\/\/www.mpal.mp.br\/index.php?rest_route=\/wp\/v2\/users\/5"}],"replies":[{"embeddable":true,"href":"https:\/\/www.mpal.mp.br\/index.php?rest_route=%2Fwp%2Fv2%2Fcomments&post=15139"}],"version-history":[{"count":1,"href":"https:\/\/www.mpal.mp.br\/index.php?rest_route=\/wp\/v2\/posts\/15139\/revisions"}],"predecessor-version":[{"id":15141,"href":"https:\/\/www.mpal.mp.br\/index.php?rest_route=\/wp\/v2\/posts\/15139\/revisions\/15141"}],"wp:featuredmedia":[{"embeddable":true,"href":"https:\/\/www.mpal.mp.br\/index.php?rest_route=\/wp\/v2\/media\/15140"}],"wp:attachment":[{"href":"https:\/\/www.mpal.mp.br\/index.php?rest_route=%2Fwp%2Fv2%2Fmedia&parent=15139"}],"wp:term":[{"taxonomy":"category","embeddable":true,"href":"https:\/\/www.mpal.mp.br\/index.php?rest_route=%2Fwp%2Fv2%2Fcategories&post=15139"},{"taxonomy":"post_tag","embeddable":true,"href":"https:\/\/www.mpal.mp.br\/index.php?rest_route=%2Fwp%2Fv2%2Ftags&post=15139"}],"curies":[{"name":"wp","href":"https:\/\/api.w.org\/{rel}","templated":true}]}}