{"id":15132,"date":"2015-08-17T08:44:28","date_gmt":"2015-08-17T11:44:28","guid":{"rendered":"https:\/\/www.mpal.mp.br\/?p=15132"},"modified":"2022-08-09T08:45:02","modified_gmt":"2022-08-09T11:45:02","slug":"promotoria-de-defesa-do-meio-ambiente-define-medidas-para-combater-paredoes-de-som-na-ponta-grosa","status":"publish","type":"post","link":"https:\/\/www.mpal.mp.br\/?p=15132","title":{"rendered":"Promotoria de Defesa do Meio Ambiente define medidas para combater \u201cpared\u00f5es de som&#8221; na Ponta Grosa"},"content":{"rendered":"<p style=\"text-align: justify;\"><span style=\"font-size: 14pt;\">A 4\u00aa Promotoria de Justi\u00e7a da Capital (Meio Ambiente) realizou, na sexta-feira (14), uma audi\u00eancia p\u00fablica com o objetivo de firmar uma agenda positiva no combate \u00e0 polui\u00e7\u00e3o sonora dos chamados \u201cpared\u00f5es\u201d de som, que t\u00eam prejudicado o funcionamento de um posto de gasolina no bairro da Ponta Grossa, tal como a qualidade de vida dos moradores da regi\u00e3o.<\/span><\/p>\n<p style=\"text-align: justify;\"><span style=\"font-size: 14pt;\">Nos finais de semana e em v\u00e9speras de feriados, grupos de pessoas se re\u00fanem pr\u00f3ximos \u00e0 loja de conveni\u00eancia 24h do posto, com ve\u00edculos que possuem potentes equipamentos sonoros, mesmo com placa proibitiva \u00e0 utiliza\u00e7\u00e3o deles no estabelecimento. Em algumas ocasi\u00f5es, os participantes chegaram a amea\u00e7ar os funcion\u00e1rios da loja.<\/span><\/p>\n<p style=\"text-align: justify;\"><span style=\"font-size: 14pt;\">\u201cA pedido do Minist\u00e9rio P\u00fablico do Estado de Alagoas, o propriet\u00e1rio do posto colocar\u00e1 uma segunda placa informando a proibi\u00e7\u00e3o de consumo de bebidas alco\u00f3licas por l\u00e1. O estabelecimento tamb\u00e9m se comprometeu em informar \u00e0 autoridade policial em caso de polui\u00e7\u00e3o sonora causada pela utiliza\u00e7\u00e3o de equipamentos sonoros de frequentadores do local\u201d, disse o promotor de Justi\u00e7a Alberto Fonseca.<\/span><\/p>\n<p style=\"text-align: justify;\"><span style=\"font-size: 14pt;\">J\u00e1 do lado dos \u00f3rg\u00e3os p\u00fablicos, a Superintend\u00eancia Municipal de Transporte e Tr\u00e2nsito (SMTT) de Macei\u00f3 se colocou \u00e0 disposi\u00e7\u00e3o para a atua\u00e7\u00e3o acerca da infra\u00e7\u00e3o de tr\u00e2nsito respectiva, inclusive para atuar conjuntamente com a Secretaria Municipal de Prote\u00e7\u00e3o ao Meio Ambiente (SEMPMA) e com a Pol\u00edcia Militar no estabelecimento.<\/span><\/p>\n<p style=\"text-align: justify;\"><span style=\"font-size: 14pt;\">A SEMPMA realizar\u00e1 o monitoramento das emiss\u00f5es sonoras produzidas no local pelo que apresentar\u00e1 relat\u00f3rio t\u00e9cnico, bem como realizar\u00e1 as atua\u00e7\u00f5es quando constatadas. Por sua vez, o Batalh\u00e3o de Policiamento Ambiental se compromete, conjuntamente com os demais \u00f3rg\u00e3os, a realizar um monitoramento nos dias e hor\u00e1rios tidos como problem\u00e1ticos, pelo que apresentar\u00e1 relat\u00f3rio circunstanciado ao Minist\u00e9rio P\u00fablico,<\/span><\/p>\n<p style=\"text-align: justify;\"><span style=\"font-size: 14pt;\">A pr\u00f3xima audi\u00eancia sobre o tema ser\u00e1 no dia 07 de dezembro de 2015, \u00e0s 9h, na sede do N\u00facleo de Defesa do Meio Ambiente, na Procuradoria Geral de Justi\u00e7a.<\/span><\/p>\n","protected":false},"excerpt":{"rendered":"<p> [&hellip;]<\/p>\n","protected":false},"author":5,"featured_media":15133,"comment_status":"open","ping_status":"open","sticky":false,"template":"","format":"standard","meta":{"om_disable_all_campaigns":false,"_monsterinsights_skip_tracking":false,"_monsterinsights_sitenote_active":false,"_monsterinsights_sitenote_note":"","_monsterinsights_sitenote_category":0,"_uf_show_specific_survey":0,"_uf_disable_surveys":false,"footnotes":""},"categories":[2],"tags":[],"class_list":["post-15132","post","type-post","status-publish","format-standard","has-post-thumbnail","hentry","category-not_mpal"],"aioseo_notices":[],"_links":{"self":[{"href":"https:\/\/www.mpal.mp.br\/index.php?rest_route=\/wp\/v2\/posts\/15132","targetHints":{"allow":["GET"]}}],"collection":[{"href":"https:\/\/www.mpal.mp.br\/index.php?rest_route=\/wp\/v2\/posts"}],"about":[{"href":"https:\/\/www.mpal.mp.br\/index.php?rest_route=\/wp\/v2\/types\/post"}],"author":[{"embeddable":true,"href":"https:\/\/www.mpal.mp.br\/index.php?rest_route=\/wp\/v2\/users\/5"}],"replies":[{"embeddable":true,"href":"https:\/\/www.mpal.mp.br\/index.php?rest_route=%2Fwp%2Fv2%2Fcomments&post=15132"}],"version-history":[{"count":1,"href":"https:\/\/www.mpal.mp.br\/index.php?rest_route=\/wp\/v2\/posts\/15132\/revisions"}],"predecessor-version":[{"id":15134,"href":"https:\/\/www.mpal.mp.br\/index.php?rest_route=\/wp\/v2\/posts\/15132\/revisions\/15134"}],"wp:featuredmedia":[{"embeddable":true,"href":"https:\/\/www.mpal.mp.br\/index.php?rest_route=\/wp\/v2\/media\/15133"}],"wp:attachment":[{"href":"https:\/\/www.mpal.mp.br\/index.php?rest_route=%2Fwp%2Fv2%2Fmedia&parent=15132"}],"wp:term":[{"taxonomy":"category","embeddable":true,"href":"https:\/\/www.mpal.mp.br\/index.php?rest_route=%2Fwp%2Fv2%2Fcategories&post=15132"},{"taxonomy":"post_tag","embeddable":true,"href":"https:\/\/www.mpal.mp.br\/index.php?rest_route=%2Fwp%2Fv2%2Ftags&post=15132"}],"curies":[{"name":"wp","href":"https:\/\/api.w.org\/{rel}","templated":true}]}}