{"id":15129,"date":"2015-12-03T08:43:25","date_gmt":"2015-12-03T10:43:25","guid":{"rendered":"https:\/\/www.mpal.mp.br\/?p=15129"},"modified":"2022-08-09T08:44:00","modified_gmt":"2022-08-09T11:44:00","slug":"promotoria-de-justica-do-meio-ambiente-promovera-audiencia-para-discutir-descarte-de-residuos-solidos-no-vergel-acumulo-de-lixo-facilita-proliferacao-de-mosquito-da-zika","status":"publish","type":"post","link":"https:\/\/www.mpal.mp.br\/?p=15129","title":{"rendered":"Promotoria de Justi\u00e7a do Meio Ambiente promover\u00e1 audi\u00eancia para discutir descarte de res\u00edduos s\u00f3lidos no Vergel; ac\u00famulo de lixo facilita prolifera\u00e7\u00e3o de mosquito da zika"},"content":{"rendered":"<p style=\"text-align: justify;\"><span style=\"font-size: 14pt;\">A 4\u00aa Promotoria de Justi\u00e7a da Capital, que atua na defesa do meio ambiente, realizar\u00e1 no dia 15 de dezembro, a partir das 9h, uma audi\u00eancia para discutir o descarte irregular e o ac\u00famulo de lixo na Rua Marqu\u00eas de Pombal, no bairro Vergel do Lago. Para al\u00e9m da quest\u00e3o ambiental, o Minist\u00e9rio P\u00fablico do Estado de Alagoas (MPE\/AL) demonstrou preocupa\u00e7\u00e3o com a prolifera\u00e7\u00e3o do mosquito<em>\u00a0aedes aegypti<\/em>, que se reproduz em ambientes de concentra\u00e7\u00e3o de res\u00edduos s\u00f3lidos.<\/span><\/p>\n<p style=\"text-align: justify;\"><span style=\"font-size: 14pt;\">Nesta quarta-feira, o promotor de Justi\u00e7a Alberto Fonseca recebeu representantes da Secretaria Municipal de Prote\u00e7\u00e3o ao Meio Ambiente (SEMPMA) e da Superintend\u00eancia de Limpeza Urbana de Macei\u00f3 (SLUM) em reuni\u00e3o realizada no N\u00facleo de Defesa do Meio Ambiente, na sede da Procuradoria Geral de Justi\u00e7a.<\/span><\/p>\n<p style=\"text-align: justify;\"><span style=\"font-size: 14pt;\">\u201cA quest\u00e3o que se apresenta nos autos n\u00e3o se reflete unicamente na tem\u00e1tica ambiental, haja vista que est\u00e3o presentes elementos de sa\u00fade e urbanismo. A prolifera\u00e7\u00e3o mosquito\u00a0<em>aedes aegypti<\/em>, que transmite a dengue, zika e chikunguya, se d\u00e1 em ambientes como os lix\u00f5es a c\u00e9u aberto, ferro-velhos, constru\u00e7\u00f5es abandonadas, terrenos baldios, entre outros. Para agravar a situa\u00e7\u00e3o, j\u00e1 foram constatados in\u00fameros casos de microcefalia em beb\u00eas de m\u00e3es que apresentaram sintomas de ter contra\u00eddo zika no per\u00edodo gestacional\u201d, disse o promotor de Justi\u00e7a.<\/span><\/p>\n<p style=\"text-align: justify;\"><span style=\"font-size: 14pt;\">Alberto Fonseca tamb\u00e9m destacou que a 4\u00aa Promotoria de Justi\u00e7a da Capital j\u00e1 teve a oportunidade de realizar a\u00e7\u00f5es da Fiscaliza\u00e7\u00e3o Preventiva Integrada da Dengue (FPI da Dengue), que tinha como objetivo apoiar as a\u00e7\u00f5es do comit\u00ea estadual de mobiliza\u00e7\u00e3o contra a doen\u00e7a em Macei\u00f3. No entanto, por falta de pessoal, que seria designado pela Secretaria Municipal de Sa\u00fade, n\u00e3o houve o necess\u00e1rio desdobramento nos diversos alvos que foram visitados pela FPI do Dengue no segundo semestre de 2013.<\/span><\/p>\n<p style=\"text-align: justify;\"><span style=\"font-size: 14pt;\">Al\u00e9m das institui\u00e7\u00f5es citadas, ser\u00e3o convidados para a audi\u00eancia as Promotorias de Justi\u00e7a de Sa\u00fade e Urbanismo, o Minist\u00e9rio P\u00fablico Comunit\u00e1rio, Procuradoria do Munic\u00edpio, Batalh\u00e3o de Policiamento Ambiental e Guarda Municipal. Tamb\u00e9m dever\u00e3o participar da reuni\u00e3o a delegada designada para apurar cirmes ambientais, Talita Aquino, e o coordenador da equipe de centros de sa\u00fade da FPI do S\u00e3o Francisco, m\u00e9dico Celso Tavares.<\/span><\/p>\n<p style=\"text-align: justify;\"><span style=\"font-size: 14pt;\"><strong>Sujeira<\/strong><\/span><\/p>\n<p style=\"text-align: justify;\"><span style=\"font-size: 14pt;\">Os \u00f3rg\u00e3os municipais falaram dos problemas encontrados na Rua Marqu\u00eas do Pombal para manter o local limpo. Segundo a coordenadora ambiental da SLUM, Rita Maria Ara\u00fajo, apesar de a Superintend\u00eancia promover a limpeza da rua diariamente, carroceiros e moradores do bairro insistem em descartar lixo por l\u00e1 com a mesma frequ\u00eancia. De acordo com a gestora, o Munic\u00edpio chegou a realizar trabalhos de educa\u00e7\u00e3o ambiental, edificar a cal\u00e7ada pr\u00f3xima ao ponto de descarte, colocar placar para que a popula\u00e7\u00e3o parasse com a polui\u00e7\u00e3o, mas nada adiantou.<\/span><\/p>\n<p style=\"text-align: justify;\"><span style=\"font-size: 14pt;\">A representante da SLUM tamb\u00e9m disse que, pelo fato do local ser encarado como um ponto de descarte, os populares descartam lixos dom\u00e9sticos, tal os res\u00edduos s\u00f3lidos de a\u00e7ougues, restaurantes e mercados. J\u00e1 o agente fiscal da SEMPMA, Othelma Silva, lembrou que a pr\u00e1tica configura crime ambiental de polui\u00e7\u00e3o, tipificado no art. 54, na Lei contra Crimes Ambientais. Como forma de solucionar o problema, ele sugeriu a realiza\u00e7\u00e3o de a\u00e7\u00f5es integradas envolvendo \u00f3rg\u00e3os p\u00fablicos.<\/span><\/p>\n","protected":false},"excerpt":{"rendered":"<p> [&hellip;]<\/p>\n","protected":false},"author":5,"featured_media":15130,"comment_status":"open","ping_status":"open","sticky":false,"template":"","format":"standard","meta":{"om_disable_all_campaigns":false,"_monsterinsights_skip_tracking":false,"_monsterinsights_sitenote_active":false,"_monsterinsights_sitenote_note":"","_monsterinsights_sitenote_category":0,"_uf_show_specific_survey":0,"_uf_disable_surveys":false,"footnotes":""},"categories":[2],"tags":[],"class_list":["post-15129","post","type-post","status-publish","format-standard","has-post-thumbnail","hentry","category-not_mpal"],"aioseo_notices":[],"_links":{"self":[{"href":"https:\/\/www.mpal.mp.br\/index.php?rest_route=\/wp\/v2\/posts\/15129","targetHints":{"allow":["GET"]}}],"collection":[{"href":"https:\/\/www.mpal.mp.br\/index.php?rest_route=\/wp\/v2\/posts"}],"about":[{"href":"https:\/\/www.mpal.mp.br\/index.php?rest_route=\/wp\/v2\/types\/post"}],"author":[{"embeddable":true,"href":"https:\/\/www.mpal.mp.br\/index.php?rest_route=\/wp\/v2\/users\/5"}],"replies":[{"embeddable":true,"href":"https:\/\/www.mpal.mp.br\/index.php?rest_route=%2Fwp%2Fv2%2Fcomments&post=15129"}],"version-history":[{"count":1,"href":"https:\/\/www.mpal.mp.br\/index.php?rest_route=\/wp\/v2\/posts\/15129\/revisions"}],"predecessor-version":[{"id":15131,"href":"https:\/\/www.mpal.mp.br\/index.php?rest_route=\/wp\/v2\/posts\/15129\/revisions\/15131"}],"wp:featuredmedia":[{"embeddable":true,"href":"https:\/\/www.mpal.mp.br\/index.php?rest_route=\/wp\/v2\/media\/15130"}],"wp:attachment":[{"href":"https:\/\/www.mpal.mp.br\/index.php?rest_route=%2Fwp%2Fv2%2Fmedia&parent=15129"}],"wp:term":[{"taxonomy":"category","embeddable":true,"href":"https:\/\/www.mpal.mp.br\/index.php?rest_route=%2Fwp%2Fv2%2Fcategories&post=15129"},{"taxonomy":"post_tag","embeddable":true,"href":"https:\/\/www.mpal.mp.br\/index.php?rest_route=%2Fwp%2Fv2%2Ftags&post=15129"}],"curies":[{"name":"wp","href":"https:\/\/api.w.org\/{rel}","templated":true}]}}