{"id":15126,"date":"2015-12-14T08:42:07","date_gmt":"2015-12-14T10:42:07","guid":{"rendered":"https:\/\/www.mpal.mp.br\/?p=15126"},"modified":"2022-08-09T08:43:01","modified_gmt":"2022-08-09T11:43:01","slug":"promotores-de-justica-da-fpi-do-sao-francisco-recebem-medalha-amigo-da-marinha-3o-comando-naval-presta-homenagem-ao-mpe-al","status":"publish","type":"post","link":"https:\/\/www.mpal.mp.br\/?p=15126","title":{"rendered":"Promotores de Justi\u00e7a da FPI do S\u00e3o Francisco recebem medalha \u201cAmigo da Marinha\u201d; 3\u00ba Comando Naval presta homenagem ao MPE\/AL"},"content":{"rendered":"<p style=\"text-align: justify;\"><span style=\"font-size: 14pt;\">Coordenadores do programa de Fiscaliza\u00e7\u00e3o Preventiva Integrada na Bacia Hidrogr\u00e1fica do Rio S\u00e3o Francisco (FPI do S\u00e3o Francisco) em Alagoas, os promotores de Justi\u00e7a Alberto Fonseca e Lav\u00ednia Fragoso receberam a medalha \u201cAmigo da Marinha\u201d, em solenidade realizada pela Ag\u00eancia Fluvial da Marinha do Brasil (3\u00ba Comando Naval), em Penedo, na sexta-feira (11). O evento marcou a passagem do \u201cDia do Marinheiro\u201d pelo estado.<\/span><\/p>\n<p style=\"text-align: justify;\"><span style=\"font-size: 14pt;\">A comenda foi criada com o objeto de agraciar personalidades civis, sem v\u00ednculo funcional com a Marinha, militares de outras for\u00e7as, bem como institui\u00e7\u00f5es que tenham se distinguido no trabalho de divulgar a mentalidade mar\u00edtima ou no relacionamento com a Marinha. Na ocasi\u00e3o, tamb\u00e9m receberam a medalha o prefeito M\u00e1rcius Beltr\u00e3o e os empres\u00e1rios Pedro Carlos e Rosana Brand\u00e3o.<\/span><\/p>\n<p style=\"text-align: justify;\"><span style=\"font-size: 14pt;\">\u201cCompartilho essa medalha com todos os carrancas da FPI que tornaram poss\u00edvel esse projeto se tornar uma realidade hoje consolidada. Mais uma vez ratifico a relev\u00e2ncia do trabalho desenvolvido pela Marinha do Brasil e em especial pela Ag\u00eancia de Penedo.\u201d, disse a promotora Lav\u00ednia Fragoso.<\/span><\/p>\n<p style=\"text-align: justify;\"><span style=\"font-size: 14pt;\">\u201cSer agraciado com um tributo deste n\u00edvel mostra que estamos no caminho certo: a defesa n\u00e3o s\u00f3 do meio ambiente e da popula\u00e7\u00e3o ribeirinha em Alagoas, como tamb\u00e9m sua extens\u00e3o para o territ\u00f3rio de outros estados, t\u00e3o dependentes do Rio S\u00e3o Francisco quanto o nosso. A Marinha do Brasil \u00e9 uma grande parceira nesse sentido. Esperamos repetir o trabalho conjunto nas pr\u00f3ximas edi\u00e7\u00f5es da Fiscaliza\u00e7\u00e3o Preventiva Integrada\u201d, agradeceu o promotor Alberto Fonseca.<\/span><\/p>\n<p style=\"text-align: justify;\"><span style=\"font-size: 14pt;\">&#8220;A outorga da Medalha &#8220;Amigo da Marinha&#8221; aos Promotores Alberto Fonseca e Lav\u00ednia Fragoso foi uma justa homenagem a esses marinheiros de cora\u00e7\u00e3o que t\u00eam se destacado pelo empenho em divulgar as a\u00e7\u00f5es da Marinha junto \u00e0 sociedade, principalmente, durante a Fiscaliza\u00e7\u00e3o Preventiva Integrada, a qual tem propiciado \u00e0 Marinha um incremento de suas atividades de fiscaliza\u00e7\u00e3o do Tr\u00e1fego Aquavi\u00e1rio e Salvaguarda da vida humana na regi\u00e3o do Baixo S\u00e3o Francisco&#8221;, justificou o capit\u00e3o-tenente Rafael Velasques.<\/span><\/p>\n","protected":false},"excerpt":{"rendered":"<p> [&hellip;]<\/p>\n","protected":false},"author":5,"featured_media":15127,"comment_status":"open","ping_status":"open","sticky":false,"template":"","format":"standard","meta":{"om_disable_all_campaigns":false,"_monsterinsights_skip_tracking":false,"_monsterinsights_sitenote_active":false,"_monsterinsights_sitenote_note":"","_monsterinsights_sitenote_category":0,"_uf_show_specific_survey":0,"_uf_disable_surveys":false,"footnotes":""},"categories":[2],"tags":[],"class_list":["post-15126","post","type-post","status-publish","format-standard","has-post-thumbnail","hentry","category-not_mpal"],"aioseo_notices":[],"_links":{"self":[{"href":"https:\/\/www.mpal.mp.br\/index.php?rest_route=\/wp\/v2\/posts\/15126","targetHints":{"allow":["GET"]}}],"collection":[{"href":"https:\/\/www.mpal.mp.br\/index.php?rest_route=\/wp\/v2\/posts"}],"about":[{"href":"https:\/\/www.mpal.mp.br\/index.php?rest_route=\/wp\/v2\/types\/post"}],"author":[{"embeddable":true,"href":"https:\/\/www.mpal.mp.br\/index.php?rest_route=\/wp\/v2\/users\/5"}],"replies":[{"embeddable":true,"href":"https:\/\/www.mpal.mp.br\/index.php?rest_route=%2Fwp%2Fv2%2Fcomments&post=15126"}],"version-history":[{"count":1,"href":"https:\/\/www.mpal.mp.br\/index.php?rest_route=\/wp\/v2\/posts\/15126\/revisions"}],"predecessor-version":[{"id":15128,"href":"https:\/\/www.mpal.mp.br\/index.php?rest_route=\/wp\/v2\/posts\/15126\/revisions\/15128"}],"wp:featuredmedia":[{"embeddable":true,"href":"https:\/\/www.mpal.mp.br\/index.php?rest_route=\/wp\/v2\/media\/15127"}],"wp:attachment":[{"href":"https:\/\/www.mpal.mp.br\/index.php?rest_route=%2Fwp%2Fv2%2Fmedia&parent=15126"}],"wp:term":[{"taxonomy":"category","embeddable":true,"href":"https:\/\/www.mpal.mp.br\/index.php?rest_route=%2Fwp%2Fv2%2Fcategories&post=15126"},{"taxonomy":"post_tag","embeddable":true,"href":"https:\/\/www.mpal.mp.br\/index.php?rest_route=%2Fwp%2Fv2%2Ftags&post=15126"}],"curies":[{"name":"wp","href":"https:\/\/api.w.org\/{rel}","templated":true}]}}