{"id":15070,"date":"2016-03-04T08:56:24","date_gmt":"2016-03-04T11:56:24","guid":{"rendered":"https:\/\/www.mpal.mp.br\/?p=15070"},"modified":"2022-08-08T08:57:20","modified_gmt":"2022-08-08T11:57:20","slug":"promotoria-de-defesa-do-meio-ambiente-firma-tac-com-casal-para-recuperar-ete-do-benedito-bentes-companhia-devera-dar-inicio-ao-sistema-de-esgotamento-ate-abril-2018","status":"publish","type":"post","link":"https:\/\/www.mpal.mp.br\/?p=15070","title":{"rendered":"Promotoria de Defesa do Meio Ambiente firma TAC com Casal para recuperar ETE do Benedito Bentes; Companhia dever\u00e1 dar in\u00edcio ao sistema de esgotamento at\u00e9 abril 2018"},"content":{"rendered":"<p style=\"text-align: justify;\"><span style=\"font-size: 14pt;\">O Minist\u00e9rio P\u00fablico do Estado de Alagoas, por meio da 4\u00aa Promotoria de Justi\u00e7a da Capital (Defesa do Meio Ambiente), firmou um termo de compromisso de ajustamento de conduta com a Companhia de Saneamento de Alagoas (Casal) para recuperar o Sistema de Esgotamento Sanit\u00e1rio (ETE) do bairro Benedito Bentes, em Macei\u00f3. O acordo tamb\u00e9m definiu medidas para garantir a opera\u00e7\u00e3o e manuten\u00e7\u00e3o da maquinaria nas etapas de condicionamento e lan\u00e7amento de efluentes tratados no Riacho Doce, de modo atender a legisla\u00e7\u00e3o vigente.<\/span><\/p>\n<p style=\"text-align: justify;\"><span style=\"font-size: 14pt;\">Segundo o TAC, a Casal implantar\u00e1 uma nova esta\u00e7\u00e3o de tratamento de esgotos com tecnologia moderna, mediante o uso do processo de lodo ativado. O objetivo do m\u00e9todo \u00e9 garantir maior efic\u00e1cia na remo\u00e7\u00e3o da carga org\u00e2nica, de forma legal e ambientalmente adequado. A companhia ter\u00e1 at\u00e9 o dia 30 de abril de 2018 para concluir e dar in\u00edcio \u00e0 opera\u00e7\u00e3o da nova esta\u00e7\u00e3o. Al\u00e9m disso, ela dever\u00e1 apresentar relat\u00f3rio mensal de monitoramento dos efluentes tratados e do sistema de lagoas existente at\u00e9 a mesma data do ano seguinte.<\/span><\/p>\n<p style=\"text-align: justify;\"><span style=\"font-size: 14pt;\">Na audi\u00eancia p\u00fablica comandada pelo promotor de Justi\u00e7a Alberto Fonseca, a Casal tamb\u00e9m se comprometeu a realizar a\u00e7\u00f5es de educa\u00e7\u00e3o ambiental junto \u00e0 comunidade local, a fim de conscientiz\u00e1-la dos efeitos danosos causados ao meio ambiente pelas liga\u00e7\u00f5es clandestinas de esgoto. \u201cS\u00e3o exemplos dessas consequ\u00eancias o transbordamento e polui\u00e7\u00e3o do subsolo, lagoas de capta\u00e7\u00e3o, praias e rios, que comprometem os servi\u00e7os de tratamento de esgoto e atinge a qualidade de vida de toda popula\u00e7\u00e3o\u201d, explica o promotor, que destacou o fato da companhia ter trinta dias para apresentar projeto executivo das a\u00e7\u00f5es de educa\u00e7\u00e3o ambiental e 26 meses para execut\u00e1-lo.<\/span><\/p>\n<p style=\"text-align: justify;\"><span style=\"font-size: 14pt;\">\u201cO termo de ajustamento de conduta representa uma alternativa concreta e avan\u00e7o na quest\u00e3o da recupera\u00e7\u00e3o, prote\u00e7\u00e3o e preserva\u00e7\u00e3o dos recursos h\u00eddricos da regi\u00e3o. Ele busca fazer com que os dirigentes e colaboradores da Casal tomem se engajem diretamente na responsabilidade pela melhoria da qualidade de vida, mediante o respeito aos regramentos legais e a realiza\u00e7\u00e3o de processo de educa\u00e7\u00e3o ambienta junto \u00e0 comunidade\u201d, completa o titular da 4\u00aa Promotoria de Justi\u00e7a da Capital.<\/span><\/p>\n<p style=\"text-align: justify;\"><span style=\"font-size: 14pt;\">O descumprimento de qualquer cl\u00e1usula do TAC implicar\u00e1 no pagamento de multa di\u00e1ria no valor de R$ 5 mil, sem preju\u00edzo de poss\u00edvel responsabiliza\u00e7\u00e3o administrativa e\/ou criminal de atos daqueles que atentem contra as obriga\u00e7\u00f5es descritas no termo. Na reuni\u00e3o de assinatura do TAC, estiveram presentes o presidente da Casal, Wilde C\u00e1ssio, e o advogado da companhia, Walmar Paes. O termo de ajustamento de conduta foi publicado no Di\u00e1rio Oficial do Estado no dia 02 de mar\u00e7o.<\/span><\/p>\n","protected":false},"excerpt":{"rendered":"<p> [&hellip;]<\/p>\n","protected":false},"author":5,"featured_media":15071,"comment_status":"open","ping_status":"open","sticky":false,"template":"","format":"standard","meta":{"om_disable_all_campaigns":false,"_monsterinsights_skip_tracking":false,"_monsterinsights_sitenote_active":false,"_monsterinsights_sitenote_note":"","_monsterinsights_sitenote_category":0,"_uf_show_specific_survey":0,"_uf_disable_surveys":false,"footnotes":""},"categories":[2],"tags":[],"class_list":["post-15070","post","type-post","status-publish","format-standard","has-post-thumbnail","hentry","category-not_mpal"],"aioseo_notices":[],"_links":{"self":[{"href":"https:\/\/www.mpal.mp.br\/index.php?rest_route=\/wp\/v2\/posts\/15070","targetHints":{"allow":["GET"]}}],"collection":[{"href":"https:\/\/www.mpal.mp.br\/index.php?rest_route=\/wp\/v2\/posts"}],"about":[{"href":"https:\/\/www.mpal.mp.br\/index.php?rest_route=\/wp\/v2\/types\/post"}],"author":[{"embeddable":true,"href":"https:\/\/www.mpal.mp.br\/index.php?rest_route=\/wp\/v2\/users\/5"}],"replies":[{"embeddable":true,"href":"https:\/\/www.mpal.mp.br\/index.php?rest_route=%2Fwp%2Fv2%2Fcomments&post=15070"}],"version-history":[{"count":1,"href":"https:\/\/www.mpal.mp.br\/index.php?rest_route=\/wp\/v2\/posts\/15070\/revisions"}],"predecessor-version":[{"id":15072,"href":"https:\/\/www.mpal.mp.br\/index.php?rest_route=\/wp\/v2\/posts\/15070\/revisions\/15072"}],"wp:featuredmedia":[{"embeddable":true,"href":"https:\/\/www.mpal.mp.br\/index.php?rest_route=\/wp\/v2\/media\/15071"}],"wp:attachment":[{"href":"https:\/\/www.mpal.mp.br\/index.php?rest_route=%2Fwp%2Fv2%2Fmedia&parent=15070"}],"wp:term":[{"taxonomy":"category","embeddable":true,"href":"https:\/\/www.mpal.mp.br\/index.php?rest_route=%2Fwp%2Fv2%2Fcategories&post=15070"},{"taxonomy":"post_tag","embeddable":true,"href":"https:\/\/www.mpal.mp.br\/index.php?rest_route=%2Fwp%2Fv2%2Ftags&post=15070"}],"curies":[{"name":"wp","href":"https:\/\/api.w.org\/{rel}","templated":true}]}}