{"id":15067,"date":"2016-03-29T08:55:37","date_gmt":"2016-03-29T11:55:37","guid":{"rendered":"https:\/\/www.mpal.mp.br\/?p=15067"},"modified":"2022-08-08T08:56:15","modified_gmt":"2022-08-08T11:56:15","slug":"promotoria-do-meio-ambiente-requisita-novas-fiscalizacoes-em-avicolas-de-maceio-estabelecimentos-estariam-desrespeitando-normas-ambientais-e-de-sanitarias","status":"publish","type":"post","link":"https:\/\/www.mpal.mp.br\/?p=15067","title":{"rendered":"Promotoria do Meio Ambiente requisita novas fiscaliza\u00e7\u00f5es em av\u00edcolas de Macei\u00f3; estabelecimentos estariam desrespeitando normas ambientais e de sanit\u00e1rias"},"content":{"rendered":"<p style=\"text-align: justify;\"><span style=\"font-size: 14pt;\">Numa nova reuni\u00e3o ocorrida no final da manh\u00e3 desta ter\u00e7a-feira (29), o Minist\u00e9rio P\u00fablico Estadual de Alagoas (MPE\/AL) solicitou \u00e0 Ag\u00eancia de Defesa Agropecu\u00e1ria de Alagoas (Adeal) novas fiscaliza\u00e7\u00f5es em av\u00edcolas que continuam insistindo na pr\u00e1tica de abate clandestino em Macei\u00f3. O resultado dessas inspe\u00e7\u00f5es ser\u00e3o juntados aos autos do inqu\u00e9rito civil instaurado para apurar den\u00fancias sobre essa atividade ilegal que est\u00e1 acontecendo em mais de 100 estabelecimentos na capital alagoana.<\/span><\/p>\n<p style=\"text-align: justify;\"><span style=\"font-size: 14pt;\">Os empreendimentos a serem visitados constam na lista entregue pela Vigil\u00e2ncia Sanit\u00e1ria de Macei\u00f3 ao N\u00facleo de Defesa do Meio Ambiente do MPE\/AL. Tal listagem foi solicitada pelo promotor de Justi\u00e7a Alberto Fonseca, que quer mapear quais s\u00e3o os estabelecimentos comerciais que est\u00e3o funcionando em desconformidade com a lei. \u201cPelo que pudemos constatar at\u00e9 o momento, s\u00e3o av\u00edcolas que praticam o abate e, na sequ\u00eancia, vende os animais no mesmo espa\u00e7o, desrespeitando as normas sanit\u00e1rias, de higiene e ambientais. Vale salientar que elas n\u00e3o possuem registros nos \u00f3rg\u00e3os de fiscaliza\u00e7\u00e3o e nem as devidas licen\u00e7as que s\u00e3o expedidas pela Secretaria Municipal de Prote\u00e7\u00e3o ao Meio Ambiente (Sempma)\u201d, destacou o promotor.<\/span><\/p>\n<p style=\"text-align: justify;\"><span style=\"font-size: 14pt;\"><strong>Novas fiscaliza\u00e7\u00f5es<\/strong><\/span><\/p>\n<p style=\"text-align: justify;\"><span style=\"font-size: 14pt;\">Caber\u00e1 a Adeal inspecionar as condi\u00e7\u00f5es higi\u00eanico-sanit\u00e1rias dos empreendimentos no que se refere ao abate. O \u00f3rg\u00e3o vai preparar uma escala de visitas e come\u00e7ar o trabalho ainda esta semana.<\/span><\/p>\n<p style=\"text-align: justify;\"><span style=\"font-size: 14pt;\">A Vigil\u00e2ncia Sanit\u00e1ria de Macei\u00f3 tamb\u00e9m ter\u00e1 que realizar fiscaliza\u00e7\u00f5es, por\u00e9m, seu foco ser\u00e3o as condi\u00e7\u00f5es sanit\u00e1rias dos im\u00f3veis no tocante ao com\u00e9rcio das aves.<\/span><\/p>\n<p style=\"text-align: justify;\"><span style=\"font-size: 14pt;\"><strong>O in\u00edcio da investiga\u00e7\u00e3o<\/strong><\/span><\/p>\n<p style=\"text-align: justify;\"><span style=\"font-size: 14pt;\">A apura\u00e7\u00e3o da Promotoria de Justi\u00e7a do Meio Ambiente sobre o funcionamento de av\u00edcolas clandestinas em Macei\u00f3 teve in\u00edcio em setembro \u00faltimo, quando uma moradora do bairro Santos Dumont denunciou a atividade ilegal de um estabelecimento nas proximidades da sua casa. A autora da representa\u00e7\u00e3o alegou que o com\u00e9rcio jogava esgoto num c\u00f3rrego, cujos efluentes continuam sangue, penas e restos de aves.<\/span><\/p>\n<p style=\"text-align: justify;\"><span style=\"font-size: 14pt;\">Ap\u00f3s a instaura\u00e7\u00e3o do inqu\u00e9rito civil, o promotor Alberto Fonseca promoveu uma s\u00e9rie de medidas: requisitou \u00e0 Vigil\u00e2ncia Sanit\u00e1ria uma lista com os nomes das av\u00edcolas em funcionamento em Macei\u00f3, come\u00e7ou a solicitar fiscaliza\u00e7\u00f5es nesses estabelecimentos e pediu \u00e0 SMCCU para averiguar se tais locais est\u00e3o dentro das exig\u00eancias urban\u00edsticas previstas em lei.<\/span><\/p>\n","protected":false},"excerpt":{"rendered":"<p> [&hellip;]<\/p>\n","protected":false},"author":5,"featured_media":15068,"comment_status":"open","ping_status":"open","sticky":false,"template":"","format":"standard","meta":{"om_disable_all_campaigns":false,"_monsterinsights_skip_tracking":false,"_monsterinsights_sitenote_active":false,"_monsterinsights_sitenote_note":"","_monsterinsights_sitenote_category":0,"_uf_show_specific_survey":0,"_uf_disable_surveys":false,"footnotes":""},"categories":[2],"tags":[],"class_list":["post-15067","post","type-post","status-publish","format-standard","has-post-thumbnail","hentry","category-not_mpal"],"aioseo_notices":[],"_links":{"self":[{"href":"https:\/\/www.mpal.mp.br\/index.php?rest_route=\/wp\/v2\/posts\/15067","targetHints":{"allow":["GET"]}}],"collection":[{"href":"https:\/\/www.mpal.mp.br\/index.php?rest_route=\/wp\/v2\/posts"}],"about":[{"href":"https:\/\/www.mpal.mp.br\/index.php?rest_route=\/wp\/v2\/types\/post"}],"author":[{"embeddable":true,"href":"https:\/\/www.mpal.mp.br\/index.php?rest_route=\/wp\/v2\/users\/5"}],"replies":[{"embeddable":true,"href":"https:\/\/www.mpal.mp.br\/index.php?rest_route=%2Fwp%2Fv2%2Fcomments&post=15067"}],"version-history":[{"count":1,"href":"https:\/\/www.mpal.mp.br\/index.php?rest_route=\/wp\/v2\/posts\/15067\/revisions"}],"predecessor-version":[{"id":15069,"href":"https:\/\/www.mpal.mp.br\/index.php?rest_route=\/wp\/v2\/posts\/15067\/revisions\/15069"}],"wp:featuredmedia":[{"embeddable":true,"href":"https:\/\/www.mpal.mp.br\/index.php?rest_route=\/wp\/v2\/media\/15068"}],"wp:attachment":[{"href":"https:\/\/www.mpal.mp.br\/index.php?rest_route=%2Fwp%2Fv2%2Fmedia&parent=15067"}],"wp:term":[{"taxonomy":"category","embeddable":true,"href":"https:\/\/www.mpal.mp.br\/index.php?rest_route=%2Fwp%2Fv2%2Fcategories&post=15067"},{"taxonomy":"post_tag","embeddable":true,"href":"https:\/\/www.mpal.mp.br\/index.php?rest_route=%2Fwp%2Fv2%2Ftags&post=15067"}],"curies":[{"name":"wp","href":"https:\/\/api.w.org\/{rel}","templated":true}]}}