{"id":15063,"date":"2016-04-14T08:54:47","date_gmt":"2016-04-14T11:54:47","guid":{"rendered":"https:\/\/www.mpal.mp.br\/?p=15063"},"modified":"2022-08-08T08:55:28","modified_gmt":"2022-08-08T11:55:28","slug":"mpe-al-articula-criacao-de-forum-estadual-de-combate-aos-impactos-dos-agrotoxicos","status":"publish","type":"post","link":"https:\/\/www.mpal.mp.br\/?p=15063","title":{"rendered":"MPE\/AL articula cria\u00e7\u00e3o de f\u00f3rum estadual de combate aos impactos dos agrot\u00f3xicos"},"content":{"rendered":"<div class=\"content-wrapper-1\">\n<div class=\"content-wrapper-2\">\n<div id=\"mainmiddle\">\n<div id=\"mainmiddle-expand\">\n<div id=\"content\">\n<div id=\"content-shift\">\n<div class=\"floatbox\">\n<div class=\"joomla \">\n<div class=\"article\">\n<div id=\"articlepxfontsize1\">\n<p style=\"text-align: justify;\"><span style=\"font-size: 14pt;\">A 5\u00aa Promotoria de Justi\u00e7a da Capital reuniu, nesta quinta-feira (14), quatro \u00f3rg\u00e3os p\u00fablicos estrat\u00e9gicos para discutir a cria\u00e7\u00e3o de um f\u00f3rum estadual de combate aos impactos dos agrot\u00f3xicos. Estiveram presentes na audi\u00eancia representantes do Minist\u00e9rio P\u00fablico Federal em Alagoas (MPF\/AL), Ag\u00eancia de Defesa e Inspe\u00e7\u00e3o Agropecu\u00e1ria de Alagoas (Adeal), Instituto do Meio Ambiente (IMA) e Conselho Regional de Engenharia e Agronomia do Estado de Alagoas (Crea-AL).<\/span><\/p>\n<p style=\"text-align: justify;\"><span style=\"font-size: 14pt;\">O Minist\u00e9rio P\u00fablico do Estado de Alagoas (MPE\/AL) aumentou sua preocupa\u00e7\u00e3o com o uso indiscriminado dos defensivos agr\u00edcolas ap\u00f3s a realiza\u00e7\u00e3o das quatro primeiras etapas da Fiscaliza\u00e7\u00e3o Preventiva Integrada da Bacia Hidrogr\u00e1fica do Rio S\u00e3o Francisco (FPI do S\u00e3o Francisco). Na ocasi\u00e3o, as institui\u00e7\u00f5es que comp\u00f5em a Fiscaliza\u00e7\u00e3o constataram a falta de conhecimento da popula\u00e7\u00e3o a respeito dos riscos envolvidos pela utiliza\u00e7\u00e3o dos produtos qu\u00edmicos.<\/span><\/p>\n<p style=\"text-align: justify;\"><span style=\"font-size: 14pt;\">\u201cA popula\u00e7\u00e3o reaproveitava as bombonas de agrot\u00f3xicos para armazenamento de \u00e1gua, inclusive para consumo humano, o que est\u00e1 diretamente ligado \u00e0 incid\u00eancia de c\u00e2ncer. Vale lembrar que o problema dos defensivos agr\u00edcolas \u00e9 de todos, pois o uso destes produtos qu\u00edmicos vai se refletir na qualidade da \u00e1gua dos nossos mananciais e na qualidade dos alimentos que chegam \u00e0s nossas mesas\u201d, disse a promotora de Justi\u00e7a Lav\u00ednia Fragoso.<\/span><\/p>\n<p style=\"text-align: justify;\"><span style=\"font-size: 14pt;\">Na reuni\u00e3o de hoje, a titular da 5\u00aa Promotoria de Justi\u00e7a da Capital apresentou experi\u00eancias de outras iniciativas estaduais similares. Em Alagoas, o espa\u00e7o ter\u00e1 uma abrang\u00eancia estadual e ser\u00e1 coordenado pelos Minist\u00e9rios P\u00fablicos Estadual, Federal e do Trabalho, que ficar\u00e3o respons\u00e1veis por fomentar as discuss\u00f5es em torno da implementa\u00e7\u00e3o do f\u00f3rum. O Crea\/AL se colocou \u00e0 disposi\u00e7\u00e3o para fazer a secretaria-executiva, enquanto o f\u00f3rum nacional deve apoiar a organiza\u00e7\u00e3o local.<\/span><\/p>\n<p style=\"text-align: justify;\"><span style=\"font-size: 14pt;\"><strong>Pr\u00f3ximo encontro<\/strong><\/span><\/p>\n<p style=\"text-align: justify;\"><span style=\"font-size: 14pt;\">Uma nova reuni\u00e3o deve ocorrer no dia 24 de maio, \u00e0s 14h, na sede do Conselho Regional. Ser\u00e3o convidados para o encontro representantes da Assembleia Legislativa do Estado de Alagoas, Secretaria de Estado da Agricultura do Estado de Alagoas, Instituto de Inova\u00e7\u00e3o para o Desenvolvimento Rural Sustent\u00e1vel de Alagoas (Emater), Casal, Federa\u00e7\u00e3o dos Trabalhadores na Agricultura do Estado de Alagoas, Ibama, INSS, Minist\u00e9rio P\u00fablico do Trabalho e Secretaria Estadual do Trabalho, Emprego e Esporte.<\/span><\/p>\n<p style=\"text-align: justify;\"><span style=\"font-size: 14pt;\">Tamb\u00e9m ser\u00e3o convidados a Secretaria Estadual de Sa\u00fade, Secretaria de Estado de Agricultura, Sindicato dos Trabalhadores do Setor P\u00fablico Agr\u00edcola e Ambiental de Alagoas, Minist\u00e9rio da Agricultura, Pecu\u00e1ria e Abastecimento, Superintend\u00eancia Regional do Trabalho e Emprego em Alagoas, Ufal, Ifal, Uneal, Empresa Brasileira de Pesquisa Agropecu\u00e1ria, Minist\u00e9rio do Desenvolvimento Agr\u00e1rio, Instituto Terra Viva, Associa\u00e7\u00e3o dos Munic\u00edpios de Alagoas, Sebrae\/AL, OAB, Federa\u00e7\u00e3o da Agricultura e Pecu\u00e1ria no Estado de Alagoas e Conselho de Nutricionistas de Alagoas, al\u00e9m das entidades que participaram da audi\u00eancia de hoje.<\/span><\/p>\n<\/div>\n<\/div>\n<\/div>\n<\/div>\n<\/div>\n<\/div>\n<\/div>\n<\/div>\n<\/div>\n<\/div>\n<div class=\"content-wrapper-b1\">\n<div class=\"content-wrapper-b2\" style=\"text-align: justify;\"><\/div>\n<\/div>\n","protected":false},"excerpt":{"rendered":"<p> [&hellip;]<\/p>\n","protected":false},"author":5,"featured_media":15065,"comment_status":"open","ping_status":"open","sticky":false,"template":"","format":"standard","meta":{"om_disable_all_campaigns":false,"_monsterinsights_skip_tracking":false,"_monsterinsights_sitenote_active":false,"_monsterinsights_sitenote_note":"","_monsterinsights_sitenote_category":0,"_uf_show_specific_survey":0,"_uf_disable_surveys":false,"footnotes":""},"categories":[2],"tags":[],"class_list":["post-15063","post","type-post","status-publish","format-standard","has-post-thumbnail","hentry","category-not_mpal"],"aioseo_notices":[],"_links":{"self":[{"href":"https:\/\/www.mpal.mp.br\/index.php?rest_route=\/wp\/v2\/posts\/15063","targetHints":{"allow":["GET"]}}],"collection":[{"href":"https:\/\/www.mpal.mp.br\/index.php?rest_route=\/wp\/v2\/posts"}],"about":[{"href":"https:\/\/www.mpal.mp.br\/index.php?rest_route=\/wp\/v2\/types\/post"}],"author":[{"embeddable":true,"href":"https:\/\/www.mpal.mp.br\/index.php?rest_route=\/wp\/v2\/users\/5"}],"replies":[{"embeddable":true,"href":"https:\/\/www.mpal.mp.br\/index.php?rest_route=%2Fwp%2Fv2%2Fcomments&post=15063"}],"version-history":[{"count":1,"href":"https:\/\/www.mpal.mp.br\/index.php?rest_route=\/wp\/v2\/posts\/15063\/revisions"}],"predecessor-version":[{"id":15066,"href":"https:\/\/www.mpal.mp.br\/index.php?rest_route=\/wp\/v2\/posts\/15063\/revisions\/15066"}],"wp:featuredmedia":[{"embeddable":true,"href":"https:\/\/www.mpal.mp.br\/index.php?rest_route=\/wp\/v2\/media\/15065"}],"wp:attachment":[{"href":"https:\/\/www.mpal.mp.br\/index.php?rest_route=%2Fwp%2Fv2%2Fmedia&parent=15063"}],"wp:term":[{"taxonomy":"category","embeddable":true,"href":"https:\/\/www.mpal.mp.br\/index.php?rest_route=%2Fwp%2Fv2%2Fcategories&post=15063"},{"taxonomy":"post_tag","embeddable":true,"href":"https:\/\/www.mpal.mp.br\/index.php?rest_route=%2Fwp%2Fv2%2Ftags&post=15063"}],"curies":[{"name":"wp","href":"https:\/\/api.w.org\/{rel}","templated":true}]}}