{"id":15056,"date":"2016-06-07T08:53:08","date_gmt":"2016-06-07T11:53:08","guid":{"rendered":"https:\/\/www.mpal.mp.br\/?p=15056"},"modified":"2022-08-08T08:53:51","modified_gmt":"2022-08-08T11:53:51","slug":"em-visita-ao-mpe-al-estudantes-conhecem-atuacao-do-orgao-na-defesa-do-meio-ambiente","status":"publish","type":"post","link":"https:\/\/www.mpal.mp.br\/?p=15056","title":{"rendered":"Em visita ao MPE\/AL, estudantes conhecem atua\u00e7\u00e3o do \u00f3rg\u00e3o na defesa do meio ambiente"},"content":{"rendered":"<p style=\"text-align: justify;\"><span style=\"font-size: 14pt;\">O N\u00facleo de Defesa do Meio Ambiente do Minist\u00e9rio P\u00fablico do Estado de Alagoas (MPE\/AL) recebeu, nesta ter\u00e7a-feira (7), integrantes do Clube dos Desbravadores Cria\u00e7\u00e3o, que atua junto a estudantes de 10 a 15 anos de escolas do Conjunto Frei Dami\u00e3o, no Benedito Bentes. Eles foram recebidos pela equipe de membros, servidores e colaboradores do n\u00facleo, que falou sobre o papel do \u00f3rg\u00e3o estadual na prote\u00e7\u00e3o da natureza em Alagoas.<\/span><\/p>\n<p style=\"text-align: justify;\"><span style=\"font-size: 14pt;\">Devidamente vestidos com o fardamento de desbravador, os jovens aprenderam como acionar o Minist\u00e9rio P\u00fablico e formular uma den\u00fancia. A estudante Thalia da Silva, 14 anos, pode agora falar para seus familiares e amigos um pouco mais sobre a import\u00e2ncia de se preservar a flora, fauna e os recursos naturais. \u201cSe n\u00e3o cuidarmos agora do meio ambiente, n\u00f3s mesmos seremos prejudicados mais tarde\u201d, disse.<\/span><\/p>\n<p style=\"text-align: justify;\"><span style=\"font-size: 14pt;\">Uma das fontes que ajudou Thalia a formar opini\u00e3o foi o promotor de Justi\u00e7a Alberto Fonseca, que descreveu o Minist\u00e9rio P\u00fablico como a institui\u00e7\u00e3o defensora da cidadania. \u201cEntre os diversos direitos que nos fazem cidad\u00e3os, encontra-se o do meio ambiente ecologicamente equilibrado. Para isso, atuamos no combate \u00e0 polui\u00e7\u00e3o, prote\u00e7\u00e3o \u00e0 flora e fauna, preserva\u00e7\u00e3o dos recursos h\u00eddricos. Fazemos um trabalho n\u00e3o s\u00f3 de repress\u00e3o, mas tamb\u00e9m de recupera\u00e7\u00e3o daquilo que foi perdido\u201d, explicou.<\/span><\/p>\n<p style=\"text-align: justify;\"><span style=\"font-size: 14pt;\">A promotora de Justi\u00e7a Lav\u00ednia Fragoso refor\u00e7ou a import\u00e2ncia dos jovens disseminarem o conhecimento para que a sociedade tamb\u00e9m atue como fiscal da lei, principalmente quando o assunto \u00e9 natureza. \u201cCada um de voc\u00eas deve compartilhar as informa\u00e7\u00f5es que aprenderam hoje junto \u00e0 comunidade, passando a ser, assim, um multiplicador de conhecimento\u201d, afirmou.<\/span><\/p>\n<p style=\"text-align: justify;\"><span style=\"font-size: 14pt;\">Todos os desbravadores receberam o kit dos \u201cGuardi\u00f5es da Natureza\u201d, que costuma ser entregue aos estudantes durante as etapas da Fiscaliza\u00e7\u00e3o Preventiva Integrada na Bacia Hidrogr\u00e1fica do Rio S\u00e3o Francisco.<\/span><\/p>\n<p style=\"text-align: justify;\"><span style=\"font-size: 14pt;\"><strong>Os desbravadores<\/strong><\/span><\/p>\n<p style=\"text-align: justify;\"><span style=\"font-size: 14pt;\">O diretor do Clube dos Desbravadores Cria\u00e7\u00e3o, Luciano Barbosa da Silva, foi o respons\u00e1vel por levar os jovens ao Minist\u00e9rio P\u00fablico. Ele destacou o fato de agrupamentos como esse existirem h\u00e1 mais de 40 anos, em v\u00e1rios pa\u00edses, com o objetivo de discutir a preserva\u00e7\u00e3o do meio ambiente, bem como as rela\u00e7\u00f5es de solidariedade. \u201cN\u00f3s nos reunimos para ajudar no desenvolvimento f\u00edsico, mental e espiritual desses meninos e meninas, com diversas atividades junto \u00e0 natureza e assist\u00eancia social\u201d, afirma.<\/span><\/p>\n<p style=\"text-align: justify;\"><span style=\"font-size: 14pt;\">A visita ao MPE\/AL faz parte de uma das tarefas que todos os clubes de desbravadores do estado devem cumprir para participar do Campuri, que \u00e9 uma esp\u00e9cie de gincana de \u00e1rea a ser realizado no Parque de Exposi\u00e7\u00f5es Agropecu\u00e1ria de Macei\u00f3, em outubro. Os jovens tamb\u00e9m visitar\u00e3o orfanatos, doar\u00e3o sangue e livros e prestar\u00e3o servi\u00e7os comunit\u00e1rios. \u201cQuanto mais tarefas cumpridas, mais pontos para o grupo\u201d, completou o diretor.<\/span><\/p>\n","protected":false},"excerpt":{"rendered":"<p> [&hellip;]<\/p>\n","protected":false},"author":5,"featured_media":15057,"comment_status":"open","ping_status":"open","sticky":false,"template":"","format":"standard","meta":{"om_disable_all_campaigns":false,"_monsterinsights_skip_tracking":false,"_monsterinsights_sitenote_active":false,"_monsterinsights_sitenote_note":"","_monsterinsights_sitenote_category":0,"_uf_show_specific_survey":0,"_uf_disable_surveys":false,"footnotes":""},"categories":[2],"tags":[],"class_list":["post-15056","post","type-post","status-publish","format-standard","has-post-thumbnail","hentry","category-not_mpal"],"aioseo_notices":[],"_links":{"self":[{"href":"https:\/\/www.mpal.mp.br\/index.php?rest_route=\/wp\/v2\/posts\/15056","targetHints":{"allow":["GET"]}}],"collection":[{"href":"https:\/\/www.mpal.mp.br\/index.php?rest_route=\/wp\/v2\/posts"}],"about":[{"href":"https:\/\/www.mpal.mp.br\/index.php?rest_route=\/wp\/v2\/types\/post"}],"author":[{"embeddable":true,"href":"https:\/\/www.mpal.mp.br\/index.php?rest_route=\/wp\/v2\/users\/5"}],"replies":[{"embeddable":true,"href":"https:\/\/www.mpal.mp.br\/index.php?rest_route=%2Fwp%2Fv2%2Fcomments&post=15056"}],"version-history":[{"count":1,"href":"https:\/\/www.mpal.mp.br\/index.php?rest_route=\/wp\/v2\/posts\/15056\/revisions"}],"predecessor-version":[{"id":15058,"href":"https:\/\/www.mpal.mp.br\/index.php?rest_route=\/wp\/v2\/posts\/15056\/revisions\/15058"}],"wp:featuredmedia":[{"embeddable":true,"href":"https:\/\/www.mpal.mp.br\/index.php?rest_route=\/wp\/v2\/media\/15057"}],"wp:attachment":[{"href":"https:\/\/www.mpal.mp.br\/index.php?rest_route=%2Fwp%2Fv2%2Fmedia&parent=15056"}],"wp:term":[{"taxonomy":"category","embeddable":true,"href":"https:\/\/www.mpal.mp.br\/index.php?rest_route=%2Fwp%2Fv2%2Fcategories&post=15056"},{"taxonomy":"post_tag","embeddable":true,"href":"https:\/\/www.mpal.mp.br\/index.php?rest_route=%2Fwp%2Fv2%2Ftags&post=15056"}],"curies":[{"name":"wp","href":"https:\/\/api.w.org\/{rel}","templated":true}]}}